{"id":1070,"date":"2019-05-06T21:18:53","date_gmt":"2019-05-07T00:18:53","guid":{"rendered":"http:\/\/renatodias.online\/gyn\/?p=1070"},"modified":"2019-05-06T21:18:53","modified_gmt":"2019-05-07T00:18:53","slug":"espetaculo-the-best-of-tchaikovsky-sera-exibido-em-goiania","status":"publish","type":"post","link":"https:\/\/renatodias.online\/movimento\/2019\/05\/06\/espetaculo-the-best-of-tchaikovsky-sera-exibido-em-goiania\/","title":{"rendered":"Espet\u00e1culo The Best of Tchaikovsky ser\u00e1 exibido, em Goi\u00e2nia"},"content":{"rendered":"<p>\t\t\t\t<strong>Imperial Russian Ballet<\/strong><\/p>\n<figure id=\"attachment_1073\" aria-describedby=\"caption-attachment-1073\" style=\"width: 750px\" class=\"wp-caption aligncenter\"><img loading=\"lazy\" decoding=\"async\" src=\"http:\/\/renatodias.online\/gyn\/wp-content\/uploads\/2019\/05\/Lago-dos-Cisnes-37-1024x681.jpg\" alt=\"\" width=\"750\" height=\"499\" class=\"wp-image-1073 size-large\" \/><figcaption id=\"caption-attachment-1073\" class=\"wp-caption-text\">Cenas do espet\u00e1culo<\/figcaption><\/figure>\n<p><strong>Direto das terras de Lenin &amp; Trotski<\/strong><\/p>\n<p><strong>Espet\u00e1culo The Best of Tchaikovsky ser\u00e1 exibido, em Goi\u00e2nia, dia 12 de maio, 20h<\/strong><\/p>\n<p><strong>Especial<\/strong><\/p>\n<p><strong>\u00a0<\/strong><\/p>\n<p><strong>Renato Dias<\/strong><\/p>\n<p>O espet\u00e1culo \u2018The Best of Tchaikovsky\u2019 ser\u00e1 exibido, em Goi\u00e2nia, dia 12 de maio, \u00e0s 20h, no Teatro Rio Vermelho. Em seu repert\u00f3rio, trechos de \u2018O Lago dos Cisnes\u2019, \u2018A Bela Adormecida\u2019 e \u2018O Quebra-Nozes\u2019. O Imperial Russian Ballet, fundado em 1994, por\u00a0 Gediminas Taranda, estrela do Ballet Bolshoi de 1980 a 1993, n\u00e3o se apresentava \u00a0no Brasil h\u00e1 exatos nove anos.<\/p>\n<p><img loading=\"lazy\" decoding=\"async\" src=\"http:\/\/renatodias.online\/gyn\/wp-content\/uploads\/2019\/05\/ballet.jpg\" alt=\"\" width=\"737\" height=\"456\" class=\"aligncenter wp-image-1075\" \/><\/p>\n<p><strong>&#8211; A realiza\u00e7\u00e3o \u00e9 da <\/strong><strong>Art Rec Produ\u00e7\u00f5es. <\/strong><\/p>\n<p>O Imperial Russian Ballet re\u00fane, hoje, artistas oriundos das melhores escolas de bal\u00e9 do mundo. N\u00e3o custa lembrar: como a \u00d3pera de Paris, Teatro Mariinsk, Teatro Bolshoi e American Ballet Theatre.\u00a0 Ele representa a harmonia e integridade da Escola Russa de Bal\u00e9. Com a manuten\u00e7\u00e3o das tradi\u00e7\u00f5es e a continuidade daquilo que \u00e9 passado de gera\u00e7\u00e3o para gera\u00e7\u00e3o.<\/p>\n<p><strong>&#8211; A arte pela arte.<\/strong><\/p>\n<p><strong>Diretor art\u00edstico<\/strong><\/p>\n<p>Gediminas Taranda, diretor art\u00edstico do conjunto, \u00e9 o respons\u00e1vel por realizar as m\u00faltiplas vers\u00f5es que a companhia apresenta. As pe\u00e7as s\u00e3o baseadas nas coreografias originais. A principal tend\u00eancia \u00e9 o estilo cl\u00e1ssico. As apresenta\u00e7\u00f5es do grupo carregam ainda o estilo moderno. Fen\u00f4meno que teria sido pioneiro na velha R\u00fassia. Dos czares e das revolu\u00e7\u00f5es.<\/p>\n<figure id=\"attachment_1074\" aria-describedby=\"caption-attachment-1074\" style=\"width: 750px\" class=\"wp-caption aligncenter\"><img loading=\"lazy\" decoding=\"async\" src=\"http:\/\/renatodias.online\/gyn\/wp-content\/uploads\/2019\/05\/Quebra-Nozes-54-1024x683.jpg\" alt=\"\" width=\"750\" height=\"500\" class=\"wp-image-1074 size-large\" \/><figcaption id=\"caption-attachment-1074\" class=\"wp-caption-text\">Cenas do espet\u00e1culo<\/figcaption><\/figure>\n<p><strong>&#8211; O repert\u00f3rio \u00e9 montado fundado em uma combina\u00e7\u00e3o de explora\u00e7\u00f5es art\u00edsticas cl\u00e1ssicas e modernas.\u00a0<\/strong><\/p>\n<p><strong>Elenco de 28 artistas<\/strong><\/p>\n<p>O elenco possui 28 bailarinos. Com os solistas Ivan Zviagintsev, que j\u00e1 passou por companhias como Bolshoi, Russian Ballet Theatre e Russian National Ballet. Mais: Kseniia Pukhlovskaia, Russian Ballet Theatre e Russian National Ballet. Lina Sheveliova, Teatro Nacional de \u00d3pera e Bal\u00e9 da Mold\u00e1via. Nariman Bekzhanov, do Teatro de \u00d3pera e Bal\u00e9 Abay State, no Cazaquist\u00e3o<\/p>\n<p><strong>&#8211; No Imperial Russian Ballet, cada artista do grupo tem a chance de mostrar seu potencial criativo ao m\u00e1ximo. \u2018Imperial\u2019 \u00e9 o n\u00edvel mais alto na concep\u00e7\u00e3o do bal\u00e9 russo.<\/strong><\/p>\n<p><strong>Servi\u00e7o<\/strong><\/p>\n<p>Imperial Russian Ballet<\/p>\n<p>Data: 12 de maio de 2019<\/p>\n<p>Hor\u00e1rio: 20h<\/p>\n<p>Local: Teatro Rio Vermelho<\/p>\n<p><strong>Ficha T\u00e9cnica<\/strong><\/p>\n<p>Diretor Art\u00edstico: Gediminas Taranda<\/p>\n<p>Produ\u00e7\u00e3o Executiva: Elena Colesnicenco<\/p>\n<p>Solistas: Ivan Sviagintsev, Lina Sheveliova, Nariman Bekzhanov, Kseniia Pukhlouskaia<br \/>\nDura\u00e7\u00e3o: 1h45, com intervalo de 15 min.<\/p>\n<p><strong>Valor dos ingressos:<\/strong><\/p>\n<p>Plateia inferior:<\/p>\n<p><u>Setor Vip (Fila de A a M) <\/u><\/p>\n<p>R$ 240 (inteira) \/ R$ 120 (meia-entrada)<\/p>\n<p><u>Setor B (Fila de N a T) <\/u><\/p>\n<p>R$ 180 (inteira) \/ R$ 90 (meia-entrada)<\/p>\n<p>Plateia superior:<\/p>\n<p>R$ 100 (inteira) \/ R$ 50 (meia-entrada)<\/p>\n<p><strong>Ingressos \u00e0 venda:<\/strong><\/p>\n<p>Komiketo da T-4 (St Serrinha), Armaz\u00e9m do Livro (da Av. Goi\u00e1s e da Av. T-63) e pelo site <u><a href=\"http:\/\/www.eventim.com.br\">www.eventim.com.br<\/a><\/u><\/p>\n<p><strong>Informa\u00e7\u00f5es:<\/strong> 3219-3300\/3400\t\t<\/p>\n","protected":false},"excerpt":{"rendered":"<p>Imperial Russian Ballet Direto das terras de Lenin &amp; Trotski Espet\u00e1culo The Best of Tchaikovsky ser\u00e1 exibido, em Goi\u00e2nia, dia 12 de maio, 20h Especial \u00a0 Renato Dias O espet\u00e1culo \u2018The Best of Tchaikovsky\u2019 ser\u00e1 exibido, em Goi\u00e2nia, dia 12 de maio, \u00e0s 20h, no Teatro Rio Vermelho. Em seu repert\u00f3rio, trechos de \u2018O Lago<\/p>\n","protected":false},"author":2,"featured_media":1071,"comment_status":"open","ping_status":"open","sticky":false,"template":"","format":"standard","meta":{"_acf_changed":false,"_monsterinsights_skip_tracking":false,"_monsterinsights_sitenote_active":false,"_monsterinsights_sitenote_note":"","_monsterinsights_sitenote_category":0,"footnotes":""},"categories":[28,11],"tags":[],"class_list":["post-1070","post","type-post","status-publish","format-standard","has-post-thumbnail","hentry","category-cultura","category-eventos"],"acf":[],"yoast_head":"<!-- This site is optimized with the Yoast SEO plugin v27.4 - https:\/\/yoast.com\/product\/yoast-seo-wordpress\/ -->\n<title>Espet\u00e1culo The Best of Tchaikovsky ser\u00e1 exibido, em Goi\u00e2nia -<\/title>\n<meta name=\"robots\" content=\"index, follow, max-snippet:-1, max-image-preview:large, max-video-preview:-1\" \/>\n<link rel=\"canonical\" href=\"https:\/\/renatodias.online\/movimento\/2019\/05\/06\/espetaculo-the-best-of-tchaikovsky-sera-exibido-em-goiania\/\" \/>\n<meta property=\"og:locale\" content=\"pt_BR\" \/>\n<meta property=\"og:type\" content=\"article\" \/>\n<meta property=\"og:title\" content=\"Espet\u00e1culo The Best of Tchaikovsky ser\u00e1 exibido, em Goi\u00e2nia -\" \/>\n<meta property=\"og:description\" content=\"Imperial Russian Ballet Direto das terras de Lenin &amp; Trotski Espet\u00e1culo The Best of Tchaikovsky ser\u00e1 exibido, em Goi\u00e2nia, dia 12 de maio, 20h Especial \u00a0 Renato Dias O espet\u00e1culo \u2018The Best of Tchaikovsky\u2019 ser\u00e1 exibido, em Goi\u00e2nia, dia 12 de maio, \u00e0s 20h, no Teatro Rio Vermelho. Em seu repert\u00f3rio, trechos de \u2018O Lago\" \/>\n<meta property=\"og:url\" content=\"https:\/\/renatodias.online\/movimento\/2019\/05\/06\/espetaculo-the-best-of-tchaikovsky-sera-exibido-em-goiania\/\" \/>\n<meta property=\"article:publisher\" content=\"https:\/\/www.facebook.com\/renato.dias.37\" \/>\n<meta property=\"article:author\" content=\"https:\/\/www.facebook.com\/renato.dias.37\" \/>\n<meta property=\"article:published_time\" content=\"2019-05-07T00:18:53+00:00\" \/>\n<meta name=\"author\" content=\"Renato Dias\" \/>\n<meta name=\"twitter:card\" content=\"summary_large_image\" \/>\n<meta name=\"twitter:creator\" content=\"@RenatoDiasBat\" \/>\n<meta name=\"twitter:site\" content=\"@RenatoDiasBat\" \/>\n<meta name=\"twitter:label1\" content=\"Escrito por\" \/>\n\t<meta name=\"twitter:data1\" content=\"Renato Dias\" \/>\n\t<meta name=\"twitter:label2\" content=\"Est. tempo de leitura\" \/>\n\t<meta name=\"twitter:data2\" content=\"2 minutos\" \/>\n<script type=\"application\/ld+json\" class=\"yoast-schema-graph\">{\"@context\":\"https:\\\/\\\/schema.org\",\"@graph\":[{\"@type\":\"Article\",\"@id\":\"https:\\\/\\\/renatodias.online\\\/movimento\\\/2019\\\/05\\\/06\\\/espetaculo-the-best-of-tchaikovsky-sera-exibido-em-goiania\\\/#article\",\"isPartOf\":{\"@id\":\"https:\\\/\\\/renatodias.online\\\/movimento\\\/2019\\\/05\\\/06\\\/espetaculo-the-best-of-tchaikovsky-sera-exibido-em-goiania\\\/\"},\"author\":{\"name\":\"Renato Dias\",\"@id\":\"https:\\\/\\\/renatodias.online\\\/movimento\\\/#\\\/schema\\\/person\\\/bbab28833b1725a20f4083f49f1fb2a9\"},\"headline\":\"Espet\u00e1culo The Best of Tchaikovsky ser\u00e1 exibido, em Goi\u00e2nia\",\"datePublished\":\"2019-05-07T00:18:53+00:00\",\"mainEntityOfPage\":{\"@id\":\"https:\\\/\\\/renatodias.online\\\/movimento\\\/2019\\\/05\\\/06\\\/espetaculo-the-best-of-tchaikovsky-sera-exibido-em-goiania\\\/\"},\"wordCount\":485,\"commentCount\":0,\"publisher\":{\"@id\":\"https:\\\/\\\/renatodias.online\\\/movimento\\\/#\\\/schema\\\/person\\\/bbab28833b1725a20f4083f49f1fb2a9\"},\"image\":{\"@id\":\"https:\\\/\\\/renatodias.online\\\/movimento\\\/2019\\\/05\\\/06\\\/espetaculo-the-best-of-tchaikovsky-sera-exibido-em-goiania\\\/#primaryimage\"},\"thumbnailUrl\":\"\",\"articleSection\":[\"Cultura\",\"Eventos\"],\"inLanguage\":\"pt-BR\",\"potentialAction\":[{\"@type\":\"CommentAction\",\"name\":\"Comment\",\"target\":[\"https:\\\/\\\/renatodias.online\\\/movimento\\\/2019\\\/05\\\/06\\\/espetaculo-the-best-of-tchaikovsky-sera-exibido-em-goiania\\\/#respond\"]}]},{\"@type\":\"WebPage\",\"@id\":\"https:\\\/\\\/renatodias.online\\\/movimento\\\/2019\\\/05\\\/06\\\/espetaculo-the-best-of-tchaikovsky-sera-exibido-em-goiania\\\/\",\"url\":\"https:\\\/\\\/renatodias.online\\\/movimento\\\/2019\\\/05\\\/06\\\/espetaculo-the-best-of-tchaikovsky-sera-exibido-em-goiania\\\/\",\"name\":\"Espet\u00e1culo The Best of Tchaikovsky ser\u00e1 exibido, em Goi\u00e2nia -\",\"isPartOf\":{\"@id\":\"https:\\\/\\\/renatodias.online\\\/movimento\\\/#website\"},\"primaryImageOfPage\":{\"@id\":\"https:\\\/\\\/renatodias.online\\\/movimento\\\/2019\\\/05\\\/06\\\/espetaculo-the-best-of-tchaikovsky-sera-exibido-em-goiania\\\/#primaryimage\"},\"image\":{\"@id\":\"https:\\\/\\\/renatodias.online\\\/movimento\\\/2019\\\/05\\\/06\\\/espetaculo-the-best-of-tchaikovsky-sera-exibido-em-goiania\\\/#primaryimage\"},\"thumbnailUrl\":\"\",\"datePublished\":\"2019-05-07T00:18:53+00:00\",\"breadcrumb\":{\"@id\":\"https:\\\/\\\/renatodias.online\\\/movimento\\\/2019\\\/05\\\/06\\\/espetaculo-the-best-of-tchaikovsky-sera-exibido-em-goiania\\\/#breadcrumb\"},\"inLanguage\":\"pt-BR\",\"potentialAction\":[{\"@type\":\"ReadAction\",\"target\":[\"https:\\\/\\\/renatodias.online\\\/movimento\\\/2019\\\/05\\\/06\\\/espetaculo-the-best-of-tchaikovsky-sera-exibido-em-goiania\\\/\"]}]},{\"@type\":\"ImageObject\",\"inLanguage\":\"pt-BR\",\"@id\":\"https:\\\/\\\/renatodias.online\\\/movimento\\\/2019\\\/05\\\/06\\\/espetaculo-the-best-of-tchaikovsky-sera-exibido-em-goiania\\\/#primaryimage\",\"url\":\"\",\"contentUrl\":\"\"},{\"@type\":\"BreadcrumbList\",\"@id\":\"https:\\\/\\\/renatodias.online\\\/movimento\\\/2019\\\/05\\\/06\\\/espetaculo-the-best-of-tchaikovsky-sera-exibido-em-goiania\\\/#breadcrumb\",\"itemListElement\":[{\"@type\":\"ListItem\",\"position\":1,\"name\":\"In\u00edcio\",\"item\":\"https:\\\/\\\/renatodias.online\\\/movimento\\\/\"},{\"@type\":\"ListItem\",\"position\":2,\"name\":\"Espet\u00e1culo The Best of Tchaikovsky ser\u00e1 exibido, em Goi\u00e2nia\"}]},{\"@type\":\"WebSite\",\"@id\":\"https:\\\/\\\/renatodias.online\\\/movimento\\\/#website\",\"url\":\"https:\\\/\\\/renatodias.online\\\/movimento\\\/\",\"name\":\"\",\"description\":\"\",\"publisher\":{\"@id\":\"https:\\\/\\\/renatodias.online\\\/movimento\\\/#\\\/schema\\\/person\\\/bbab28833b1725a20f4083f49f1fb2a9\"},\"potentialAction\":[{\"@type\":\"SearchAction\",\"target\":{\"@type\":\"EntryPoint\",\"urlTemplate\":\"https:\\\/\\\/renatodias.online\\\/movimento\\\/?s={search_term_string}\"},\"query-input\":{\"@type\":\"PropertyValueSpecification\",\"valueRequired\":true,\"valueName\":\"search_term_string\"}}],\"inLanguage\":\"pt-BR\"},{\"@type\":[\"Person\",\"Organization\"],\"@id\":\"https:\\\/\\\/renatodias.online\\\/movimento\\\/#\\\/schema\\\/person\\\/bbab28833b1725a20f4083f49f1fb2a9\",\"name\":\"Renato Dias\",\"image\":{\"@type\":\"ImageObject\",\"inLanguage\":\"pt-BR\",\"@id\":\"https:\\\/\\\/renatodias.online\\\/movimento\\\/wp-content\\\/uploads\\\/2023\\\/03\\\/cropped-cropped-cropped-logofinal.jpeg\",\"url\":\"https:\\\/\\\/renatodias.online\\\/movimento\\\/wp-content\\\/uploads\\\/2023\\\/03\\\/cropped-cropped-cropped-logofinal.jpeg\",\"contentUrl\":\"https:\\\/\\\/renatodias.online\\\/movimento\\\/wp-content\\\/uploads\\\/2023\\\/03\\\/cropped-cropped-cropped-logofinal.jpeg\",\"width\":1280,\"height\":219,\"caption\":\"Renato Dias\"},\"logo\":{\"@id\":\"https:\\\/\\\/renatodias.online\\\/movimento\\\/wp-content\\\/uploads\\\/2023\\\/03\\\/cropped-cropped-cropped-logofinal.jpeg\"},\"description\":\"Renato Dias, 58 anos, \u00e9 graduado em Jornalismo, formado em Ci\u00eancias Sociais, com p\u00f3s-gradua\u00e7\u00e3o em Pol\u00edticas P\u00fablicas, mestre em Direito e Rela\u00e7\u00f5es Internacionais, ex-aluno extraordin\u00e1rio do Doutorado em Psicologia Social, ex-estudante do Curso de Psican\u00e1lise do Centro de Estudos Psicanal\u00edticos do Estado de Goi\u00e1s, ministrado pelo m\u00e9dico psiquiatra e psicanalista Daniel Em\u00eddio de Souza. \u00c9 autor de 30 livros-reportagem, oito document\u00e1rios, ganhou 30 pr\u00eamios e \u00e9 torcedor apaixonado do maior do Centro-Oeste, o Vila Nova Futebol Clube. Casado com Meirilane Dias, \u00e9 pai de Juliana Dias, jornalista; Daniel Dias, economista; e Maria Rosa Dias, estudante antifascista, socialista e trotskista.\u00a0Com tr\u00eas pets: Porquinho [Bull Dog Franc\u00eas], Dalila [Basset Hound] e Geleia [Basset Hound]. Al\u00e9m do eterno gato Tutuquinho, que virou estrela.\",\"sameAs\":[\"https:\\\/\\\/www.facebook.com\\\/renato.dias.37\",\"#breve\",\"https:\\\/\\\/renatodias.tumblr.com\\\/\"],\"url\":\"https:\\\/\\\/renatodias.online\\\/movimento\\\/author\\\/renatodias\\\/\"}]}<\/script>\n<!-- \/ Yoast SEO plugin. -->","yoast_head_json":{"title":"Espet\u00e1culo The Best of Tchaikovsky ser\u00e1 exibido, em Goi\u00e2nia -","robots":{"index":"index","follow":"follow","max-snippet":"max-snippet:-1","max-image-preview":"max-image-preview:large","max-video-preview":"max-video-preview:-1"},"canonical":"https:\/\/renatodias.online\/movimento\/2019\/05\/06\/espetaculo-the-best-of-tchaikovsky-sera-exibido-em-goiania\/","og_locale":"pt_BR","og_type":"article","og_title":"Espet\u00e1culo The Best of Tchaikovsky ser\u00e1 exibido, em Goi\u00e2nia -","og_description":"Imperial Russian Ballet Direto das terras de Lenin &amp; Trotski Espet\u00e1culo The Best of Tchaikovsky ser\u00e1 exibido, em Goi\u00e2nia, dia 12 de maio, 20h Especial \u00a0 Renato Dias O espet\u00e1culo \u2018The Best of Tchaikovsky\u2019 ser\u00e1 exibido, em Goi\u00e2nia, dia 12 de maio, \u00e0s 20h, no Teatro Rio Vermelho. Em seu repert\u00f3rio, trechos de \u2018O Lago","og_url":"https:\/\/renatodias.online\/movimento\/2019\/05\/06\/espetaculo-the-best-of-tchaikovsky-sera-exibido-em-goiania\/","article_publisher":"https:\/\/www.facebook.com\/renato.dias.37","article_author":"https:\/\/www.facebook.com\/renato.dias.37","article_published_time":"2019-05-07T00:18:53+00:00","author":"Renato Dias","twitter_card":"summary_large_image","twitter_creator":"@RenatoDiasBat","twitter_site":"@RenatoDiasBat","twitter_misc":{"Escrito por":"Renato Dias","Est. tempo de leitura":"2 minutos"},"schema":{"@context":"https:\/\/schema.org","@graph":[{"@type":"Article","@id":"https:\/\/renatodias.online\/movimento\/2019\/05\/06\/espetaculo-the-best-of-tchaikovsky-sera-exibido-em-goiania\/#article","isPartOf":{"@id":"https:\/\/renatodias.online\/movimento\/2019\/05\/06\/espetaculo-the-best-of-tchaikovsky-sera-exibido-em-goiania\/"},"author":{"name":"Renato Dias","@id":"https:\/\/renatodias.online\/movimento\/#\/schema\/person\/bbab28833b1725a20f4083f49f1fb2a9"},"headline":"Espet\u00e1culo The Best of Tchaikovsky ser\u00e1 exibido, em Goi\u00e2nia","datePublished":"2019-05-07T00:18:53+00:00","mainEntityOfPage":{"@id":"https:\/\/renatodias.online\/movimento\/2019\/05\/06\/espetaculo-the-best-of-tchaikovsky-sera-exibido-em-goiania\/"},"wordCount":485,"commentCount":0,"publisher":{"@id":"https:\/\/renatodias.online\/movimento\/#\/schema\/person\/bbab28833b1725a20f4083f49f1fb2a9"},"image":{"@id":"https:\/\/renatodias.online\/movimento\/2019\/05\/06\/espetaculo-the-best-of-tchaikovsky-sera-exibido-em-goiania\/#primaryimage"},"thumbnailUrl":"","articleSection":["Cultura","Eventos"],"inLanguage":"pt-BR","potentialAction":[{"@type":"CommentAction","name":"Comment","target":["https:\/\/renatodias.online\/movimento\/2019\/05\/06\/espetaculo-the-best-of-tchaikovsky-sera-exibido-em-goiania\/#respond"]}]},{"@type":"WebPage","@id":"https:\/\/renatodias.online\/movimento\/2019\/05\/06\/espetaculo-the-best-of-tchaikovsky-sera-exibido-em-goiania\/","url":"https:\/\/renatodias.online\/movimento\/2019\/05\/06\/espetaculo-the-best-of-tchaikovsky-sera-exibido-em-goiania\/","name":"Espet\u00e1culo The Best of Tchaikovsky ser\u00e1 exibido, em Goi\u00e2nia -","isPartOf":{"@id":"https:\/\/renatodias.online\/movimento\/#website"},"primaryImageOfPage":{"@id":"https:\/\/renatodias.online\/movimento\/2019\/05\/06\/espetaculo-the-best-of-tchaikovsky-sera-exibido-em-goiania\/#primaryimage"},"image":{"@id":"https:\/\/renatodias.online\/movimento\/2019\/05\/06\/espetaculo-the-best-of-tchaikovsky-sera-exibido-em-goiania\/#primaryimage"},"thumbnailUrl":"","datePublished":"2019-05-07T00:18:53+00:00","breadcrumb":{"@id":"https:\/\/renatodias.online\/movimento\/2019\/05\/06\/espetaculo-the-best-of-tchaikovsky-sera-exibido-em-goiania\/#breadcrumb"},"inLanguage":"pt-BR","potentialAction":[{"@type":"ReadAction","target":["https:\/\/renatodias.online\/movimento\/2019\/05\/06\/espetaculo-the-best-of-tchaikovsky-sera-exibido-em-goiania\/"]}]},{"@type":"ImageObject","inLanguage":"pt-BR","@id":"https:\/\/renatodias.online\/movimento\/2019\/05\/06\/espetaculo-the-best-of-tchaikovsky-sera-exibido-em-goiania\/#primaryimage","url":"","contentUrl":""},{"@type":"BreadcrumbList","@id":"https:\/\/renatodias.online\/movimento\/2019\/05\/06\/espetaculo-the-best-of-tchaikovsky-sera-exibido-em-goiania\/#breadcrumb","itemListElement":[{"@type":"ListItem","position":1,"name":"In\u00edcio","item":"https:\/\/renatodias.online\/movimento\/"},{"@type":"ListItem","position":2,"name":"Espet\u00e1culo The Best of Tchaikovsky ser\u00e1 exibido, em Goi\u00e2nia"}]},{"@type":"WebSite","@id":"https:\/\/renatodias.online\/movimento\/#website","url":"https:\/\/renatodias.online\/movimento\/","name":"","description":"","publisher":{"@id":"https:\/\/renatodias.online\/movimento\/#\/schema\/person\/bbab28833b1725a20f4083f49f1fb2a9"},"potentialAction":[{"@type":"SearchAction","target":{"@type":"EntryPoint","urlTemplate":"https:\/\/renatodias.online\/movimento\/?s={search_term_string}"},"query-input":{"@type":"PropertyValueSpecification","valueRequired":true,"valueName":"search_term_string"}}],"inLanguage":"pt-BR"},{"@type":["Person","Organization"],"@id":"https:\/\/renatodias.online\/movimento\/#\/schema\/person\/bbab28833b1725a20f4083f49f1fb2a9","name":"Renato Dias","image":{"@type":"ImageObject","inLanguage":"pt-BR","@id":"https:\/\/renatodias.online\/movimento\/wp-content\/uploads\/2023\/03\/cropped-cropped-cropped-logofinal.jpeg","url":"https:\/\/renatodias.online\/movimento\/wp-content\/uploads\/2023\/03\/cropped-cropped-cropped-logofinal.jpeg","contentUrl":"https:\/\/renatodias.online\/movimento\/wp-content\/uploads\/2023\/03\/cropped-cropped-cropped-logofinal.jpeg","width":1280,"height":219,"caption":"Renato Dias"},"logo":{"@id":"https:\/\/renatodias.online\/movimento\/wp-content\/uploads\/2023\/03\/cropped-cropped-cropped-logofinal.jpeg"},"description":"Renato Dias, 58 anos, \u00e9 graduado em Jornalismo, formado em Ci\u00eancias Sociais, com p\u00f3s-gradua\u00e7\u00e3o em Pol\u00edticas P\u00fablicas, mestre em Direito e Rela\u00e7\u00f5es Internacionais, ex-aluno extraordin\u00e1rio do Doutorado em Psicologia Social, ex-estudante do Curso de Psican\u00e1lise do Centro de Estudos Psicanal\u00edticos do Estado de Goi\u00e1s, ministrado pelo m\u00e9dico psiquiatra e psicanalista Daniel Em\u00eddio de Souza. \u00c9 autor de 30 livros-reportagem, oito document\u00e1rios, ganhou 30 pr\u00eamios e \u00e9 torcedor apaixonado do maior do Centro-Oeste, o Vila Nova Futebol Clube. Casado com Meirilane Dias, \u00e9 pai de Juliana Dias, jornalista; Daniel Dias, economista; e Maria Rosa Dias, estudante antifascista, socialista e trotskista.\u00a0Com tr\u00eas pets: Porquinho [Bull Dog Franc\u00eas], Dalila [Basset Hound] e Geleia [Basset Hound]. Al\u00e9m do eterno gato Tutuquinho, que virou estrela.","sameAs":["https:\/\/www.facebook.com\/renato.dias.37","#breve","https:\/\/renatodias.tumblr.com\/"],"url":"https:\/\/renatodias.online\/movimento\/author\/renatodias\/"}]}},"_links":{"self":[{"href":"https:\/\/renatodias.online\/movimento\/wp-json\/wp\/v2\/posts\/1070","targetHints":{"allow":["GET"]}}],"collection":[{"href":"https:\/\/renatodias.online\/movimento\/wp-json\/wp\/v2\/posts"}],"about":[{"href":"https:\/\/renatodias.online\/movimento\/wp-json\/wp\/v2\/types\/post"}],"author":[{"embeddable":true,"href":"https:\/\/renatodias.online\/movimento\/wp-json\/wp\/v2\/users\/2"}],"replies":[{"embeddable":true,"href":"https:\/\/renatodias.online\/movimento\/wp-json\/wp\/v2\/comments?post=1070"}],"version-history":[{"count":0,"href":"https:\/\/renatodias.online\/movimento\/wp-json\/wp\/v2\/posts\/1070\/revisions"}],"wp:featuredmedia":[{"embeddable":true,"href":"https:\/\/renatodias.online\/movimento\/wp-json\/"}],"wp:attachment":[{"href":"https:\/\/renatodias.online\/movimento\/wp-json\/wp\/v2\/media?parent=1070"}],"wp:term":[{"taxonomy":"category","embeddable":true,"href":"https:\/\/renatodias.online\/movimento\/wp-json\/wp\/v2\/categories?post=1070"},{"taxonomy":"post_tag","embeddable":true,"href":"https:\/\/renatodias.online\/movimento\/wp-json\/wp\/v2\/tags?post=1070"}],"curies":[{"name":"wp","href":"https:\/\/api.w.org\/{rel}","templated":true}]}}