{"id":10663,"date":"2022-02-05T13:36:20","date_gmt":"2022-02-05T16:36:20","guid":{"rendered":"https:\/\/renatodias.online\/movimento\/?p=10663"},"modified":"2022-02-05T16:07:53","modified_gmt":"2022-02-05T19:07:53","slug":"adeus-a-maria-prestes","status":"publish","type":"post","link":"https:\/\/renatodias.online\/movimento\/2022\/02\/05\/adeus-a-maria-prestes\/","title":{"rendered":"Adeus a Maria Prestes"},"content":{"rendered":"<p><strong><img loading=\"lazy\" decoding=\"async\" class=\"wp-image-4530 size-full aligncenter\" src=\"https:\/\/renatodias.online\/movimento\/wp-content\/uploads\/2020\/09\/L\u00e1grimas.jpg\" alt=\"L\u00e1grimas caindo\" width=\"760\" height=\"480\" srcset=\"https:\/\/renatodias.online\/movimento\/wp-content\/uploads\/2020\/09\/L\u00e1grimas.jpg 760w, https:\/\/renatodias.online\/movimento\/wp-content\/uploads\/2020\/09\/L\u00e1grimas-300x189.jpg 300w, https:\/\/renatodias.online\/movimento\/wp-content\/uploads\/2020\/09\/L\u00e1grimas-750x474.jpg 750w\" sizes=\"auto, (max-width: 760px) 100vw, 760px\" \/><\/strong><\/p>\n<h3 style=\"text-align: center;\"><span style=\"color: #993300;\"><strong>Aos 92 anos, de Coronav\u00edrus Covid 19, morre vi\u00fava de l\u00edder comunista<\/strong><\/span><\/h3>\n<h1><img loading=\"lazy\" decoding=\"async\" class=\"size-medium wp-image-10665 aligncenter\" src=\"https:\/\/renatodias.online\/movimento\/wp-content\/uploads\/2022\/02\/PCB-Maria-Prestes-300x200.jpg\" alt=\"\" width=\"300\" height=\"200\" srcset=\"https:\/\/renatodias.online\/movimento\/wp-content\/uploads\/2022\/02\/PCB-Maria-Prestes-300x200.jpg 300w, https:\/\/renatodias.online\/movimento\/wp-content\/uploads\/2022\/02\/PCB-Maria-Prestes-360x240.jpg 360w, https:\/\/renatodias.online\/movimento\/wp-content\/uploads\/2022\/02\/PCB-Maria-Prestes.jpg 600w\" sizes=\"auto, (max-width: 300px) 100vw, 300px\" \/><\/h1>\n<h1 style=\"text-align: center;\"><span style=\"color: #ff0000;\"><strong>Uma mulher al\u00e9m do seu tempo<\/strong><\/span><\/h1>\n<p><strong>Renato Dias<\/strong><\/p>\n<p>Nascida em Recife, capital de Pernambuco, dia 2 de fevereiro de 1932, tr\u00eas anos antes do putsch pol\u00edtico e militar do PCB, ANL e a Terceira Internacional, Altamira Rodrigues Sobral, que viraria, em 1950, Maria Prestes, a segunda mulher do Cavaleiro da Esperan\u00e7a, Luiz Carlos Prestes, morreu, nesta sexta-feira, 4 de fevereiro de 2022.<\/p>\n<figure id=\"attachment_7111\" aria-describedby=\"caption-attachment-7111\" style=\"width: 1280px\" class=\"wp-caption alignnone\"><img loading=\"lazy\" decoding=\"async\" class=\"wp-image-7111 size-full\" src=\"https:\/\/renatodias.online\/movimento\/wp-content\/uploads\/2021\/06\/Luiz-Carlos-Prestes-_-MR-8.jpeg\" alt=\"\" width=\"1280\" height=\"720\" srcset=\"https:\/\/renatodias.online\/movimento\/wp-content\/uploads\/2021\/06\/Luiz-Carlos-Prestes-_-MR-8.jpeg 1280w, https:\/\/renatodias.online\/movimento\/wp-content\/uploads\/2021\/06\/Luiz-Carlos-Prestes-_-MR-8-300x169.jpeg 300w, https:\/\/renatodias.online\/movimento\/wp-content\/uploads\/2021\/06\/Luiz-Carlos-Prestes-_-MR-8-768x432.jpeg 768w, https:\/\/renatodias.online\/movimento\/wp-content\/uploads\/2021\/06\/Luiz-Carlos-Prestes-_-MR-8-750x422.jpeg 750w\" sizes=\"auto, (max-width: 1280px) 100vw, 1280px\" \/><figcaption id=\"caption-attachment-7111\" class=\"wp-caption-text\"><strong>Luiz Carlos Prestes, secret\u00e1rio-geral do PCB<\/strong><\/figcaption><\/figure>\n<p>Primeiro seguran\u00e7a, sob a clandestinidade, ela teve sete filhos com o secret\u00e1rio-geral da legenda da foice e do martelo. O PCB [Partido Comunista do Brasil] havia sido fundado em 25 de mar\u00e7o de 1922. Em Niter\u00f3i. Por nove oper\u00e1rios. A sigla, que far\u00e1 100 anos em 2022, desde 1924 integrava o Komintern. A central mundial da revolu\u00e7\u00e3o socialista.<\/p>\n<figure id=\"attachment_9076\" aria-describedby=\"caption-attachment-9076\" style=\"width: 900px\" class=\"wp-caption alignnone\"><img loading=\"lazy\" decoding=\"async\" class=\"wp-image-9076 size-full\" src=\"https:\/\/renatodias.online\/movimento\/wp-content\/uploads\/2021\/09\/Fundacao-do-PCB-em-1922.jpg\" alt=\"\" width=\"900\" height=\"635\" \/><figcaption id=\"caption-attachment-9076\" class=\"wp-caption-text\">Funda\u00e7\u00e3o do PCB em 25 de mar\u00e7o do ano de 1922<\/figcaption><\/figure>\n<p>De 1947 a 1985, o PCB sobreviveu na ilegalidade. Luiz Carlos Prestes e Maria Prestes enfrentaram a ditadura civil e militar. O Partid\u00e3o condenou a estrat\u00e9gia de luta armada. A legenda sofreu rupturas e dissid\u00eancias. Como o PC do B, em fevereiro de 1962. Agrupamento Comunista [ALN], 1967. PCBR, PCR, Dissid\u00eancia da GB, [MR_8].<\/p>\n<figure id=\"attachment_2968\" aria-describedby=\"caption-attachment-2968\" style=\"width: 600px\" class=\"wp-caption aligncenter\"><img loading=\"lazy\" decoding=\"async\" class=\"wp-image-2968 size-full\" src=\"https:\/\/renatodias.online\/movimento\/wp-content\/uploads\/2019\/11\/Carlos-Marighella-online.jpg\" alt=\"\" width=\"600\" height=\"286\" srcset=\"https:\/\/renatodias.online\/movimento\/wp-content\/uploads\/2019\/11\/Carlos-Marighella-online.jpg 600w, https:\/\/renatodias.online\/movimento\/wp-content\/uploads\/2019\/11\/Carlos-Marighella-online-300x143.jpg 300w\" sizes=\"auto, (max-width: 600px) 100vw, 600px\" \/><figcaption id=\"caption-attachment-2968\" class=\"wp-caption-text\"><strong>Carlos Marighella<\/strong><\/figcaption><\/figure>\n<p>&nbsp;<\/p>\n<p>O Comit\u00ea Central decidiu envi\u00e1 &#8211; los para o ex\u00edlio, em Moscou. \u00c0 \u00e9poca, Uni\u00e3o das Rep\u00fablicas Socialistas Sovi\u00e9ticas [URSS]. Dez anos em um apartamento na Rua Gorki. O retorno ocorreu com a san\u00e7\u00e3o da Lei de Anistia. Em 28 de agosto de 1979. Assinada pela m\u00e3o esquerda de Jo\u00e3o Figueiredo. Luiz Carlos Prestes solta em mar\u00e7o de 1980.<\/p>\n<figure id=\"attachment_10668\" aria-describedby=\"caption-attachment-10668\" style=\"width: 635px\" class=\"wp-caption aligncenter\"><img loading=\"lazy\" decoding=\"async\" class=\"wp-image-10668 size-full\" src=\"https:\/\/renatodias.online\/movimento\/wp-content\/uploads\/2022\/02\/Luiz-Carlos-Prestes-em-familia.jpeg\" alt=\"\" width=\"635\" height=\"475\" srcset=\"https:\/\/renatodias.online\/movimento\/wp-content\/uploads\/2022\/02\/Luiz-Carlos-Prestes-em-familia.jpeg 635w, https:\/\/renatodias.online\/movimento\/wp-content\/uploads\/2022\/02\/Luiz-Carlos-Prestes-em-familia-300x224.jpeg 300w\" sizes=\"auto, (max-width: 635px) 100vw, 635px\" \/><figcaption id=\"caption-attachment-10668\" class=\"wp-caption-text\"><strong>Luiz Carlos Prestes em fam\u00edlia<\/strong><\/figcaption><\/figure>\n<p>&nbsp;<\/p>\n<p>A Carta aos Comunistas. O l\u00edder da coluna Miguel Costa &#8211; Luiz Carlos Prestes, respons\u00e1vel pela tentativa de assalto ao poder, em 1935, adotara narrativa, t\u00e1tica e estrat\u00e9gia esquerdistas. O CC rejeitou as teses. Com tr\u00eas derrotas _ 1935, 1964 e 1980 _, aproxima &#8211; se de Leonel Brizola e apoia, no 2\u00b0 turno de 1989, Lula. Morre em 7 de mar\u00e7o de 1990.<\/p>\n<figure id=\"attachment_10670\" aria-describedby=\"caption-attachment-10670\" style=\"width: 1080px\" class=\"wp-caption alignnone\"><img loading=\"lazy\" decoding=\"async\" class=\"wp-image-10670 size-full\" src=\"https:\/\/renatodias.online\/movimento\/wp-content\/uploads\/2022\/02\/Maria-Prestes-Prestes-e-Lula.png\" alt=\"\" width=\"1080\" height=\"1089\" srcset=\"https:\/\/renatodias.online\/movimento\/wp-content\/uploads\/2022\/02\/Maria-Prestes-Prestes-e-Lula.png 1080w, https:\/\/renatodias.online\/movimento\/wp-content\/uploads\/2022\/02\/Maria-Prestes-Prestes-e-Lula-298x300.png 298w, https:\/\/renatodias.online\/movimento\/wp-content\/uploads\/2022\/02\/Maria-Prestes-Prestes-e-Lula-1016x1024.png 1016w, https:\/\/renatodias.online\/movimento\/wp-content\/uploads\/2022\/02\/Maria-Prestes-Prestes-e-Lula-150x150.png 150w, https:\/\/renatodias.online\/movimento\/wp-content\/uploads\/2022\/02\/Maria-Prestes-Prestes-e-Lula-768x774.png 768w, https:\/\/renatodias.online\/movimento\/wp-content\/uploads\/2022\/02\/Maria-Prestes-Prestes-e-Lula-750x756.png 750w\" sizes=\"auto, (max-width: 1080px) 100vw, 1080px\" \/><figcaption id=\"caption-attachment-10670\" class=\"wp-caption-text\"><strong>Maria Prestes, Luiz Carlos Prestes e Lula<\/strong><\/figcaption><\/figure>\n<h1><span style=\"color: #666699;\"><strong>Vida privada<\/strong><\/span><\/h1>\n<p>Maria Prestes revelou, em Goi\u00e2nia, ao jornalista Renato Dias, que Luiz Carlos Prestes era um ex\u00edmio descascador de abacaxis, usava cal\u00e7a e camisa social abotoada at\u00e9 o pesco\u00e7o, para impor respeito em casa e teve, sim, momentos de lazer com a fam\u00edlia, como ir \u00e0 praia. Luiz Carlos Prestes testemunhou a queda do Muro de Berlim.<\/p>\n<figure id=\"attachment_10669\" aria-describedby=\"caption-attachment-10669\" style=\"width: 483px\" class=\"wp-caption aligncenter\"><img loading=\"lazy\" decoding=\"async\" class=\"wp-image-10669 size-full\" src=\"https:\/\/renatodias.online\/movimento\/wp-content\/uploads\/2022\/02\/Luiz-Carlos-Prestes-na-praia-_-Vida-privada.jpg\" alt=\"\" width=\"483\" height=\"303\" srcset=\"https:\/\/renatodias.online\/movimento\/wp-content\/uploads\/2022\/02\/Luiz-Carlos-Prestes-na-praia-_-Vida-privada.jpg 483w, https:\/\/renatodias.online\/movimento\/wp-content\/uploads\/2022\/02\/Luiz-Carlos-Prestes-na-praia-_-Vida-privada-300x188.jpg 300w\" sizes=\"auto, (max-width: 483px) 100vw, 483px\" \/><figcaption id=\"caption-attachment-10669\" class=\"wp-caption-text\"><strong>Luiz Carlos Prestes na praia _ Vida privada<\/strong><\/figcaption><\/figure>\n<p><img loading=\"lazy\" decoding=\"async\" class=\"size-medium wp-image-8379 aligncenter\" src=\"https:\/\/renatodias.online\/movimento\/wp-content\/uploads\/2021\/08\/Especial-Principal-300x101.png\" alt=\"\" width=\"300\" height=\"101\" \/><\/p>\n<h1 style=\"text-align: center;\"><span style=\"color: #3366ff;\"><strong>Saiba mais<\/strong><\/span><\/h1>\n<h1 style=\"text-align: center;\"><span style=\"color: #ff0000;\"><strong>De 1922 a 2022<\/strong><\/span><\/h1>\n<h1 style=\"text-align: center;\"><span style=\"color: #800080;\"><strong>A hist\u00f3ria dos comunistas<\/strong><\/span><\/h1>\n<p>Por nove oper\u00e1rios, o Partido Comunista do Brasil [PCB] \u00e9 fundado em 25 de mar\u00e7o de 1922, no munic\u00edpio de Niter\u00f3i, Rio de Janeiro. Uma breve legalidade \u00e9 obtida com a cria\u00e7\u00e3o do Bloco Oper\u00e1rio Campon\u00eas [BOC]. A se\u00e7\u00e3o brasileira \u00e9 integrada ao Komintern, a Terceira Internacional, central mundial da revolu\u00e7\u00e3o, no ano de 1924. PCB, ALN e Terceira Internacional deflagram uma tentativa de tomada de poder, em 27 de novembro de 1935. \u00c9 derrotada no Rio de Janeiro, Estado de Pernambuco e chega a assumir o governo no Rio Grande do Norte. O sonho acaba.<\/p>\n<figure id=\"attachment_9076\" aria-describedby=\"caption-attachment-9076\" style=\"width: 900px\" class=\"wp-caption alignnone\"><img loading=\"lazy\" decoding=\"async\" class=\"wp-image-9076 size-full\" src=\"https:\/\/renatodias.online\/movimento\/wp-content\/uploads\/2021\/09\/Fundacao-do-PCB-em-1922.jpg\" alt=\"\" width=\"900\" height=\"635\" \/><figcaption id=\"caption-attachment-9076\" class=\"wp-caption-text\"><strong>Funda\u00e7\u00e3o do PCB em 25 de mar\u00e7o do ano de 1922<\/strong><\/figcaption><\/figure>\n<p>Get\u00falio Vargas e Filinto Muller operam violenta repress\u00e3o. Com viola\u00e7\u00f5es dos direitos humanos. Nunca investigadas. Luiz Carlos Prestes \u00e9 preso e permanece de 1936 a 1945 atr\u00e1s das grades. Olga Benario, a sua mulher, alem\u00e3, \u00e9 deportada gr\u00e1vida de Anitta Leoc\u00e1dia, para as terras de Adolf Hitler, que ascendera ao poder em 1933. Com o Nacional-Socialismo. O Nazismo. O Estado Novo \u00e9 instalado em 10 de novembro de 1937. Uma ditadura escancarada que dura at\u00e9 o ano de 1945. Get\u00falio Vargas \u00e9 deposto, o PCB \u00e9 legalizado e elege 14 federais e um senador.<\/p>\n<figure id=\"attachment_9345\" aria-describedby=\"caption-attachment-9345\" style=\"width: 1250px\" class=\"wp-caption aligncenter\"><img loading=\"lazy\" decoding=\"async\" class=\"wp-image-9345 size-full\" src=\"https:\/\/renatodias.online\/movimento\/wp-content\/uploads\/2021\/10\/Luiz-Carlos-Prestes-e-o-putsch-de-1935.png\" alt=\"\" width=\"1250\" height=\"803\" \/><figcaption id=\"caption-attachment-9345\" class=\"wp-caption-text\"><strong>Luiz Carlos Prestes e o putsch de 1935<\/strong><\/figcaption><\/figure>\n<p>O PCB, dois anos depois, \u00e9 colocado na clandestinidade. Uma ruptura ocorre em 17 de fevereiro do ano de 1962. Jo\u00e3o Amazonas, \u00c2ngelo Arroyo, Pedro Pomar, Di\u00f3genes Arruda, Jo\u00e3o Batista Drummond retomam o nome original da sigla da foice e do martelo, Partido Comunista do Brasil. Com a estrat\u00e9gia \u00e0 esquerda. O Agrupamento Comunista [SP] cria a ALN. Jacob Gorender, M\u00e1rio Alves e Apol\u00f4nio de Carvalho, o PCBR. Documento confidencial enviado a Henry Kissinger, secre\u00adt\u00e1rio de Estado dos EUA, por Willian Egan Colby, diz que Ernesto Geisel autorizara execu\u00e7\u00f5es.<\/p>\n<figure id=\"attachment_7140\" aria-describedby=\"caption-attachment-7140\" style=\"width: 1200px\" class=\"wp-caption alignnone\"><img loading=\"lazy\" decoding=\"async\" class=\"wp-image-7140 size-full\" src=\"https:\/\/renatodias.online\/movimento\/wp-content\/uploads\/2021\/06\/Ernesto-Geisel-e-Golbery-do-Couto-e-Silva.jpg\" alt=\"\" width=\"1200\" height=\"720\" \/><figcaption id=\"caption-attachment-7140\" class=\"wp-caption-text\"><strong>Ernesto Geisel e Golbery do Couto e Silva: Opera\u00e7\u00e3o Radar<br \/><\/strong><\/figcaption><\/figure>\n<p>Depois de liquidada a guerrilha do Araguaia, os corpos dos guerrilheiros foram queimados na Serra das Andorinhas. O \u00faltimo golpe \u00e9 a infiltra\u00e7\u00e3o de um cachorro, Jover Telles, na reuni\u00e3o do Comit\u00ea Central do PC do B, em 16 de dezembro de 1976, realizada no Bairro da Lapa, S\u00e3o Paulo, capital. \u00c2ngelo Arroyo, Pedro Pomar e Jo\u00e3o Batista Drummond s\u00e3o executados. A sangue frio. A Opera\u00e7\u00e3o Radar liquida com o Comit\u00ea Central do PCB. Dez s\u00e3o mortos e desaparecidos. Vladimir Herzog, jornalista, \u00e9 morto, Manuel Fiel Filho, oper\u00e1rio, tamb\u00e9m. Os dois sob torturas.<\/p>\n<h1><strong>PCB e PC do B legalizados<\/strong><\/h1>\n<p>O PC do B, que havia incorporado a AP, apesar da dissid\u00eancia e resist\u00eancia da AP \u2013 ML [A\u00e7\u00e3o Popular Marxista Leninista] e o PCB s\u00e3o legalizados sob a Nova Rep\u00fablica. Os comunistas integram a Frente Brasil Popular [PT, PSB e PC do B], em 1989, e chegam ao segundo turno com o ex-oper\u00e1rio metal\u00fargico Luiz In\u00e1cio Lula da Silva. Depois de mais duas derrotas, 1994 e 1998, sobem a rampa do Pal\u00e1cio do Planalto e permanecem de 2003 a 2016 no poder, em Bras\u00edlia. Um golpe de Estado l\u00edquido, p\u00f3s-moderno, dep\u00f5e Dilma Rousseff. A luta continua em 2022.<\/p>\n<figure id=\"attachment_9418\" aria-describedby=\"caption-attachment-9418\" style=\"width: 1080px\" class=\"wp-caption alignnone\"><img loading=\"lazy\" decoding=\"async\" class=\"wp-image-9418 size-full\" src=\"https:\/\/renatodias.online\/movimento\/wp-content\/uploads\/2021\/11\/Lula-em-dois-momentos-historicos.jpg\" alt=\"\" width=\"1080\" height=\"1074\" \/><figcaption id=\"caption-attachment-9418\" class=\"wp-caption-text\"><strong>Luiz In\u00e1cio Lula da Silva em dois momentos hist\u00f3ricos<\/strong><\/figcaption><\/figure>\n<figure id=\"attachment_5888\" aria-describedby=\"caption-attachment-5888\" style=\"width: 300px\" class=\"wp-caption aligncenter\"><img loading=\"lazy\" decoding=\"async\" class=\"size-medium wp-image-5888\" src=\"https:\/\/renatodias.online\/movimento\/wp-content\/uploads\/2021\/04\/Bomba-A-morte-da-Politica-300x300.jpg\" alt=\"explosivo\" width=\"300\" height=\"300\" \/><figcaption id=\"caption-attachment-5888\" class=\"wp-caption-text\"><span style=\"color: #ff6600;\"><strong>explosivo<\/strong><\/span><\/figcaption><\/figure>\n<h1 style=\"text-align: center;\"><span style=\"color: #008000;\"><strong>O que foi a ditadura civil e militar<\/strong><\/span><\/h1>\n<p><strong>Renato Dias<\/strong><\/p>\n<p>Fardados e civis derrubaram em 31 de mar\u00e7o, 1\u00ba e 2 de abril de 1964 o presidente da Rep\u00fablica, Jo\u00e3o Belchior Marques Goulart. Com tanques e metralhadoras. Com o aval do Supremo Tribunal Federal, a corte suprema. O Congresso Nacional referendou a posse de Rani\u00e9re Mazzilli e a indica\u00e7\u00e3o do primeiro general-presidente, marechal Humberto Castello Branco.<\/p>\n<figure id=\"attachment_6032\" aria-describedby=\"caption-attachment-6032\" style=\"width: 1254px\" class=\"wp-caption alignnone\"><img loading=\"lazy\" decoding=\"async\" class=\"wp-image-6032 size-full\" src=\"https:\/\/renatodias.online\/movimento\/wp-content\/uploads\/2021\/04\/golpe-militar-de-1964.png\" alt=\"Golpe de Estado de 1964\" width=\"1254\" height=\"596\" \/><figcaption id=\"caption-attachment-6032\" class=\"wp-caption-text\"><strong>Golpe de Estado de 1964<\/strong><\/figcaption><\/figure>\n<p>Ga\u00facho de S\u00e3o Borja, ex-ministro do Trabalho, respons\u00e1vel pelo aumento real do sal\u00e1rio m\u00ednimo, Jango, como era conhecido, \u00e9 herdeiro do nacional-estatismo. Em sua vers\u00e3o trabalhista. De Get\u00falio Vargas. O rotulado de \u2018Pai dos Pobres\u2019. Get\u00falio Vargas suicidou-se \u00e0s 8h30, do dia 24 de agosto de 1954, em seus aposentos presidenciais. No Pal\u00e1cio do Catete.<\/p>\n<figure id=\"attachment_6406\" aria-describedby=\"caption-attachment-6406\" style=\"width: 1008px\" class=\"wp-caption alignnone\"><img loading=\"lazy\" decoding=\"async\" class=\"wp-image-6406 size-full\" src=\"https:\/\/renatodias.online\/movimento\/wp-content\/uploads\/2021\/05\/Getulio-Vargas.jpg\" alt=\"\" width=\"1008\" height=\"630\" \/><figcaption id=\"caption-attachment-6406\" class=\"wp-caption-text\"><strong>Get\u00falio Vargas<\/strong><\/figcaption><\/figure>\n<p>A capital do Brasil, \u00e0 \u00e9poca, era o Rio de Janeiro, outrora Cidade Maravilhosa. Com a queda de Jango, 21 anos de ditadura civil e militar [1964-1985]. A opera\u00e7\u00e3o teve a ostensiva participa\u00e7\u00e3o dos Estados Unidos das Am\u00e9ricas. Um saldo societal tr\u00e1gico. Com 479 mortos e desaparecidos pol\u00edticos. Assim como 1.700 trabalhadores rurais executados. Al\u00e9m de 10 mil pessoas exiladas.<\/p>\n<figure id=\"attachment_2943\" aria-describedby=\"caption-attachment-2943\" style=\"width: 960px\" class=\"wp-caption alignnone\"><img loading=\"lazy\" decoding=\"async\" class=\"wp-image-2943 size-full\" src=\"https:\/\/renatodias.online\/movimento\/wp-content\/uploads\/2019\/11\/Dom-Paulo-Evaristo-Arns-online.jpeg\" alt=\"\" width=\"960\" height=\"594\" \/><figcaption id=\"caption-attachment-2943\" class=\"wp-caption-text\"><strong>Dom Paulo Evaristo Arns<\/strong><\/figcaption><\/figure>\n<p>&nbsp;<\/p>\n<p>O projeto Brasil Nunca Mais, organizado pelo Arcebispo Dom Paulo Evaristo Arns e pelo reverendo Jaime Wright, registra que duas mil pessoas, perante o Superior Tribunal Militar, o STM, denunciaram terem sido torturadas. Na cadeira-do-drag\u00e3o, socos, pontap\u00e9s, telefones, pau-de-arara. A jornalista M\u00edriam Leit\u00e3o teve de ficar em uma cela com uma cobra ao seu lado.<\/p>\n<figure id=\"attachment_9743\" aria-describedby=\"caption-attachment-9743\" style=\"width: 800px\" class=\"wp-caption alignnone\"><img loading=\"lazy\" decoding=\"async\" class=\"wp-image-9743 size-full\" src=\"https:\/\/renatodias.online\/movimento\/wp-content\/uploads\/2021\/11\/Comissao-Nacional-da-Verdade.jpg\" alt=\"\" width=\"800\" height=\"535\" srcset=\"https:\/\/renatodias.online\/movimento\/wp-content\/uploads\/2021\/11\/Comissao-Nacional-da-Verdade.jpg 800w, https:\/\/renatodias.online\/movimento\/wp-content\/uploads\/2021\/11\/Comissao-Nacional-da-Verdade-300x201.jpg 300w, https:\/\/renatodias.online\/movimento\/wp-content\/uploads\/2021\/11\/Comissao-Nacional-da-Verdade-768x514.jpg 768w, https:\/\/renatodias.online\/movimento\/wp-content\/uploads\/2021\/11\/Comissao-Nacional-da-Verdade-360x240.jpg 360w, https:\/\/renatodias.online\/movimento\/wp-content\/uploads\/2021\/11\/Comissao-Nacional-da-Verdade-750x502.jpg 750w\" sizes=\"auto, (max-width: 800px) 100vw, 800px\" \/><figcaption id=\"caption-attachment-9743\" class=\"wp-caption-text\"><strong>Comiss\u00e3o Nacional da Verdade: os crimes da ditadura civil e militar, no Brasil<br \/><\/strong><\/figcaption><\/figure>\n<p>Relat\u00f3rio da Comiss\u00e3o Nacional da Verdade, instalada em maio de 2012 e encerrada dia 10 de dezembro de 2014, aponta que seis mil membros do Ex\u00e9rcito, Marinha, Aeron\u00e1utica, For\u00e7a P\u00fablica foram demitidos ou reformados. Um Grupo de Trabalho da CNV diz que 12 mil ind\u00ed\u00adgenas morreram sob a ditadura civil e militar e sua pol\u00edtica indigenista e de obras fara\u00f4nicas.<\/p>\n<figure id=\"attachment_4365\" aria-describedby=\"caption-attachment-4365\" style=\"width: 780px\" class=\"wp-caption aligncenter\"><img loading=\"lazy\" decoding=\"async\" class=\"wp-image-4365 size-full\" src=\"https:\/\/renatodias.online\/movimento\/wp-content\/uploads\/2020\/09\/Ditaduracivil-e-militar-no-Brasil-de-1964.jpg\" alt=\"\" width=\"780\" height=\"490\" \/><figcaption id=\"caption-attachment-4365\" class=\"wp-caption-text\"><strong>A ditadura civil e militar<\/strong><\/figcaption><\/figure>\n<p>Pasmem: 39 mil trabalhadores e trabalhadoras foram reconhecidas pela Comiss\u00e3o de Anistia, \u00f3rg\u00e3o do Minist\u00e9rio da Justi\u00e7a, na Esplanada dos Minist\u00e9rios, em Bras\u00edlia [DF], a Capital da Rep\u00fablica, a terem direito \u00e0 repara\u00e7\u00e3o econ\u00f4mica ou pens\u00f5es. Por danos materiais, pol\u00edticos, sociais e simb\u00f3licos. Medidas que prejudicaram as suas vidas. Tanto civis quanto militares.<\/p>\n<figure id=\"attachment_4545\" aria-describedby=\"caption-attachment-4545\" style=\"width: 1000px\" class=\"wp-caption aligncenter\"><img loading=\"lazy\" decoding=\"async\" class=\"wp-image-4545 size-full\" src=\"https:\/\/renatodias.online\/movimento\/wp-content\/uploads\/2020\/09\/1-Caetano-Veloso-Link.jpeg\" alt=\"\u00a0Caetano Veloso na pris\u00e3o\" width=\"1000\" height=\"600\" srcset=\"https:\/\/renatodias.online\/movimento\/wp-content\/uploads\/2020\/09\/1-Caetano-Veloso-Link.jpeg 1000w, https:\/\/renatodias.online\/movimento\/wp-content\/uploads\/2020\/09\/1-Caetano-Veloso-Link-300x180.jpeg 300w, https:\/\/renatodias.online\/movimento\/wp-content\/uploads\/2020\/09\/1-Caetano-Veloso-Link-768x461.jpeg 768w, https:\/\/renatodias.online\/movimento\/wp-content\/uploads\/2020\/09\/1-Caetano-Veloso-Link-750x450.jpeg 750w\" sizes=\"auto, (max-width: 1000px) 100vw, 1000px\" \/><figcaption id=\"caption-attachment-4545\" class=\"wp-caption-text\"><strong>Caetano Veloso na pris\u00e3o<\/strong><\/figcaption><\/figure>\n<p>Mais: a ditadura civil e militar, no Brasil, promoveu uma violenta censura \u00e0s artes, publica\u00e7\u00e3o de livros, \u00e0 imprensa, aos filmes, pe\u00e7as de teatro. Artistas eram perseguidos, presos, espancados e exilados. Como Caetano Veloso e Gilberto Gil, exilados na Inglaterra; Chico Buarque e Marieta Severo, na It\u00e1lia; al\u00e9m de Geraldo \u2018Caminhando\u2019 Vandr\u00e9. Jornais destru\u00eddos. \u2018Empastelados\u2019.<\/p>\n<figure id=\"attachment_10542\" aria-describedby=\"caption-attachment-10542\" style=\"width: 1031px\" class=\"wp-caption alignnone\"><img loading=\"lazy\" decoding=\"async\" class=\"wp-image-10542 size-full\" src=\"https:\/\/renatodias.online\/movimento\/wp-content\/uploads\/2022\/01\/Chico-Buarque-e-Marieta-Severo.jpg\" alt=\"\" width=\"1031\" height=\"1401\" srcset=\"https:\/\/renatodias.online\/movimento\/wp-content\/uploads\/2022\/01\/Chico-Buarque-e-Marieta-Severo.jpg 1031w, https:\/\/renatodias.online\/movimento\/wp-content\/uploads\/2022\/01\/Chico-Buarque-e-Marieta-Severo-221x300.jpg 221w, https:\/\/renatodias.online\/movimento\/wp-content\/uploads\/2022\/01\/Chico-Buarque-e-Marieta-Severo-754x1024.jpg 754w, https:\/\/renatodias.online\/movimento\/wp-content\/uploads\/2022\/01\/Chico-Buarque-e-Marieta-Severo-768x1044.jpg 768w, https:\/\/renatodias.online\/movimento\/wp-content\/uploads\/2022\/01\/Chico-Buarque-e-Marieta-Severo-750x1019.jpg 750w\" sizes=\"auto, (max-width: 1031px) 100vw, 1031px\" \/><figcaption id=\"caption-attachment-10542\" class=\"wp-caption-text\"><strong>Chico Buarque e Marieta Severo<\/strong><\/figcaption><\/figure>\n<p>O Ato Institucional N\u00famero 5, de 13 de dezembro de 1968, fechou o Congresso Nacional, C\u00e2\u00adma\u00adra Federal, Senado da Rep\u00fablica, as assembleias legislativas e as c\u00e2maras munici\u00adpais. \u00a0\u00a0Centenas de governadores, prefeitos, senadores da Rep\u00fablica, deputados federais, depu\u00adta\u00addos estaduais, vereadores foram cassados. Em 1980, Luiz In\u00e1cio Lula da Silva foi preso. Por greve oper\u00e1ria.<\/p>\n<figure id=\"attachment_6033\" aria-describedby=\"caption-attachment-6033\" style=\"width: 503px\" class=\"wp-caption aligncenter\"><img loading=\"lazy\" decoding=\"async\" class=\"wp-image-6033 size-full\" src=\"https:\/\/renatodias.online\/movimento\/wp-content\/uploads\/2021\/04\/AI-5-_-6.png\" alt=\"AI-5\" width=\"503\" height=\"620\" srcset=\"https:\/\/renatodias.online\/movimento\/wp-content\/uploads\/2021\/04\/AI-5-_-6.png 503w, https:\/\/renatodias.online\/movimento\/wp-content\/uploads\/2021\/04\/AI-5-_-6-243x300.png 243w\" sizes=\"auto, (max-width: 503px) 100vw, 503px\" \/><figcaption id=\"caption-attachment-6033\" class=\"wp-caption-text\"><strong>AI-5<\/strong><\/figcaption><\/figure>\n<p>O Congresso Nacional aprovou, em 26 de agosto de 1979, a Lei de Anistia. A medida sancionada n\u00e3o foi ampla, nem geral muito menos irrestrita. Os agentes do Estado pagos com o dinheiro do contribuinte para garantir a seguran\u00e7a p\u00fablica, respons\u00e1veis por viola\u00e7\u00f5es dos direitos humanos, assim como a sua cadeia de comando, receberam uma autoanistia da Uni\u00e3o.<\/p>\n<figure id=\"attachment_5602\" aria-describedby=\"caption-attachment-5602\" style=\"width: 442px\" class=\"wp-caption aligncenter\"><img loading=\"lazy\" decoding=\"async\" class=\"wp-image-5602 size-full\" src=\"https:\/\/renatodias.online\/movimento\/wp-content\/uploads\/2021\/03\/figueredo-caricatura.jpeg\" alt=\"Jo\u00e3o Baptista de Oliveira Figueiredo\" width=\"442\" height=\"632\" srcset=\"https:\/\/renatodias.online\/movimento\/wp-content\/uploads\/2021\/03\/figueredo-caricatura.jpeg 442w, https:\/\/renatodias.online\/movimento\/wp-content\/uploads\/2021\/03\/figueredo-caricatura-210x300.jpeg 210w\" sizes=\"auto, (max-width: 442px) 100vw, 442px\" \/><figcaption id=\"caption-attachment-5602\" class=\"wp-caption-text\"><strong>Jo\u00e3o Baptista de Oliveira Figueiredo<\/strong><\/figcaption><\/figure>\n<p><strong>\u00a0<\/strong><\/p>\n<p>A direita explosiva matou, com uma bomba endere\u00e7ada \u00e0 OAB, a secret\u00e1ria da Ordem dos Advogados do Brasil, Lyda Monteiro, em 27 de agosto de 1980. Um atentado \u00e0 bomba no Riocentro, Rio de Janeiro, no show de Primeiro de maio de 1981, dia internacional dos trabalhadores, deixou os executores feridos. O crime permanece at\u00e9 hoje, 2022, impune.<\/p>\n<figure id=\"attachment_7122\" aria-describedby=\"caption-attachment-7122\" style=\"width: 1200px\" class=\"wp-caption alignnone\"><img loading=\"lazy\" decoding=\"async\" class=\"wp-image-7122 size-full\" src=\"https:\/\/renatodias.online\/movimento\/wp-content\/uploads\/2021\/06\/Riocentro-1981.jpeg\" alt=\"\" width=\"1200\" height=\"675\" srcset=\"https:\/\/renatodias.online\/movimento\/wp-content\/uploads\/2021\/06\/Riocentro-1981.jpeg 1200w, https:\/\/renatodias.online\/movimento\/wp-content\/uploads\/2021\/06\/Riocentro-1981-300x169.jpeg 300w, https:\/\/renatodias.online\/movimento\/wp-content\/uploads\/2021\/06\/Riocentro-1981-768x432.jpeg 768w, https:\/\/renatodias.online\/movimento\/wp-content\/uploads\/2021\/06\/Riocentro-1981-750x422.jpeg 750w\" sizes=\"auto, (max-width: 1200px) 100vw, 1200px\" \/><figcaption id=\"caption-attachment-7122\" class=\"wp-caption-text\"><strong>Riocentro em 1981<\/strong><\/figcaption><\/figure>\n<p>O jornalista Alexandre Von Baumgarten, indigesto \u00e0 ditadura civil e militar, acabou assas\u00adsinado, no ano de 1982. A campanha das diretas de 1983 e 1984, que exigia o direito elementar de votar, caiu com a derrota da Emenda Dante de Oliveira, em 25 de abril de 1984. Contra o que poderia ser uma \u2018revolu\u00e7\u00e3o democr\u00e1tica\u2019, como aponta o soci\u00f3logo marxista Florestan Fernandes.<\/p>\n<p>&nbsp;<\/p>\n<figure id=\"attachment_2986\" aria-describedby=\"caption-attachment-2986\" style=\"width: 652px\" class=\"wp-caption aligncenter\"><img loading=\"lazy\" decoding=\"async\" class=\"wp-image-2986 size-full\" src=\"https:\/\/renatodias.online\/movimento\/wp-content\/uploads\/2019\/11\/Diretas-j\u00e1-1-online.jpg\" alt=\"\" width=\"652\" height=\"408\" srcset=\"https:\/\/renatodias.online\/movimento\/wp-content\/uploads\/2019\/11\/Diretas-j\u00e1-1-online.jpg 652w, https:\/\/renatodias.online\/movimento\/wp-content\/uploads\/2019\/11\/Diretas-j\u00e1-1-online-300x188.jpg 300w\" sizes=\"auto, (max-width: 652px) 100vw, 652px\" \/><figcaption id=\"caption-attachment-2986\" class=\"wp-caption-text\"><strong>Campanha por Diretas j\u00e1<\/strong><\/figcaption><\/figure>\n<p>O Col\u00e9gio Eleitoral \u00e9 instalado. Tancredo Neves morre. Jos\u00e9 Sarney, ex-presidente da Arena e do PDS, legendas de sustenta\u00e7\u00e3o da ditadura civil e militar, em ironia da Hist\u00f3ria, assume. A Carta Magna sai em 5 de outubro de 1988. Com a manuten\u00e7\u00e3o da tutela das For\u00e7as Armadas como garantidora da Ordem Pol\u00edtica e Social. Em 2022, militares est\u00e3o em 23 \u00f3rg\u00e3os da Uni\u00e3o.<\/p>\n<p><strong>\u2013 Um passado que n\u00e3o passa.<\/strong><\/p>\n<p><strong><img loading=\"lazy\" decoding=\"async\" class=\"alignnone size-full wp-image-8720\" src=\"https:\/\/renatodias.online\/movimento\/wp-content\/uploads\/2021\/08\/Jair-Messias-Bolsonaro-Caricatura.jpg\" alt=\"\" width=\"1080\" height=\"764\" \/><\/strong><\/p>\n<p><strong>\u00a0<\/strong><\/p>\n<h1><img loading=\"lazy\" decoding=\"async\" class=\"alignnone wp-image-5007 size-full\" src=\"https:\/\/renatodias.online\/movimento\/wp-content\/uploads\/2021\/01\/Alto-da-p\u00e1gina-Banner-Exclusivo.png\" alt=\"\" width=\"1224\" height=\"372\" \/><\/h1>\n<h1 style=\"text-align: center;\"><span style=\"color: #0000ff;\"><strong>Hegemonia cultural<\/strong><\/span><\/h1>\n<h1 style=\"text-align: center;\"><span style=\"color: #ff6600;\"><strong>A disputa pela mem\u00f3ria<\/strong><\/span><\/h1>\n<p>A disputa pela mem\u00f3ria \u00e9 permanente. Civil e militar, o golpe de Estado do ano de 1964 era para ter sido deflagrado, em 1954. Ele falhara com o suic\u00eddio de Get\u00falio Vargas. Em 24 de agosto, \u00e0s 8h30, nos aposentos presidenciais, do Pal\u00e1cio do Catete, Rio de Janeiro. A capital da Rep\u00fablica, \u00e0 \u00e9poca. Com um tiro no peito, acuado pelas For\u00e7as Armadas, deixa a vida e entra para a Hist\u00f3ria. Sem \u2018expiar a culpa\u2019 pelas viola\u00e7\u00f5es dos direitos humanos executadas sob o Estado Novo.<\/p>\n<figure id=\"attachment_7124\" aria-describedby=\"caption-attachment-7124\" style=\"width: 1200px\" class=\"wp-caption alignnone\"><img loading=\"lazy\" decoding=\"async\" class=\"wp-image-7124 size-full\" src=\"https:\/\/renatodias.online\/movimento\/wp-content\/uploads\/2021\/06\/Janio-da-Silva-Quadros.jpg\" alt=\"\" width=\"1200\" height=\"675\" srcset=\"https:\/\/renatodias.online\/movimento\/wp-content\/uploads\/2021\/06\/Janio-da-Silva-Quadros.jpg 1200w, https:\/\/renatodias.online\/movimento\/wp-content\/uploads\/2021\/06\/Janio-da-Silva-Quadros-300x169.jpg 300w, https:\/\/renatodias.online\/movimento\/wp-content\/uploads\/2021\/06\/Janio-da-Silva-Quadros-768x432.jpg 768w, https:\/\/renatodias.online\/movimento\/wp-content\/uploads\/2021\/06\/Janio-da-Silva-Quadros-750x422.jpg 750w\" sizes=\"auto, (max-width: 1200px) 100vw, 1200px\" \/><figcaption id=\"caption-attachment-7124\" class=\"wp-caption-text\"><strong>J\u00e2nio da Silva Quadros<\/strong><\/figcaption><\/figure>\n<p>J\u00e2nio da Silva Quadros, a et\u00edlica vassoura, alega \u2018For\u00e7as Terr\u00edveis\u2019 para assinar a ren\u00fancia, em 25 de agosto, de 1961. Nada. Tratava-se de um autogolpe. N\u00e3o deu certo. Em tempos de guerra fria [1945-1991], o fantasma do comunismo \u00e9 disseminado no Brasil. Ex-zagueiro do Internacional de Porto Alegre, nas categorias de base, Jo\u00e3o Belchior Marques Goulart, que atendia m\u00faltiplas demandas de advers\u00e1rios, registradas em cartas, \u00e9 deposto. Em 1964.<\/p>\n<figure id=\"attachment_7109\" aria-describedby=\"caption-attachment-7109\" style=\"width: 1494px\" class=\"wp-caption alignnone\"><img loading=\"lazy\" decoding=\"async\" class=\"wp-image-7109 size-full\" src=\"https:\/\/renatodias.online\/movimento\/wp-content\/uploads\/2021\/06\/Joao-Belchior-Marques-Goulart-_-MR-8.jpg\" alt=\"\" width=\"1494\" height=\"681\" \/><figcaption id=\"caption-attachment-7109\" class=\"wp-caption-text\"><strong>Jo\u00e3o Belchior Marques Goulart, presidente da Rep\u00fablica<\/strong><\/figcaption><\/figure>\n<p>A data exata n\u00e3o seria 31 de mar\u00e7o. As tropas de Ol\u00edmpio Mour\u00e3o Filho, a suposta \u2018vaca farda\u00adda\u2019, saem de Juiz de Fora, Estado de Minas Gerais, e chegam \u00e0 Cidade Maravilhosa apenas em 2 de abril. O general Amaury Kruel faz chantagem ainda com Jango. Auro Moro Andrade, pre\u00adsidente do Senado Federal e do Congresso Nacional, abre sess\u00e3o, declara vaga a presid\u00eancia da Rep\u00fablica, com o atingido ainda no Brasil, para Rani\u00e9re Mazzilli assumir o cargo\u00a0no dia 2.<\/p>\n<figure id=\"attachment_7125\" aria-describedby=\"caption-attachment-7125\" style=\"width: 1200px\" class=\"wp-caption alignnone\"><img loading=\"lazy\" decoding=\"async\" class=\"wp-image-7125 size-full\" src=\"https:\/\/renatodias.online\/movimento\/wp-content\/uploads\/2021\/06\/Olimpio-Mourao-Filho.jpg\" alt=\"\" width=\"1200\" height=\"800\" srcset=\"https:\/\/renatodias.online\/movimento\/wp-content\/uploads\/2021\/06\/Olimpio-Mourao-Filho.jpg 1200w, https:\/\/renatodias.online\/movimento\/wp-content\/uploads\/2021\/06\/Olimpio-Mourao-Filho-300x200.jpg 300w, https:\/\/renatodias.online\/movimento\/wp-content\/uploads\/2021\/06\/Olimpio-Mourao-Filho-768x512.jpg 768w, https:\/\/renatodias.online\/movimento\/wp-content\/uploads\/2021\/06\/Olimpio-Mourao-Filho-360x240.jpg 360w, https:\/\/renatodias.online\/movimento\/wp-content\/uploads\/2021\/06\/Olimpio-Mourao-Filho-750x500.jpg 750w\" sizes=\"auto, (max-width: 1200px) 100vw, 1200px\" \/><figcaption id=\"caption-attachment-7125\" class=\"wp-caption-text\"><strong>Ol\u00edmpio Mour\u00e3o Filho<\/strong><\/figcaption><\/figure>\n<p>Nacional-estatista, em sua vers\u00e3o trabalhista, herdeiro de Get\u00falio Vargas, \u2018O Pai dos Pobres\u2019,\u00a0ele encontrava-se em solo. Documento, um bilhete de pr\u00f3prio punho do inquilino do Pal\u00e1cio do Planalto, com a data de 4 de abril de 1964, solicita o empenho de um aliado para que obte\u00adnha o seu asilo pol\u00edtico no Uruguai, pa\u00eds do Cone-Sul, que faz fronteira com o Brasil. Acusado de comunista, nunca foi um adepto de Karl Marx e Friedrich Engels. Muito menos um corrupto.<\/p>\n<figure id=\"attachment_7127\" aria-describedby=\"caption-attachment-7127\" style=\"width: 1200px\" class=\"wp-caption alignnone\"><img loading=\"lazy\" decoding=\"async\" class=\"wp-image-7127 size-full\" src=\"https:\/\/renatodias.online\/movimento\/wp-content\/uploads\/2021\/06\/Gregorio-Bezerra-Saiba-mais.jpeg\" alt=\"\" width=\"1200\" height=\"675\" srcset=\"https:\/\/renatodias.online\/movimento\/wp-content\/uploads\/2021\/06\/Gregorio-Bezerra-Saiba-mais.jpeg 1200w, https:\/\/renatodias.online\/movimento\/wp-content\/uploads\/2021\/06\/Gregorio-Bezerra-Saiba-mais-300x169.jpeg 300w, https:\/\/renatodias.online\/movimento\/wp-content\/uploads\/2021\/06\/Gregorio-Bezerra-Saiba-mais-768x432.jpeg 768w, https:\/\/renatodias.online\/movimento\/wp-content\/uploads\/2021\/06\/Gregorio-Bezerra-Saiba-mais-750x422.jpeg 750w\" sizes=\"auto, (max-width: 1200px) 100vw, 1200px\" \/><figcaption id=\"caption-attachment-7127\" class=\"wp-caption-text\"><strong>Greg\u00f3rio Bezerra<\/strong><\/figcaption><\/figure>\n<p>O \u2018Reino das Empreiteiras\u2019 tem in\u00edcio, sim, sob a ditadura civil e militar. Com a constru\u00e7\u00e3o de obras fara\u00f4nicas. Como a Transamaz\u00f4nica, a Usina de Itaipu, a Ponte Rio-Niter\u00f3i. Nascido no Uruguai, o embaixador do Brasil, no Chile, desde 1969, Ant\u00f4nio da C\u00e2mara Canto, nega ter ti\u00addo torturas, no Brasil. Registro imag\u00e9tico: j\u00e1 em 1\u00ba de abril, em Recife, o velho comunista Gre\u00adg\u00f3\u00adrio Bezerra \u00e9 torturado, com a sola dos p\u00e9s em carne viva, e exposto \u00e0 execra\u00e7\u00e3o p\u00fablica.<strong>\u00a0<\/strong><\/p>\n<p><strong>\u00a0<\/strong><\/p>\n<p>&nbsp;<\/p>\n<p>&nbsp;<\/p>\n","protected":false},"excerpt":{"rendered":"<p>Aos 92 anos, de Coronav\u00edrus Covid 19, morre vi\u00fava de l\u00edder comunista Uma mulher al\u00e9m do seu tempo Renato Dias Nascida em Recife, capital de Pernambuco, dia 2 de fevereiro de 1932, tr\u00eas anos antes do putsch pol\u00edtico e militar do PCB, ANL e a Terceira Internacional, Altamira Rodrigues Sobral, que viraria, em 1950, Maria<\/p>\n","protected":false},"author":2,"featured_media":10715,"comment_status":"open","ping_status":"open","sticky":false,"template":"","format":"standard","meta":{"_acf_changed":false,"_monsterinsights_skip_tracking":false,"_monsterinsights_sitenote_active":false,"_monsterinsights_sitenote_note":"","_monsterinsights_sitenote_category":0,"footnotes":""},"categories":[4],"tags":[],"class_list":["post-10663","post","type-post","status-publish","format-standard","has-post-thumbnail","hentry","category-politica"],"acf":[],"yoast_head":"<!-- This site is optimized with the Yoast SEO plugin v27.4 - https:\/\/yoast.com\/product\/yoast-seo-wordpress\/ -->\n<title>Adeus a Maria Prestes -<\/title>\n<meta name=\"robots\" content=\"index, follow, max-snippet:-1, max-image-preview:large, max-video-preview:-1\" \/>\n<link rel=\"canonical\" href=\"https:\/\/renatodias.online\/movimento\/2022\/02\/05\/adeus-a-maria-prestes\/\" \/>\n<meta property=\"og:locale\" content=\"pt_BR\" \/>\n<meta property=\"og:type\" content=\"article\" \/>\n<meta property=\"og:title\" content=\"Adeus a Maria Prestes -\" \/>\n<meta property=\"og:description\" content=\"Aos 92 anos, de Coronav\u00edrus Covid 19, morre vi\u00fava de l\u00edder comunista Uma mulher al\u00e9m do seu tempo Renato Dias Nascida em Recife, capital de Pernambuco, dia 2 de fevereiro de 1932, tr\u00eas anos antes do putsch pol\u00edtico e militar do PCB, ANL e a Terceira Internacional, Altamira Rodrigues Sobral, que viraria, em 1950, Maria\" \/>\n<meta property=\"og:url\" content=\"https:\/\/renatodias.online\/movimento\/2022\/02\/05\/adeus-a-maria-prestes\/\" \/>\n<meta property=\"article:publisher\" content=\"https:\/\/www.facebook.com\/renato.dias.37\" \/>\n<meta property=\"article:author\" content=\"https:\/\/www.facebook.com\/renato.dias.37\" \/>\n<meta property=\"article:published_time\" content=\"2022-02-05T16:36:20+00:00\" \/>\n<meta property=\"article:modified_time\" content=\"2022-02-05T19:07:53+00:00\" \/>\n<meta property=\"og:image\" content=\"https:\/\/renatodias.online\/movimento\/wp-content\/uploads\/2022\/02\/Maria-Prestes--e1644087129833.jpg\" \/>\n\t<meta property=\"og:image:width\" content=\"310\" \/>\n\t<meta property=\"og:image:height\" content=\"403\" \/>\n\t<meta property=\"og:image:type\" content=\"image\/jpeg\" \/>\n<meta name=\"author\" content=\"Renato Dias\" \/>\n<meta name=\"twitter:card\" content=\"summary_large_image\" \/>\n<meta name=\"twitter:creator\" content=\"@RenatoDiasBat\" \/>\n<meta name=\"twitter:site\" content=\"@RenatoDiasBat\" \/>\n<meta name=\"twitter:label1\" content=\"Escrito por\" \/>\n\t<meta name=\"twitter:data1\" content=\"Renato Dias\" \/>\n\t<meta name=\"twitter:label2\" content=\"Est. tempo de leitura\" \/>\n\t<meta name=\"twitter:data2\" content=\"12 minutos\" \/>\n<script type=\"application\/ld+json\" class=\"yoast-schema-graph\">{\"@context\":\"https:\\\/\\\/schema.org\",\"@graph\":[{\"@type\":\"Article\",\"@id\":\"https:\\\/\\\/renatodias.online\\\/movimento\\\/2022\\\/02\\\/05\\\/adeus-a-maria-prestes\\\/#article\",\"isPartOf\":{\"@id\":\"https:\\\/\\\/renatodias.online\\\/movimento\\\/2022\\\/02\\\/05\\\/adeus-a-maria-prestes\\\/\"},\"author\":{\"name\":\"Renato Dias\",\"@id\":\"https:\\\/\\\/renatodias.online\\\/movimento\\\/#\\\/schema\\\/person\\\/bbab28833b1725a20f4083f49f1fb2a9\"},\"headline\":\"Adeus a Maria Prestes\",\"datePublished\":\"2022-02-05T16:36:20+00:00\",\"dateModified\":\"2022-02-05T19:07:53+00:00\",\"mainEntityOfPage\":{\"@id\":\"https:\\\/\\\/renatodias.online\\\/movimento\\\/2022\\\/02\\\/05\\\/adeus-a-maria-prestes\\\/\"},\"wordCount\":2388,\"commentCount\":0,\"publisher\":{\"@id\":\"https:\\\/\\\/renatodias.online\\\/movimento\\\/#\\\/schema\\\/person\\\/bbab28833b1725a20f4083f49f1fb2a9\"},\"image\":{\"@id\":\"https:\\\/\\\/renatodias.online\\\/movimento\\\/2022\\\/02\\\/05\\\/adeus-a-maria-prestes\\\/#primaryimage\"},\"thumbnailUrl\":\"https:\\\/\\\/renatodias.online\\\/movimento\\\/wp-content\\\/uploads\\\/2022\\\/02\\\/Maria-Prestes--e1644087129833.jpg\",\"articleSection\":[\"Pol\u00edtica\"],\"inLanguage\":\"pt-BR\",\"potentialAction\":[{\"@type\":\"CommentAction\",\"name\":\"Comment\",\"target\":[\"https:\\\/\\\/renatodias.online\\\/movimento\\\/2022\\\/02\\\/05\\\/adeus-a-maria-prestes\\\/#respond\"]}]},{\"@type\":\"WebPage\",\"@id\":\"https:\\\/\\\/renatodias.online\\\/movimento\\\/2022\\\/02\\\/05\\\/adeus-a-maria-prestes\\\/\",\"url\":\"https:\\\/\\\/renatodias.online\\\/movimento\\\/2022\\\/02\\\/05\\\/adeus-a-maria-prestes\\\/\",\"name\":\"Adeus a Maria Prestes -\",\"isPartOf\":{\"@id\":\"https:\\\/\\\/renatodias.online\\\/movimento\\\/#website\"},\"primaryImageOfPage\":{\"@id\":\"https:\\\/\\\/renatodias.online\\\/movimento\\\/2022\\\/02\\\/05\\\/adeus-a-maria-prestes\\\/#primaryimage\"},\"image\":{\"@id\":\"https:\\\/\\\/renatodias.online\\\/movimento\\\/2022\\\/02\\\/05\\\/adeus-a-maria-prestes\\\/#primaryimage\"},\"thumbnailUrl\":\"https:\\\/\\\/renatodias.online\\\/movimento\\\/wp-content\\\/uploads\\\/2022\\\/02\\\/Maria-Prestes--e1644087129833.jpg\",\"datePublished\":\"2022-02-05T16:36:20+00:00\",\"dateModified\":\"2022-02-05T19:07:53+00:00\",\"breadcrumb\":{\"@id\":\"https:\\\/\\\/renatodias.online\\\/movimento\\\/2022\\\/02\\\/05\\\/adeus-a-maria-prestes\\\/#breadcrumb\"},\"inLanguage\":\"pt-BR\",\"potentialAction\":[{\"@type\":\"ReadAction\",\"target\":[\"https:\\\/\\\/renatodias.online\\\/movimento\\\/2022\\\/02\\\/05\\\/adeus-a-maria-prestes\\\/\"]}]},{\"@type\":\"ImageObject\",\"inLanguage\":\"pt-BR\",\"@id\":\"https:\\\/\\\/renatodias.online\\\/movimento\\\/2022\\\/02\\\/05\\\/adeus-a-maria-prestes\\\/#primaryimage\",\"url\":\"https:\\\/\\\/renatodias.online\\\/movimento\\\/wp-content\\\/uploads\\\/2022\\\/02\\\/Maria-Prestes--e1644087129833.jpg\",\"contentUrl\":\"https:\\\/\\\/renatodias.online\\\/movimento\\\/wp-content\\\/uploads\\\/2022\\\/02\\\/Maria-Prestes--e1644087129833.jpg\",\"width\":310,\"height\":403},{\"@type\":\"BreadcrumbList\",\"@id\":\"https:\\\/\\\/renatodias.online\\\/movimento\\\/2022\\\/02\\\/05\\\/adeus-a-maria-prestes\\\/#breadcrumb\",\"itemListElement\":[{\"@type\":\"ListItem\",\"position\":1,\"name\":\"In\u00edcio\",\"item\":\"https:\\\/\\\/renatodias.online\\\/movimento\\\/\"},{\"@type\":\"ListItem\",\"position\":2,\"name\":\"Adeus a Maria Prestes\"}]},{\"@type\":\"WebSite\",\"@id\":\"https:\\\/\\\/renatodias.online\\\/movimento\\\/#website\",\"url\":\"https:\\\/\\\/renatodias.online\\\/movimento\\\/\",\"name\":\"\",\"description\":\"\",\"publisher\":{\"@id\":\"https:\\\/\\\/renatodias.online\\\/movimento\\\/#\\\/schema\\\/person\\\/bbab28833b1725a20f4083f49f1fb2a9\"},\"potentialAction\":[{\"@type\":\"SearchAction\",\"target\":{\"@type\":\"EntryPoint\",\"urlTemplate\":\"https:\\\/\\\/renatodias.online\\\/movimento\\\/?s={search_term_string}\"},\"query-input\":{\"@type\":\"PropertyValueSpecification\",\"valueRequired\":true,\"valueName\":\"search_term_string\"}}],\"inLanguage\":\"pt-BR\"},{\"@type\":[\"Person\",\"Organization\"],\"@id\":\"https:\\\/\\\/renatodias.online\\\/movimento\\\/#\\\/schema\\\/person\\\/bbab28833b1725a20f4083f49f1fb2a9\",\"name\":\"Renato Dias\",\"image\":{\"@type\":\"ImageObject\",\"inLanguage\":\"pt-BR\",\"@id\":\"https:\\\/\\\/renatodias.online\\\/movimento\\\/wp-content\\\/uploads\\\/2023\\\/03\\\/cropped-cropped-cropped-logofinal.jpeg\",\"url\":\"https:\\\/\\\/renatodias.online\\\/movimento\\\/wp-content\\\/uploads\\\/2023\\\/03\\\/cropped-cropped-cropped-logofinal.jpeg\",\"contentUrl\":\"https:\\\/\\\/renatodias.online\\\/movimento\\\/wp-content\\\/uploads\\\/2023\\\/03\\\/cropped-cropped-cropped-logofinal.jpeg\",\"width\":1280,\"height\":219,\"caption\":\"Renato Dias\"},\"logo\":{\"@id\":\"https:\\\/\\\/renatodias.online\\\/movimento\\\/wp-content\\\/uploads\\\/2023\\\/03\\\/cropped-cropped-cropped-logofinal.jpeg\"},\"description\":\"Renato Dias, 58 anos, \u00e9 graduado em Jornalismo, formado em Ci\u00eancias Sociais, com p\u00f3s-gradua\u00e7\u00e3o em Pol\u00edticas P\u00fablicas, mestre em Direito e Rela\u00e7\u00f5es Internacionais, ex-aluno extraordin\u00e1rio do Doutorado em Psicologia Social, ex-estudante do Curso de Psican\u00e1lise do Centro de Estudos Psicanal\u00edticos do Estado de Goi\u00e1s, ministrado pelo m\u00e9dico psiquiatra e psicanalista Daniel Em\u00eddio de Souza. \u00c9 autor de 30 livros-reportagem, oito document\u00e1rios, ganhou 30 pr\u00eamios e \u00e9 torcedor apaixonado do maior do Centro-Oeste, o Vila Nova Futebol Clube. Casado com Meirilane Dias, \u00e9 pai de Juliana Dias, jornalista; Daniel Dias, economista; e Maria Rosa Dias, estudante antifascista, socialista e trotskista.\u00a0Com tr\u00eas pets: Porquinho [Bull Dog Franc\u00eas], Dalila [Basset Hound] e Geleia [Basset Hound]. Al\u00e9m do eterno gato Tutuquinho, que virou estrela.\",\"sameAs\":[\"https:\\\/\\\/www.facebook.com\\\/renato.dias.37\",\"#breve\",\"https:\\\/\\\/renatodias.tumblr.com\\\/\"],\"url\":\"https:\\\/\\\/renatodias.online\\\/movimento\\\/author\\\/renatodias\\\/\"}]}<\/script>\n<!-- \/ Yoast SEO plugin. -->","yoast_head_json":{"title":"Adeus a Maria Prestes -","robots":{"index":"index","follow":"follow","max-snippet":"max-snippet:-1","max-image-preview":"max-image-preview:large","max-video-preview":"max-video-preview:-1"},"canonical":"https:\/\/renatodias.online\/movimento\/2022\/02\/05\/adeus-a-maria-prestes\/","og_locale":"pt_BR","og_type":"article","og_title":"Adeus a Maria Prestes -","og_description":"Aos 92 anos, de Coronav\u00edrus Covid 19, morre vi\u00fava de l\u00edder comunista Uma mulher al\u00e9m do seu tempo Renato Dias Nascida em Recife, capital de Pernambuco, dia 2 de fevereiro de 1932, tr\u00eas anos antes do putsch pol\u00edtico e militar do PCB, ANL e a Terceira Internacional, Altamira Rodrigues Sobral, que viraria, em 1950, Maria","og_url":"https:\/\/renatodias.online\/movimento\/2022\/02\/05\/adeus-a-maria-prestes\/","article_publisher":"https:\/\/www.facebook.com\/renato.dias.37","article_author":"https:\/\/www.facebook.com\/renato.dias.37","article_published_time":"2022-02-05T16:36:20+00:00","article_modified_time":"2022-02-05T19:07:53+00:00","og_image":[{"width":310,"height":403,"url":"https:\/\/renatodias.online\/movimento\/wp-content\/uploads\/2022\/02\/Maria-Prestes--e1644087129833.jpg","type":"image\/jpeg"}],"author":"Renato Dias","twitter_card":"summary_large_image","twitter_creator":"@RenatoDiasBat","twitter_site":"@RenatoDiasBat","twitter_misc":{"Escrito por":"Renato Dias","Est. tempo de leitura":"12 minutos"},"schema":{"@context":"https:\/\/schema.org","@graph":[{"@type":"Article","@id":"https:\/\/renatodias.online\/movimento\/2022\/02\/05\/adeus-a-maria-prestes\/#article","isPartOf":{"@id":"https:\/\/renatodias.online\/movimento\/2022\/02\/05\/adeus-a-maria-prestes\/"},"author":{"name":"Renato Dias","@id":"https:\/\/renatodias.online\/movimento\/#\/schema\/person\/bbab28833b1725a20f4083f49f1fb2a9"},"headline":"Adeus a Maria Prestes","datePublished":"2022-02-05T16:36:20+00:00","dateModified":"2022-02-05T19:07:53+00:00","mainEntityOfPage":{"@id":"https:\/\/renatodias.online\/movimento\/2022\/02\/05\/adeus-a-maria-prestes\/"},"wordCount":2388,"commentCount":0,"publisher":{"@id":"https:\/\/renatodias.online\/movimento\/#\/schema\/person\/bbab28833b1725a20f4083f49f1fb2a9"},"image":{"@id":"https:\/\/renatodias.online\/movimento\/2022\/02\/05\/adeus-a-maria-prestes\/#primaryimage"},"thumbnailUrl":"https:\/\/renatodias.online\/movimento\/wp-content\/uploads\/2022\/02\/Maria-Prestes--e1644087129833.jpg","articleSection":["Pol\u00edtica"],"inLanguage":"pt-BR","potentialAction":[{"@type":"CommentAction","name":"Comment","target":["https:\/\/renatodias.online\/movimento\/2022\/02\/05\/adeus-a-maria-prestes\/#respond"]}]},{"@type":"WebPage","@id":"https:\/\/renatodias.online\/movimento\/2022\/02\/05\/adeus-a-maria-prestes\/","url":"https:\/\/renatodias.online\/movimento\/2022\/02\/05\/adeus-a-maria-prestes\/","name":"Adeus a Maria Prestes -","isPartOf":{"@id":"https:\/\/renatodias.online\/movimento\/#website"},"primaryImageOfPage":{"@id":"https:\/\/renatodias.online\/movimento\/2022\/02\/05\/adeus-a-maria-prestes\/#primaryimage"},"image":{"@id":"https:\/\/renatodias.online\/movimento\/2022\/02\/05\/adeus-a-maria-prestes\/#primaryimage"},"thumbnailUrl":"https:\/\/renatodias.online\/movimento\/wp-content\/uploads\/2022\/02\/Maria-Prestes--e1644087129833.jpg","datePublished":"2022-02-05T16:36:20+00:00","dateModified":"2022-02-05T19:07:53+00:00","breadcrumb":{"@id":"https:\/\/renatodias.online\/movimento\/2022\/02\/05\/adeus-a-maria-prestes\/#breadcrumb"},"inLanguage":"pt-BR","potentialAction":[{"@type":"ReadAction","target":["https:\/\/renatodias.online\/movimento\/2022\/02\/05\/adeus-a-maria-prestes\/"]}]},{"@type":"ImageObject","inLanguage":"pt-BR","@id":"https:\/\/renatodias.online\/movimento\/2022\/02\/05\/adeus-a-maria-prestes\/#primaryimage","url":"https:\/\/renatodias.online\/movimento\/wp-content\/uploads\/2022\/02\/Maria-Prestes--e1644087129833.jpg","contentUrl":"https:\/\/renatodias.online\/movimento\/wp-content\/uploads\/2022\/02\/Maria-Prestes--e1644087129833.jpg","width":310,"height":403},{"@type":"BreadcrumbList","@id":"https:\/\/renatodias.online\/movimento\/2022\/02\/05\/adeus-a-maria-prestes\/#breadcrumb","itemListElement":[{"@type":"ListItem","position":1,"name":"In\u00edcio","item":"https:\/\/renatodias.online\/movimento\/"},{"@type":"ListItem","position":2,"name":"Adeus a Maria Prestes"}]},{"@type":"WebSite","@id":"https:\/\/renatodias.online\/movimento\/#website","url":"https:\/\/renatodias.online\/movimento\/","name":"","description":"","publisher":{"@id":"https:\/\/renatodias.online\/movimento\/#\/schema\/person\/bbab28833b1725a20f4083f49f1fb2a9"},"potentialAction":[{"@type":"SearchAction","target":{"@type":"EntryPoint","urlTemplate":"https:\/\/renatodias.online\/movimento\/?s={search_term_string}"},"query-input":{"@type":"PropertyValueSpecification","valueRequired":true,"valueName":"search_term_string"}}],"inLanguage":"pt-BR"},{"@type":["Person","Organization"],"@id":"https:\/\/renatodias.online\/movimento\/#\/schema\/person\/bbab28833b1725a20f4083f49f1fb2a9","name":"Renato Dias","image":{"@type":"ImageObject","inLanguage":"pt-BR","@id":"https:\/\/renatodias.online\/movimento\/wp-content\/uploads\/2023\/03\/cropped-cropped-cropped-logofinal.jpeg","url":"https:\/\/renatodias.online\/movimento\/wp-content\/uploads\/2023\/03\/cropped-cropped-cropped-logofinal.jpeg","contentUrl":"https:\/\/renatodias.online\/movimento\/wp-content\/uploads\/2023\/03\/cropped-cropped-cropped-logofinal.jpeg","width":1280,"height":219,"caption":"Renato Dias"},"logo":{"@id":"https:\/\/renatodias.online\/movimento\/wp-content\/uploads\/2023\/03\/cropped-cropped-cropped-logofinal.jpeg"},"description":"Renato Dias, 58 anos, \u00e9 graduado em Jornalismo, formado em Ci\u00eancias Sociais, com p\u00f3s-gradua\u00e7\u00e3o em Pol\u00edticas P\u00fablicas, mestre em Direito e Rela\u00e7\u00f5es Internacionais, ex-aluno extraordin\u00e1rio do Doutorado em Psicologia Social, ex-estudante do Curso de Psican\u00e1lise do Centro de Estudos Psicanal\u00edticos do Estado de Goi\u00e1s, ministrado pelo m\u00e9dico psiquiatra e psicanalista Daniel Em\u00eddio de Souza. \u00c9 autor de 30 livros-reportagem, oito document\u00e1rios, ganhou 30 pr\u00eamios e \u00e9 torcedor apaixonado do maior do Centro-Oeste, o Vila Nova Futebol Clube. Casado com Meirilane Dias, \u00e9 pai de Juliana Dias, jornalista; Daniel Dias, economista; e Maria Rosa Dias, estudante antifascista, socialista e trotskista.\u00a0Com tr\u00eas pets: Porquinho [Bull Dog Franc\u00eas], Dalila [Basset Hound] e Geleia [Basset Hound]. Al\u00e9m do eterno gato Tutuquinho, que virou estrela.","sameAs":["https:\/\/www.facebook.com\/renato.dias.37","#breve","https:\/\/renatodias.tumblr.com\/"],"url":"https:\/\/renatodias.online\/movimento\/author\/renatodias\/"}]}},"_links":{"self":[{"href":"https:\/\/renatodias.online\/movimento\/wp-json\/wp\/v2\/posts\/10663","targetHints":{"allow":["GET"]}}],"collection":[{"href":"https:\/\/renatodias.online\/movimento\/wp-json\/wp\/v2\/posts"}],"about":[{"href":"https:\/\/renatodias.online\/movimento\/wp-json\/wp\/v2\/types\/post"}],"author":[{"embeddable":true,"href":"https:\/\/renatodias.online\/movimento\/wp-json\/wp\/v2\/users\/2"}],"replies":[{"embeddable":true,"href":"https:\/\/renatodias.online\/movimento\/wp-json\/wp\/v2\/comments?post=10663"}],"version-history":[{"count":2,"href":"https:\/\/renatodias.online\/movimento\/wp-json\/wp\/v2\/posts\/10663\/revisions"}],"predecessor-version":[{"id":10717,"href":"https:\/\/renatodias.online\/movimento\/wp-json\/wp\/v2\/posts\/10663\/revisions\/10717"}],"wp:featuredmedia":[{"embeddable":true,"href":"https:\/\/renatodias.online\/movimento\/wp-json\/wp\/v2\/media\/10715"}],"wp:attachment":[{"href":"https:\/\/renatodias.online\/movimento\/wp-json\/wp\/v2\/media?parent=10663"}],"wp:term":[{"taxonomy":"category","embeddable":true,"href":"https:\/\/renatodias.online\/movimento\/wp-json\/wp\/v2\/categories?post=10663"},{"taxonomy":"post_tag","embeddable":true,"href":"https:\/\/renatodias.online\/movimento\/wp-json\/wp\/v2\/tags?post=10663"}],"curies":[{"name":"wp","href":"https:\/\/api.w.org\/{rel}","templated":true}]}}