{"id":1065,"date":"2019-05-06T20:58:39","date_gmt":"2019-05-06T23:58:39","guid":{"rendered":"http:\/\/renatodias.online\/gyn\/?p=1065"},"modified":"2019-05-06T20:58:39","modified_gmt":"2019-05-06T23:58:39","slug":"estatuto-da-crianca-e-do-adolescente-exclusao-de-caderneta-em-debate","status":"publish","type":"post","link":"https:\/\/renatodias.online\/movimento\/2019\/05\/06\/estatuto-da-crianca-e-do-adolescente-exclusao-de-caderneta-em-debate\/","title":{"rendered":"Estatuto da Crian\u00e7a e do Adolescente Exclus\u00e3o de caderneta em debate"},"content":{"rendered":"<p>\t\t\t\t<strong>Estatuto da Crian\u00e7a e do Adolescente<\/strong><\/p>\n<p><strong>Exclus\u00e3o de caderneta em debate<\/strong><\/p>\n<p><strong>Confer\u00eancia ser\u00e1 realizada no dia 9 de maio de 2019, na pr\u00f3xima quinta-feira<\/strong><\/p>\n<p><strong>Renato Dias<\/strong><\/p>\n<p><strong>Da Editoria de Cidades<\/strong><\/p>\n<p>Direitos, deveres e&nbsp; a cidadania. \u00c9 o tema de confer\u00eancia dia 9 de maio de 2019. J\u00e1 na pr\u00f3xima quinta-feira. O estabelecimento \u00e9 a Escola Municipal Jesu\u00edna de Abreu. A unidade educacional est\u00e1 instalada no Parque Amaz\u00f4nia. A ideia original \u00e9 abrir o debate sobre o Estatuto da Crian\u00ad\u00e7a e do Adolescente. Com a utiliza\u00e7\u00e3o de uma metodologia l\u00fadica. Com 78 alunos. Do 9\u00ba ano. A palestra ser\u00e1 proferida pela assistente social Milka de Souza Costa, diz a organiza\u00e7\u00e3o do f\u00f3rum.<\/p>\n<p><strong>Plataforma cidad\u00e3<\/strong><\/p>\n<figure id=\"attachment_1066\" aria-describedby=\"caption-attachment-1066\" style=\"width: 298px\" class=\"wp-caption alignleft\"><img loading=\"lazy\" decoding=\"async\" src=\"http:\/\/renatodias.online\/gyn\/wp-content\/uploads\/2019\/05\/FB_IMG_1557144213712-milka-298x300.jpg\" alt=\"\" width=\"298\" height=\"300\" class=\"wp-image-1066 size-medium\"><figcaption id=\"caption-attachment-1066\" class=\"wp-caption-text\">Milka de Souza Costa<\/figcaption><\/figure>\n<p>A plataforma apresentada pela assistente social Milka de Souza Costa &nbsp;inclui a formata\u00e7\u00e3o de Direitos, deveres e cidadania. O que constitui o Estatuto da Crian\u00e7a e do Adolescente. Assim como 10 passos de uma alimenta\u00e7\u00e3o saud\u00e1vel e o papel da atividade f\u00edsica. Al\u00e9m da entrega e o recolhimento da caderneta do adolescente. Como a atividade te\u00f3rico-pr\u00e1tica em sa\u00fade bucal, sexo, sexualidade e m\u00e9todos contraceptivos e di\u00e1logo sobre \u00e1lcool e drogas psicoativas<\/p>\n<p>A equipe t\u00e9cnica do projeto \u00e9 formada por Deusa Simone Gomes de Souza, nutricionista e coordenadora; Milka de Souza Costa, assistente social; V\u00e2nia de F\u00e1tima Duarte Batista. &nbsp;odont\u00f3loga; Maria Aparecida de Oliveira Abreu, enfermeira; Sheila Cunha, musicoterapeuta. Coordenadoras do Distrito Sanit\u00e1rio Sul: Val\u00e9ria Nunes Pereira, \u00c2ngela Bete e Beatriz de Oliveira Dantas dos Santos, que exerce o papel de Coordenadora Administrativa do programa\t\t<\/p>\n","protected":false},"excerpt":{"rendered":"<p>Estatuto da Crian\u00e7a e do Adolescente Exclus\u00e3o de caderneta em debate Confer\u00eancia ser\u00e1 realizada no dia 9 de maio de 2019, na pr\u00f3xima quinta-feira Renato Dias Da Editoria de Cidades Direitos, deveres e&nbsp; a cidadania. \u00c9 o tema de confer\u00eancia dia 9 de maio de 2019. J\u00e1 na pr\u00f3xima quinta-feira. O estabelecimento \u00e9 a Escola<\/p>\n","protected":false},"author":2,"featured_media":1066,"comment_status":"open","ping_status":"open","sticky":false,"template":"","format":"standard","meta":{"_acf_changed":false,"_monsterinsights_skip_tracking":false,"_monsterinsights_sitenote_active":false,"_monsterinsights_sitenote_note":"","_monsterinsights_sitenote_category":0,"footnotes":""},"categories":[11],"tags":[],"class_list":["post-1065","post","type-post","status-publish","format-standard","has-post-thumbnail","hentry","category-eventos"],"acf":[],"yoast_head":"<!-- This site is optimized with the Yoast SEO plugin v27.4 - https:\/\/yoast.com\/product\/yoast-seo-wordpress\/ -->\n<title>Estatuto da Crian\u00e7a e do Adolescente Exclus\u00e3o de caderneta em debate -<\/title>\n<meta name=\"robots\" content=\"index, follow, max-snippet:-1, max-image-preview:large, max-video-preview:-1\" \/>\n<link rel=\"canonical\" href=\"https:\/\/renatodias.online\/movimento\/2019\/05\/06\/estatuto-da-crianca-e-do-adolescente-exclusao-de-caderneta-em-debate\/\" \/>\n<meta property=\"og:locale\" content=\"pt_BR\" \/>\n<meta property=\"og:type\" content=\"article\" \/>\n<meta property=\"og:title\" content=\"Estatuto da Crian\u00e7a e do Adolescente Exclus\u00e3o de caderneta em debate -\" \/>\n<meta property=\"og:description\" content=\"Estatuto da Crian\u00e7a e do Adolescente Exclus\u00e3o de caderneta em debate Confer\u00eancia ser\u00e1 realizada no dia 9 de maio de 2019, na pr\u00f3xima quinta-feira Renato Dias Da Editoria de Cidades Direitos, deveres e&nbsp; a cidadania. \u00c9 o tema de confer\u00eancia dia 9 de maio de 2019. J\u00e1 na pr\u00f3xima quinta-feira. O estabelecimento \u00e9 a Escola\" \/>\n<meta property=\"og:url\" content=\"https:\/\/renatodias.online\/movimento\/2019\/05\/06\/estatuto-da-crianca-e-do-adolescente-exclusao-de-caderneta-em-debate\/\" \/>\n<meta property=\"article:publisher\" content=\"https:\/\/www.facebook.com\/renato.dias.37\" \/>\n<meta property=\"article:author\" content=\"https:\/\/www.facebook.com\/renato.dias.37\" \/>\n<meta property=\"article:published_time\" content=\"2019-05-06T23:58:39+00:00\" \/>\n<meta name=\"author\" content=\"Renato Dias\" \/>\n<meta name=\"twitter:card\" content=\"summary_large_image\" \/>\n<meta name=\"twitter:creator\" content=\"@RenatoDiasBat\" \/>\n<meta name=\"twitter:site\" content=\"@RenatoDiasBat\" \/>\n<meta name=\"twitter:label1\" content=\"Escrito por\" \/>\n\t<meta name=\"twitter:data1\" content=\"Renato Dias\" \/>\n\t<meta name=\"twitter:label2\" content=\"Est. tempo de leitura\" \/>\n\t<meta name=\"twitter:data2\" content=\"1 minuto\" \/>\n<script type=\"application\/ld+json\" class=\"yoast-schema-graph\">{\"@context\":\"https:\\\/\\\/schema.org\",\"@graph\":[{\"@type\":\"Article\",\"@id\":\"https:\\\/\\\/renatodias.online\\\/movimento\\\/2019\\\/05\\\/06\\\/estatuto-da-crianca-e-do-adolescente-exclusao-de-caderneta-em-debate\\\/#article\",\"isPartOf\":{\"@id\":\"https:\\\/\\\/renatodias.online\\\/movimento\\\/2019\\\/05\\\/06\\\/estatuto-da-crianca-e-do-adolescente-exclusao-de-caderneta-em-debate\\\/\"},\"author\":{\"name\":\"Renato Dias\",\"@id\":\"https:\\\/\\\/renatodias.online\\\/movimento\\\/#\\\/schema\\\/person\\\/bbab28833b1725a20f4083f49f1fb2a9\"},\"headline\":\"Estatuto da Crian\u00e7a e do Adolescente Exclus\u00e3o de caderneta em debate\",\"datePublished\":\"2019-05-06T23:58:39+00:00\",\"mainEntityOfPage\":{\"@id\":\"https:\\\/\\\/renatodias.online\\\/movimento\\\/2019\\\/05\\\/06\\\/estatuto-da-crianca-e-do-adolescente-exclusao-de-caderneta-em-debate\\\/\"},\"wordCount\":293,\"commentCount\":0,\"publisher\":{\"@id\":\"https:\\\/\\\/renatodias.online\\\/movimento\\\/#\\\/schema\\\/person\\\/bbab28833b1725a20f4083f49f1fb2a9\"},\"image\":{\"@id\":\"https:\\\/\\\/renatodias.online\\\/movimento\\\/2019\\\/05\\\/06\\\/estatuto-da-crianca-e-do-adolescente-exclusao-de-caderneta-em-debate\\\/#primaryimage\"},\"thumbnailUrl\":\"\",\"articleSection\":[\"Eventos\"],\"inLanguage\":\"pt-BR\",\"potentialAction\":[{\"@type\":\"CommentAction\",\"name\":\"Comment\",\"target\":[\"https:\\\/\\\/renatodias.online\\\/movimento\\\/2019\\\/05\\\/06\\\/estatuto-da-crianca-e-do-adolescente-exclusao-de-caderneta-em-debate\\\/#respond\"]}]},{\"@type\":\"WebPage\",\"@id\":\"https:\\\/\\\/renatodias.online\\\/movimento\\\/2019\\\/05\\\/06\\\/estatuto-da-crianca-e-do-adolescente-exclusao-de-caderneta-em-debate\\\/\",\"url\":\"https:\\\/\\\/renatodias.online\\\/movimento\\\/2019\\\/05\\\/06\\\/estatuto-da-crianca-e-do-adolescente-exclusao-de-caderneta-em-debate\\\/\",\"name\":\"Estatuto da Crian\u00e7a e do Adolescente Exclus\u00e3o de caderneta em debate -\",\"isPartOf\":{\"@id\":\"https:\\\/\\\/renatodias.online\\\/movimento\\\/#website\"},\"primaryImageOfPage\":{\"@id\":\"https:\\\/\\\/renatodias.online\\\/movimento\\\/2019\\\/05\\\/06\\\/estatuto-da-crianca-e-do-adolescente-exclusao-de-caderneta-em-debate\\\/#primaryimage\"},\"image\":{\"@id\":\"https:\\\/\\\/renatodias.online\\\/movimento\\\/2019\\\/05\\\/06\\\/estatuto-da-crianca-e-do-adolescente-exclusao-de-caderneta-em-debate\\\/#primaryimage\"},\"thumbnailUrl\":\"\",\"datePublished\":\"2019-05-06T23:58:39+00:00\",\"breadcrumb\":{\"@id\":\"https:\\\/\\\/renatodias.online\\\/movimento\\\/2019\\\/05\\\/06\\\/estatuto-da-crianca-e-do-adolescente-exclusao-de-caderneta-em-debate\\\/#breadcrumb\"},\"inLanguage\":\"pt-BR\",\"potentialAction\":[{\"@type\":\"ReadAction\",\"target\":[\"https:\\\/\\\/renatodias.online\\\/movimento\\\/2019\\\/05\\\/06\\\/estatuto-da-crianca-e-do-adolescente-exclusao-de-caderneta-em-debate\\\/\"]}]},{\"@type\":\"ImageObject\",\"inLanguage\":\"pt-BR\",\"@id\":\"https:\\\/\\\/renatodias.online\\\/movimento\\\/2019\\\/05\\\/06\\\/estatuto-da-crianca-e-do-adolescente-exclusao-de-caderneta-em-debate\\\/#primaryimage\",\"url\":\"\",\"contentUrl\":\"\"},{\"@type\":\"BreadcrumbList\",\"@id\":\"https:\\\/\\\/renatodias.online\\\/movimento\\\/2019\\\/05\\\/06\\\/estatuto-da-crianca-e-do-adolescente-exclusao-de-caderneta-em-debate\\\/#breadcrumb\",\"itemListElement\":[{\"@type\":\"ListItem\",\"position\":1,\"name\":\"In\u00edcio\",\"item\":\"https:\\\/\\\/renatodias.online\\\/movimento\\\/\"},{\"@type\":\"ListItem\",\"position\":2,\"name\":\"Estatuto da Crian\u00e7a e do Adolescente Exclus\u00e3o de caderneta em debate\"}]},{\"@type\":\"WebSite\",\"@id\":\"https:\\\/\\\/renatodias.online\\\/movimento\\\/#website\",\"url\":\"https:\\\/\\\/renatodias.online\\\/movimento\\\/\",\"name\":\"\",\"description\":\"\",\"publisher\":{\"@id\":\"https:\\\/\\\/renatodias.online\\\/movimento\\\/#\\\/schema\\\/person\\\/bbab28833b1725a20f4083f49f1fb2a9\"},\"potentialAction\":[{\"@type\":\"SearchAction\",\"target\":{\"@type\":\"EntryPoint\",\"urlTemplate\":\"https:\\\/\\\/renatodias.online\\\/movimento\\\/?s={search_term_string}\"},\"query-input\":{\"@type\":\"PropertyValueSpecification\",\"valueRequired\":true,\"valueName\":\"search_term_string\"}}],\"inLanguage\":\"pt-BR\"},{\"@type\":[\"Person\",\"Organization\"],\"@id\":\"https:\\\/\\\/renatodias.online\\\/movimento\\\/#\\\/schema\\\/person\\\/bbab28833b1725a20f4083f49f1fb2a9\",\"name\":\"Renato Dias\",\"image\":{\"@type\":\"ImageObject\",\"inLanguage\":\"pt-BR\",\"@id\":\"https:\\\/\\\/renatodias.online\\\/movimento\\\/wp-content\\\/uploads\\\/2023\\\/03\\\/cropped-cropped-cropped-logofinal.jpeg\",\"url\":\"https:\\\/\\\/renatodias.online\\\/movimento\\\/wp-content\\\/uploads\\\/2023\\\/03\\\/cropped-cropped-cropped-logofinal.jpeg\",\"contentUrl\":\"https:\\\/\\\/renatodias.online\\\/movimento\\\/wp-content\\\/uploads\\\/2023\\\/03\\\/cropped-cropped-cropped-logofinal.jpeg\",\"width\":1280,\"height\":219,\"caption\":\"Renato Dias\"},\"logo\":{\"@id\":\"https:\\\/\\\/renatodias.online\\\/movimento\\\/wp-content\\\/uploads\\\/2023\\\/03\\\/cropped-cropped-cropped-logofinal.jpeg\"},\"description\":\"Renato Dias, 58 anos, \u00e9 graduado em Jornalismo, formado em Ci\u00eancias Sociais, com p\u00f3s-gradua\u00e7\u00e3o em Pol\u00edticas P\u00fablicas, mestre em Direito e Rela\u00e7\u00f5es Internacionais, ex-aluno extraordin\u00e1rio do Doutorado em Psicologia Social, ex-estudante do Curso de Psican\u00e1lise do Centro de Estudos Psicanal\u00edticos do Estado de Goi\u00e1s, ministrado pelo m\u00e9dico psiquiatra e psicanalista Daniel Em\u00eddio de Souza. \u00c9 autor de 30 livros-reportagem, oito document\u00e1rios, ganhou 30 pr\u00eamios e \u00e9 torcedor apaixonado do maior do Centro-Oeste, o Vila Nova Futebol Clube. Casado com Meirilane Dias, \u00e9 pai de Juliana Dias, jornalista; Daniel Dias, economista; e Maria Rosa Dias, estudante antifascista, socialista e trotskista.\u00a0Com tr\u00eas pets: Porquinho [Bull Dog Franc\u00eas], Dalila [Basset Hound] e Geleia [Basset Hound]. Al\u00e9m do eterno gato Tutuquinho, que virou estrela.\",\"sameAs\":[\"https:\\\/\\\/www.facebook.com\\\/renato.dias.37\",\"#breve\",\"https:\\\/\\\/renatodias.tumblr.com\\\/\"],\"url\":\"https:\\\/\\\/renatodias.online\\\/movimento\\\/author\\\/renatodias\\\/\"}]}<\/script>\n<!-- \/ Yoast SEO plugin. -->","yoast_head_json":{"title":"Estatuto da Crian\u00e7a e do Adolescente Exclus\u00e3o de caderneta em debate -","robots":{"index":"index","follow":"follow","max-snippet":"max-snippet:-1","max-image-preview":"max-image-preview:large","max-video-preview":"max-video-preview:-1"},"canonical":"https:\/\/renatodias.online\/movimento\/2019\/05\/06\/estatuto-da-crianca-e-do-adolescente-exclusao-de-caderneta-em-debate\/","og_locale":"pt_BR","og_type":"article","og_title":"Estatuto da Crian\u00e7a e do Adolescente Exclus\u00e3o de caderneta em debate -","og_description":"Estatuto da Crian\u00e7a e do Adolescente Exclus\u00e3o de caderneta em debate Confer\u00eancia ser\u00e1 realizada no dia 9 de maio de 2019, na pr\u00f3xima quinta-feira Renato Dias Da Editoria de Cidades Direitos, deveres e&nbsp; a cidadania. \u00c9 o tema de confer\u00eancia dia 9 de maio de 2019. J\u00e1 na pr\u00f3xima quinta-feira. O estabelecimento \u00e9 a Escola","og_url":"https:\/\/renatodias.online\/movimento\/2019\/05\/06\/estatuto-da-crianca-e-do-adolescente-exclusao-de-caderneta-em-debate\/","article_publisher":"https:\/\/www.facebook.com\/renato.dias.37","article_author":"https:\/\/www.facebook.com\/renato.dias.37","article_published_time":"2019-05-06T23:58:39+00:00","author":"Renato Dias","twitter_card":"summary_large_image","twitter_creator":"@RenatoDiasBat","twitter_site":"@RenatoDiasBat","twitter_misc":{"Escrito por":"Renato Dias","Est. tempo de leitura":"1 minuto"},"schema":{"@context":"https:\/\/schema.org","@graph":[{"@type":"Article","@id":"https:\/\/renatodias.online\/movimento\/2019\/05\/06\/estatuto-da-crianca-e-do-adolescente-exclusao-de-caderneta-em-debate\/#article","isPartOf":{"@id":"https:\/\/renatodias.online\/movimento\/2019\/05\/06\/estatuto-da-crianca-e-do-adolescente-exclusao-de-caderneta-em-debate\/"},"author":{"name":"Renato Dias","@id":"https:\/\/renatodias.online\/movimento\/#\/schema\/person\/bbab28833b1725a20f4083f49f1fb2a9"},"headline":"Estatuto da Crian\u00e7a e do Adolescente Exclus\u00e3o de caderneta em debate","datePublished":"2019-05-06T23:58:39+00:00","mainEntityOfPage":{"@id":"https:\/\/renatodias.online\/movimento\/2019\/05\/06\/estatuto-da-crianca-e-do-adolescente-exclusao-de-caderneta-em-debate\/"},"wordCount":293,"commentCount":0,"publisher":{"@id":"https:\/\/renatodias.online\/movimento\/#\/schema\/person\/bbab28833b1725a20f4083f49f1fb2a9"},"image":{"@id":"https:\/\/renatodias.online\/movimento\/2019\/05\/06\/estatuto-da-crianca-e-do-adolescente-exclusao-de-caderneta-em-debate\/#primaryimage"},"thumbnailUrl":"","articleSection":["Eventos"],"inLanguage":"pt-BR","potentialAction":[{"@type":"CommentAction","name":"Comment","target":["https:\/\/renatodias.online\/movimento\/2019\/05\/06\/estatuto-da-crianca-e-do-adolescente-exclusao-de-caderneta-em-debate\/#respond"]}]},{"@type":"WebPage","@id":"https:\/\/renatodias.online\/movimento\/2019\/05\/06\/estatuto-da-crianca-e-do-adolescente-exclusao-de-caderneta-em-debate\/","url":"https:\/\/renatodias.online\/movimento\/2019\/05\/06\/estatuto-da-crianca-e-do-adolescente-exclusao-de-caderneta-em-debate\/","name":"Estatuto da Crian\u00e7a e do Adolescente Exclus\u00e3o de caderneta em debate -","isPartOf":{"@id":"https:\/\/renatodias.online\/movimento\/#website"},"primaryImageOfPage":{"@id":"https:\/\/renatodias.online\/movimento\/2019\/05\/06\/estatuto-da-crianca-e-do-adolescente-exclusao-de-caderneta-em-debate\/#primaryimage"},"image":{"@id":"https:\/\/renatodias.online\/movimento\/2019\/05\/06\/estatuto-da-crianca-e-do-adolescente-exclusao-de-caderneta-em-debate\/#primaryimage"},"thumbnailUrl":"","datePublished":"2019-05-06T23:58:39+00:00","breadcrumb":{"@id":"https:\/\/renatodias.online\/movimento\/2019\/05\/06\/estatuto-da-crianca-e-do-adolescente-exclusao-de-caderneta-em-debate\/#breadcrumb"},"inLanguage":"pt-BR","potentialAction":[{"@type":"ReadAction","target":["https:\/\/renatodias.online\/movimento\/2019\/05\/06\/estatuto-da-crianca-e-do-adolescente-exclusao-de-caderneta-em-debate\/"]}]},{"@type":"ImageObject","inLanguage":"pt-BR","@id":"https:\/\/renatodias.online\/movimento\/2019\/05\/06\/estatuto-da-crianca-e-do-adolescente-exclusao-de-caderneta-em-debate\/#primaryimage","url":"","contentUrl":""},{"@type":"BreadcrumbList","@id":"https:\/\/renatodias.online\/movimento\/2019\/05\/06\/estatuto-da-crianca-e-do-adolescente-exclusao-de-caderneta-em-debate\/#breadcrumb","itemListElement":[{"@type":"ListItem","position":1,"name":"In\u00edcio","item":"https:\/\/renatodias.online\/movimento\/"},{"@type":"ListItem","position":2,"name":"Estatuto da Crian\u00e7a e do Adolescente Exclus\u00e3o de caderneta em debate"}]},{"@type":"WebSite","@id":"https:\/\/renatodias.online\/movimento\/#website","url":"https:\/\/renatodias.online\/movimento\/","name":"","description":"","publisher":{"@id":"https:\/\/renatodias.online\/movimento\/#\/schema\/person\/bbab28833b1725a20f4083f49f1fb2a9"},"potentialAction":[{"@type":"SearchAction","target":{"@type":"EntryPoint","urlTemplate":"https:\/\/renatodias.online\/movimento\/?s={search_term_string}"},"query-input":{"@type":"PropertyValueSpecification","valueRequired":true,"valueName":"search_term_string"}}],"inLanguage":"pt-BR"},{"@type":["Person","Organization"],"@id":"https:\/\/renatodias.online\/movimento\/#\/schema\/person\/bbab28833b1725a20f4083f49f1fb2a9","name":"Renato Dias","image":{"@type":"ImageObject","inLanguage":"pt-BR","@id":"https:\/\/renatodias.online\/movimento\/wp-content\/uploads\/2023\/03\/cropped-cropped-cropped-logofinal.jpeg","url":"https:\/\/renatodias.online\/movimento\/wp-content\/uploads\/2023\/03\/cropped-cropped-cropped-logofinal.jpeg","contentUrl":"https:\/\/renatodias.online\/movimento\/wp-content\/uploads\/2023\/03\/cropped-cropped-cropped-logofinal.jpeg","width":1280,"height":219,"caption":"Renato Dias"},"logo":{"@id":"https:\/\/renatodias.online\/movimento\/wp-content\/uploads\/2023\/03\/cropped-cropped-cropped-logofinal.jpeg"},"description":"Renato Dias, 58 anos, \u00e9 graduado em Jornalismo, formado em Ci\u00eancias Sociais, com p\u00f3s-gradua\u00e7\u00e3o em Pol\u00edticas P\u00fablicas, mestre em Direito e Rela\u00e7\u00f5es Internacionais, ex-aluno extraordin\u00e1rio do Doutorado em Psicologia Social, ex-estudante do Curso de Psican\u00e1lise do Centro de Estudos Psicanal\u00edticos do Estado de Goi\u00e1s, ministrado pelo m\u00e9dico psiquiatra e psicanalista Daniel Em\u00eddio de Souza. \u00c9 autor de 30 livros-reportagem, oito document\u00e1rios, ganhou 30 pr\u00eamios e \u00e9 torcedor apaixonado do maior do Centro-Oeste, o Vila Nova Futebol Clube. Casado com Meirilane Dias, \u00e9 pai de Juliana Dias, jornalista; Daniel Dias, economista; e Maria Rosa Dias, estudante antifascista, socialista e trotskista.\u00a0Com tr\u00eas pets: Porquinho [Bull Dog Franc\u00eas], Dalila [Basset Hound] e Geleia [Basset Hound]. Al\u00e9m do eterno gato Tutuquinho, que virou estrela.","sameAs":["https:\/\/www.facebook.com\/renato.dias.37","#breve","https:\/\/renatodias.tumblr.com\/"],"url":"https:\/\/renatodias.online\/movimento\/author\/renatodias\/"}]}},"_links":{"self":[{"href":"https:\/\/renatodias.online\/movimento\/wp-json\/wp\/v2\/posts\/1065","targetHints":{"allow":["GET"]}}],"collection":[{"href":"https:\/\/renatodias.online\/movimento\/wp-json\/wp\/v2\/posts"}],"about":[{"href":"https:\/\/renatodias.online\/movimento\/wp-json\/wp\/v2\/types\/post"}],"author":[{"embeddable":true,"href":"https:\/\/renatodias.online\/movimento\/wp-json\/wp\/v2\/users\/2"}],"replies":[{"embeddable":true,"href":"https:\/\/renatodias.online\/movimento\/wp-json\/wp\/v2\/comments?post=1065"}],"version-history":[{"count":0,"href":"https:\/\/renatodias.online\/movimento\/wp-json\/wp\/v2\/posts\/1065\/revisions"}],"wp:featuredmedia":[{"embeddable":true,"href":"https:\/\/renatodias.online\/movimento\/wp-json\/"}],"wp:attachment":[{"href":"https:\/\/renatodias.online\/movimento\/wp-json\/wp\/v2\/media?parent=1065"}],"wp:term":[{"taxonomy":"category","embeddable":true,"href":"https:\/\/renatodias.online\/movimento\/wp-json\/wp\/v2\/categories?post=1065"},{"taxonomy":"post_tag","embeddable":true,"href":"https:\/\/renatodias.online\/movimento\/wp-json\/wp\/v2\/tags?post=1065"}],"curies":[{"name":"wp","href":"https:\/\/api.w.org\/{rel}","templated":true}]}}