{"id":1062,"date":"2019-05-06T20:54:09","date_gmt":"2019-05-06T23:54:09","guid":{"rendered":"http:\/\/renatodias.online\/gyn\/?p=1062"},"modified":"2019-05-06T20:54:09","modified_gmt":"2019-05-06T23:54:09","slug":"samba-mpb-rock-sessao-seis-e-meia-sera-aberta-amanha","status":"publish","type":"post","link":"https:\/\/renatodias.online\/movimento\/2019\/05\/06\/samba-mpb-rock-sessao-seis-e-meia-sera-aberta-amanha\/","title":{"rendered":"Samba, MPB &#038; rock Sess\u00e3o seis e meia ser\u00e1 aberta amanh\u00e3"},"content":{"rendered":"<p>\t\t\t\t<strong>Samba, MPB &amp; rock<\/strong><\/p>\n<p><img loading=\"lazy\" decoding=\"async\" src=\"http:\/\/renatodias.online\/gyn\/wp-content\/uploads\/2019\/05\/Casa-Blanca-Renato-Castelo-1024x1024.jpg\" alt=\"\" width=\"750\" height=\"750\" class=\"aligncenter wp-image-1063 size-large\" \/><\/p>\n<p><strong>Sess\u00e3o seis e meia ser\u00e1 aberta amanh\u00e3<\/strong><\/p>\n<p><strong>Sob organiza\u00e7\u00e3o de Itamar Correia, com Renato Castelo e Elson Ara\u00fajo<\/strong><\/p>\n<p><strong>Renato Dias<\/strong><\/p>\n<p><strong>Da Editoria do DM Revista<\/strong><\/p>\n<p>Autor do cl\u00e1ssico do samba \u2018<strong>Na Vila Oper\u00e1ria\u2019<\/strong>, o cantor e compositor Renato Castelo abre, a\u00adma\u00ad\u00adnh\u00e3, 8 de maio de 2019, quarta-feira, 18h30, hor\u00e1rio com pontualidade brit\u00e2nica, o <strong>\u2018Projeto Musical Casablanca Sess\u00e3o Seis e Meia\u2019<\/strong>. O point gastron\u00f4mico e cultural da vanguarda este\u00adti\u00adca em Goi\u00e2nia est\u00e1 instalado, hoje, \u00e0 Rua 3, n\u00famero 1.239, Centro, Goi\u00e2nia, capital de Goi\u00e1s. Com o cantor, compositor, violonista, cavaquinista, bandolinista e produtor Elson Ara\u00fajo.<\/p>\n<p>\u00c9 a abertura da temporada de um novo e descolado espa\u00e7o adaptado para apresenta\u00e7\u00f5es de m\u00fasicas brasileiras e internacionais de boa qualidade, composi\u00e7\u00f5es autorais, int\u00e9rpretes e de compositores, informa o artista Itamar Correia. Assim como para cantoras e cantores, poetas e poetisas, diz. Com programa\u00e7\u00f5es definidas: dias 8, 15, 22 e 29. \u2018<strong>Vila Oper\u00e1ria\u2019<\/strong> \u00e9 um samba, \u00a0o\u00adbra que possui o valor art\u00edstico, musical e cultural para Goi\u00e2nia, afirma o organizador da noite<\/p>\n<p><strong>Meu amor, minha cidade<\/strong><\/p>\n<p>O <strong>Musical Casablanca Sess\u00e3o Seis e Meia<\/strong> \u00e9 mais uma das idealiza\u00e7\u00f5es e produ\u00e7\u00f5es musicais do cantor e compositor Itamar Correia. Tempos atr\u00e1s, ele produziu os projetos musicais Toca Oca, Esquina Musical e Goi\u00e2nia Zona Azul. No Casablanca, lan\u00e7ar\u00e1, em breve, o Show Musical e o CD de sua autoria e composi\u00e7\u00e3o <strong>\u2018Meu Amor Minha Cidade\u2019<\/strong>. Com m\u00fasicas especialmente compostas para a nossa capital.\u00a0 O velho cancioneiro de protesto \u00e9 um egresso do ano de 1968<\/p>\n<p><strong>Servi\u00e7o<\/strong><\/p>\n<p><strong>O que: <\/strong>projeto Musical<\/p>\n<p><strong>T\u00edtulo:<\/strong> Casablanca Sess\u00e3o Seis e Meia<\/p>\n<p><strong>Lan\u00e7amento:<\/strong> Amanh\u00e3, 8 de maio de 2019<\/p>\n<p><strong>Hor\u00e1rio:<\/strong> 18h30<\/p>\n<p><strong>Local:<\/strong> \u00e0 Rua 3, n\u00famero 1.239, Centro, Goi\u00e2nia, capital do Estado<\/p>\n<p><strong>Artistas:<\/strong> Renato Castelo e Elson Ara\u00fajo<\/p>\n<p><strong>Organiza\u00e7\u00e3o:<\/strong> Itamar Correia\t\t<\/p>\n","protected":false},"excerpt":{"rendered":"<p>Samba, MPB &amp; rock Sess\u00e3o seis e meia ser\u00e1 aberta amanh\u00e3 Sob organiza\u00e7\u00e3o de Itamar Correia, com Renato Castelo e Elson Ara\u00fajo Renato Dias Da Editoria do DM Revista Autor do cl\u00e1ssico do samba \u2018Na Vila Oper\u00e1ria\u2019, o cantor e compositor Renato Castelo abre, a\u00adma\u00ad\u00adnh\u00e3, 8 de maio de 2019, quarta-feira, 18h30, hor\u00e1rio com pontualidade<\/p>\n","protected":false},"author":2,"featured_media":1063,"comment_status":"open","ping_status":"open","sticky":false,"template":"","format":"standard","meta":{"_acf_changed":false,"_monsterinsights_skip_tracking":false,"_monsterinsights_sitenote_active":false,"_monsterinsights_sitenote_note":"","_monsterinsights_sitenote_category":0,"footnotes":""},"categories":[28,29],"tags":[],"class_list":["post-1062","post","type-post","status-publish","format-standard","has-post-thumbnail","hentry","category-cultura","category-shows"],"acf":[],"yoast_head":"<!-- This site is optimized with the Yoast SEO plugin v27.4 - https:\/\/yoast.com\/product\/yoast-seo-wordpress\/ -->\n<title>Samba, MPB &amp; rock Sess\u00e3o seis e meia ser\u00e1 aberta amanh\u00e3 -<\/title>\n<meta name=\"robots\" content=\"index, follow, max-snippet:-1, max-image-preview:large, max-video-preview:-1\" \/>\n<link rel=\"canonical\" href=\"https:\/\/renatodias.online\/movimento\/2019\/05\/06\/samba-mpb-rock-sessao-seis-e-meia-sera-aberta-amanha\/\" \/>\n<meta property=\"og:locale\" content=\"pt_BR\" \/>\n<meta property=\"og:type\" content=\"article\" \/>\n<meta property=\"og:title\" content=\"Samba, MPB &amp; rock Sess\u00e3o seis e meia ser\u00e1 aberta amanh\u00e3 -\" \/>\n<meta property=\"og:description\" content=\"Samba, MPB &amp; rock Sess\u00e3o seis e meia ser\u00e1 aberta amanh\u00e3 Sob organiza\u00e7\u00e3o de Itamar Correia, com Renato Castelo e Elson Ara\u00fajo Renato Dias Da Editoria do DM Revista Autor do cl\u00e1ssico do samba \u2018Na Vila Oper\u00e1ria\u2019, o cantor e compositor Renato Castelo abre, a\u00adma\u00ad\u00adnh\u00e3, 8 de maio de 2019, quarta-feira, 18h30, hor\u00e1rio com pontualidade\" \/>\n<meta property=\"og:url\" content=\"https:\/\/renatodias.online\/movimento\/2019\/05\/06\/samba-mpb-rock-sessao-seis-e-meia-sera-aberta-amanha\/\" \/>\n<meta property=\"article:publisher\" content=\"https:\/\/www.facebook.com\/renato.dias.37\" \/>\n<meta property=\"article:author\" content=\"https:\/\/www.facebook.com\/renato.dias.37\" \/>\n<meta property=\"article:published_time\" content=\"2019-05-06T23:54:09+00:00\" \/>\n<meta name=\"author\" content=\"Renato Dias\" \/>\n<meta name=\"twitter:card\" content=\"summary_large_image\" \/>\n<meta name=\"twitter:creator\" content=\"@RenatoDiasBat\" \/>\n<meta name=\"twitter:site\" content=\"@RenatoDiasBat\" \/>\n<meta name=\"twitter:label1\" content=\"Escrito por\" \/>\n\t<meta name=\"twitter:data1\" content=\"Renato Dias\" \/>\n\t<meta name=\"twitter:label2\" content=\"Est. tempo de leitura\" \/>\n\t<meta name=\"twitter:data2\" content=\"2 minutos\" \/>\n<script type=\"application\/ld+json\" class=\"yoast-schema-graph\">{\"@context\":\"https:\\\/\\\/schema.org\",\"@graph\":[{\"@type\":\"Article\",\"@id\":\"https:\\\/\\\/renatodias.online\\\/movimento\\\/2019\\\/05\\\/06\\\/samba-mpb-rock-sessao-seis-e-meia-sera-aberta-amanha\\\/#article\",\"isPartOf\":{\"@id\":\"https:\\\/\\\/renatodias.online\\\/movimento\\\/2019\\\/05\\\/06\\\/samba-mpb-rock-sessao-seis-e-meia-sera-aberta-amanha\\\/\"},\"author\":{\"name\":\"Renato Dias\",\"@id\":\"https:\\\/\\\/renatodias.online\\\/movimento\\\/#\\\/schema\\\/person\\\/bbab28833b1725a20f4083f49f1fb2a9\"},\"headline\":\"Samba, MPB &#038; rock Sess\u00e3o seis e meia ser\u00e1 aberta amanh\u00e3\",\"datePublished\":\"2019-05-06T23:54:09+00:00\",\"mainEntityOfPage\":{\"@id\":\"https:\\\/\\\/renatodias.online\\\/movimento\\\/2019\\\/05\\\/06\\\/samba-mpb-rock-sessao-seis-e-meia-sera-aberta-amanha\\\/\"},\"wordCount\":328,\"commentCount\":0,\"publisher\":{\"@id\":\"https:\\\/\\\/renatodias.online\\\/movimento\\\/#\\\/schema\\\/person\\\/bbab28833b1725a20f4083f49f1fb2a9\"},\"image\":{\"@id\":\"https:\\\/\\\/renatodias.online\\\/movimento\\\/2019\\\/05\\\/06\\\/samba-mpb-rock-sessao-seis-e-meia-sera-aberta-amanha\\\/#primaryimage\"},\"thumbnailUrl\":\"\",\"articleSection\":[\"Cultura\",\"Shows\"],\"inLanguage\":\"pt-BR\",\"potentialAction\":[{\"@type\":\"CommentAction\",\"name\":\"Comment\",\"target\":[\"https:\\\/\\\/renatodias.online\\\/movimento\\\/2019\\\/05\\\/06\\\/samba-mpb-rock-sessao-seis-e-meia-sera-aberta-amanha\\\/#respond\"]}]},{\"@type\":\"WebPage\",\"@id\":\"https:\\\/\\\/renatodias.online\\\/movimento\\\/2019\\\/05\\\/06\\\/samba-mpb-rock-sessao-seis-e-meia-sera-aberta-amanha\\\/\",\"url\":\"https:\\\/\\\/renatodias.online\\\/movimento\\\/2019\\\/05\\\/06\\\/samba-mpb-rock-sessao-seis-e-meia-sera-aberta-amanha\\\/\",\"name\":\"Samba, MPB & rock Sess\u00e3o seis e meia ser\u00e1 aberta amanh\u00e3 -\",\"isPartOf\":{\"@id\":\"https:\\\/\\\/renatodias.online\\\/movimento\\\/#website\"},\"primaryImageOfPage\":{\"@id\":\"https:\\\/\\\/renatodias.online\\\/movimento\\\/2019\\\/05\\\/06\\\/samba-mpb-rock-sessao-seis-e-meia-sera-aberta-amanha\\\/#primaryimage\"},\"image\":{\"@id\":\"https:\\\/\\\/renatodias.online\\\/movimento\\\/2019\\\/05\\\/06\\\/samba-mpb-rock-sessao-seis-e-meia-sera-aberta-amanha\\\/#primaryimage\"},\"thumbnailUrl\":\"\",\"datePublished\":\"2019-05-06T23:54:09+00:00\",\"breadcrumb\":{\"@id\":\"https:\\\/\\\/renatodias.online\\\/movimento\\\/2019\\\/05\\\/06\\\/samba-mpb-rock-sessao-seis-e-meia-sera-aberta-amanha\\\/#breadcrumb\"},\"inLanguage\":\"pt-BR\",\"potentialAction\":[{\"@type\":\"ReadAction\",\"target\":[\"https:\\\/\\\/renatodias.online\\\/movimento\\\/2019\\\/05\\\/06\\\/samba-mpb-rock-sessao-seis-e-meia-sera-aberta-amanha\\\/\"]}]},{\"@type\":\"ImageObject\",\"inLanguage\":\"pt-BR\",\"@id\":\"https:\\\/\\\/renatodias.online\\\/movimento\\\/2019\\\/05\\\/06\\\/samba-mpb-rock-sessao-seis-e-meia-sera-aberta-amanha\\\/#primaryimage\",\"url\":\"\",\"contentUrl\":\"\"},{\"@type\":\"BreadcrumbList\",\"@id\":\"https:\\\/\\\/renatodias.online\\\/movimento\\\/2019\\\/05\\\/06\\\/samba-mpb-rock-sessao-seis-e-meia-sera-aberta-amanha\\\/#breadcrumb\",\"itemListElement\":[{\"@type\":\"ListItem\",\"position\":1,\"name\":\"In\u00edcio\",\"item\":\"https:\\\/\\\/renatodias.online\\\/movimento\\\/\"},{\"@type\":\"ListItem\",\"position\":2,\"name\":\"Samba, MPB &#038; rock Sess\u00e3o seis e meia ser\u00e1 aberta amanh\u00e3\"}]},{\"@type\":\"WebSite\",\"@id\":\"https:\\\/\\\/renatodias.online\\\/movimento\\\/#website\",\"url\":\"https:\\\/\\\/renatodias.online\\\/movimento\\\/\",\"name\":\"\",\"description\":\"\",\"publisher\":{\"@id\":\"https:\\\/\\\/renatodias.online\\\/movimento\\\/#\\\/schema\\\/person\\\/bbab28833b1725a20f4083f49f1fb2a9\"},\"potentialAction\":[{\"@type\":\"SearchAction\",\"target\":{\"@type\":\"EntryPoint\",\"urlTemplate\":\"https:\\\/\\\/renatodias.online\\\/movimento\\\/?s={search_term_string}\"},\"query-input\":{\"@type\":\"PropertyValueSpecification\",\"valueRequired\":true,\"valueName\":\"search_term_string\"}}],\"inLanguage\":\"pt-BR\"},{\"@type\":[\"Person\",\"Organization\"],\"@id\":\"https:\\\/\\\/renatodias.online\\\/movimento\\\/#\\\/schema\\\/person\\\/bbab28833b1725a20f4083f49f1fb2a9\",\"name\":\"Renato Dias\",\"image\":{\"@type\":\"ImageObject\",\"inLanguage\":\"pt-BR\",\"@id\":\"https:\\\/\\\/renatodias.online\\\/movimento\\\/wp-content\\\/uploads\\\/2023\\\/03\\\/cropped-cropped-cropped-logofinal.jpeg\",\"url\":\"https:\\\/\\\/renatodias.online\\\/movimento\\\/wp-content\\\/uploads\\\/2023\\\/03\\\/cropped-cropped-cropped-logofinal.jpeg\",\"contentUrl\":\"https:\\\/\\\/renatodias.online\\\/movimento\\\/wp-content\\\/uploads\\\/2023\\\/03\\\/cropped-cropped-cropped-logofinal.jpeg\",\"width\":1280,\"height\":219,\"caption\":\"Renato Dias\"},\"logo\":{\"@id\":\"https:\\\/\\\/renatodias.online\\\/movimento\\\/wp-content\\\/uploads\\\/2023\\\/03\\\/cropped-cropped-cropped-logofinal.jpeg\"},\"description\":\"Renato Dias, 58 anos, \u00e9 graduado em Jornalismo, formado em Ci\u00eancias Sociais, com p\u00f3s-gradua\u00e7\u00e3o em Pol\u00edticas P\u00fablicas, mestre em Direito e Rela\u00e7\u00f5es Internacionais, ex-aluno extraordin\u00e1rio do Doutorado em Psicologia Social, ex-estudante do Curso de Psican\u00e1lise do Centro de Estudos Psicanal\u00edticos do Estado de Goi\u00e1s, ministrado pelo m\u00e9dico psiquiatra e psicanalista Daniel Em\u00eddio de Souza. \u00c9 autor de 30 livros-reportagem, oito document\u00e1rios, ganhou 30 pr\u00eamios e \u00e9 torcedor apaixonado do maior do Centro-Oeste, o Vila Nova Futebol Clube. Casado com Meirilane Dias, \u00e9 pai de Juliana Dias, jornalista; Daniel Dias, economista; e Maria Rosa Dias, estudante antifascista, socialista e trotskista.\u00a0Com tr\u00eas pets: Porquinho [Bull Dog Franc\u00eas], Dalila [Basset Hound] e Geleia [Basset Hound]. Al\u00e9m do eterno gato Tutuquinho, que virou estrela.\",\"sameAs\":[\"https:\\\/\\\/www.facebook.com\\\/renato.dias.37\",\"#breve\",\"https:\\\/\\\/renatodias.tumblr.com\\\/\"],\"url\":\"https:\\\/\\\/renatodias.online\\\/movimento\\\/author\\\/renatodias\\\/\"}]}<\/script>\n<!-- \/ Yoast SEO plugin. -->","yoast_head_json":{"title":"Samba, MPB & rock Sess\u00e3o seis e meia ser\u00e1 aberta amanh\u00e3 -","robots":{"index":"index","follow":"follow","max-snippet":"max-snippet:-1","max-image-preview":"max-image-preview:large","max-video-preview":"max-video-preview:-1"},"canonical":"https:\/\/renatodias.online\/movimento\/2019\/05\/06\/samba-mpb-rock-sessao-seis-e-meia-sera-aberta-amanha\/","og_locale":"pt_BR","og_type":"article","og_title":"Samba, MPB & rock Sess\u00e3o seis e meia ser\u00e1 aberta amanh\u00e3 -","og_description":"Samba, MPB &amp; rock Sess\u00e3o seis e meia ser\u00e1 aberta amanh\u00e3 Sob organiza\u00e7\u00e3o de Itamar Correia, com Renato Castelo e Elson Ara\u00fajo Renato Dias Da Editoria do DM Revista Autor do cl\u00e1ssico do samba \u2018Na Vila Oper\u00e1ria\u2019, o cantor e compositor Renato Castelo abre, a\u00adma\u00ad\u00adnh\u00e3, 8 de maio de 2019, quarta-feira, 18h30, hor\u00e1rio com pontualidade","og_url":"https:\/\/renatodias.online\/movimento\/2019\/05\/06\/samba-mpb-rock-sessao-seis-e-meia-sera-aberta-amanha\/","article_publisher":"https:\/\/www.facebook.com\/renato.dias.37","article_author":"https:\/\/www.facebook.com\/renato.dias.37","article_published_time":"2019-05-06T23:54:09+00:00","author":"Renato Dias","twitter_card":"summary_large_image","twitter_creator":"@RenatoDiasBat","twitter_site":"@RenatoDiasBat","twitter_misc":{"Escrito por":"Renato Dias","Est. tempo de leitura":"2 minutos"},"schema":{"@context":"https:\/\/schema.org","@graph":[{"@type":"Article","@id":"https:\/\/renatodias.online\/movimento\/2019\/05\/06\/samba-mpb-rock-sessao-seis-e-meia-sera-aberta-amanha\/#article","isPartOf":{"@id":"https:\/\/renatodias.online\/movimento\/2019\/05\/06\/samba-mpb-rock-sessao-seis-e-meia-sera-aberta-amanha\/"},"author":{"name":"Renato Dias","@id":"https:\/\/renatodias.online\/movimento\/#\/schema\/person\/bbab28833b1725a20f4083f49f1fb2a9"},"headline":"Samba, MPB &#038; rock Sess\u00e3o seis e meia ser\u00e1 aberta amanh\u00e3","datePublished":"2019-05-06T23:54:09+00:00","mainEntityOfPage":{"@id":"https:\/\/renatodias.online\/movimento\/2019\/05\/06\/samba-mpb-rock-sessao-seis-e-meia-sera-aberta-amanha\/"},"wordCount":328,"commentCount":0,"publisher":{"@id":"https:\/\/renatodias.online\/movimento\/#\/schema\/person\/bbab28833b1725a20f4083f49f1fb2a9"},"image":{"@id":"https:\/\/renatodias.online\/movimento\/2019\/05\/06\/samba-mpb-rock-sessao-seis-e-meia-sera-aberta-amanha\/#primaryimage"},"thumbnailUrl":"","articleSection":["Cultura","Shows"],"inLanguage":"pt-BR","potentialAction":[{"@type":"CommentAction","name":"Comment","target":["https:\/\/renatodias.online\/movimento\/2019\/05\/06\/samba-mpb-rock-sessao-seis-e-meia-sera-aberta-amanha\/#respond"]}]},{"@type":"WebPage","@id":"https:\/\/renatodias.online\/movimento\/2019\/05\/06\/samba-mpb-rock-sessao-seis-e-meia-sera-aberta-amanha\/","url":"https:\/\/renatodias.online\/movimento\/2019\/05\/06\/samba-mpb-rock-sessao-seis-e-meia-sera-aberta-amanha\/","name":"Samba, MPB & rock Sess\u00e3o seis e meia ser\u00e1 aberta amanh\u00e3 -","isPartOf":{"@id":"https:\/\/renatodias.online\/movimento\/#website"},"primaryImageOfPage":{"@id":"https:\/\/renatodias.online\/movimento\/2019\/05\/06\/samba-mpb-rock-sessao-seis-e-meia-sera-aberta-amanha\/#primaryimage"},"image":{"@id":"https:\/\/renatodias.online\/movimento\/2019\/05\/06\/samba-mpb-rock-sessao-seis-e-meia-sera-aberta-amanha\/#primaryimage"},"thumbnailUrl":"","datePublished":"2019-05-06T23:54:09+00:00","breadcrumb":{"@id":"https:\/\/renatodias.online\/movimento\/2019\/05\/06\/samba-mpb-rock-sessao-seis-e-meia-sera-aberta-amanha\/#breadcrumb"},"inLanguage":"pt-BR","potentialAction":[{"@type":"ReadAction","target":["https:\/\/renatodias.online\/movimento\/2019\/05\/06\/samba-mpb-rock-sessao-seis-e-meia-sera-aberta-amanha\/"]}]},{"@type":"ImageObject","inLanguage":"pt-BR","@id":"https:\/\/renatodias.online\/movimento\/2019\/05\/06\/samba-mpb-rock-sessao-seis-e-meia-sera-aberta-amanha\/#primaryimage","url":"","contentUrl":""},{"@type":"BreadcrumbList","@id":"https:\/\/renatodias.online\/movimento\/2019\/05\/06\/samba-mpb-rock-sessao-seis-e-meia-sera-aberta-amanha\/#breadcrumb","itemListElement":[{"@type":"ListItem","position":1,"name":"In\u00edcio","item":"https:\/\/renatodias.online\/movimento\/"},{"@type":"ListItem","position":2,"name":"Samba, MPB &#038; rock Sess\u00e3o seis e meia ser\u00e1 aberta amanh\u00e3"}]},{"@type":"WebSite","@id":"https:\/\/renatodias.online\/movimento\/#website","url":"https:\/\/renatodias.online\/movimento\/","name":"","description":"","publisher":{"@id":"https:\/\/renatodias.online\/movimento\/#\/schema\/person\/bbab28833b1725a20f4083f49f1fb2a9"},"potentialAction":[{"@type":"SearchAction","target":{"@type":"EntryPoint","urlTemplate":"https:\/\/renatodias.online\/movimento\/?s={search_term_string}"},"query-input":{"@type":"PropertyValueSpecification","valueRequired":true,"valueName":"search_term_string"}}],"inLanguage":"pt-BR"},{"@type":["Person","Organization"],"@id":"https:\/\/renatodias.online\/movimento\/#\/schema\/person\/bbab28833b1725a20f4083f49f1fb2a9","name":"Renato Dias","image":{"@type":"ImageObject","inLanguage":"pt-BR","@id":"https:\/\/renatodias.online\/movimento\/wp-content\/uploads\/2023\/03\/cropped-cropped-cropped-logofinal.jpeg","url":"https:\/\/renatodias.online\/movimento\/wp-content\/uploads\/2023\/03\/cropped-cropped-cropped-logofinal.jpeg","contentUrl":"https:\/\/renatodias.online\/movimento\/wp-content\/uploads\/2023\/03\/cropped-cropped-cropped-logofinal.jpeg","width":1280,"height":219,"caption":"Renato Dias"},"logo":{"@id":"https:\/\/renatodias.online\/movimento\/wp-content\/uploads\/2023\/03\/cropped-cropped-cropped-logofinal.jpeg"},"description":"Renato Dias, 58 anos, \u00e9 graduado em Jornalismo, formado em Ci\u00eancias Sociais, com p\u00f3s-gradua\u00e7\u00e3o em Pol\u00edticas P\u00fablicas, mestre em Direito e Rela\u00e7\u00f5es Internacionais, ex-aluno extraordin\u00e1rio do Doutorado em Psicologia Social, ex-estudante do Curso de Psican\u00e1lise do Centro de Estudos Psicanal\u00edticos do Estado de Goi\u00e1s, ministrado pelo m\u00e9dico psiquiatra e psicanalista Daniel Em\u00eddio de Souza. \u00c9 autor de 30 livros-reportagem, oito document\u00e1rios, ganhou 30 pr\u00eamios e \u00e9 torcedor apaixonado do maior do Centro-Oeste, o Vila Nova Futebol Clube. Casado com Meirilane Dias, \u00e9 pai de Juliana Dias, jornalista; Daniel Dias, economista; e Maria Rosa Dias, estudante antifascista, socialista e trotskista.\u00a0Com tr\u00eas pets: Porquinho [Bull Dog Franc\u00eas], Dalila [Basset Hound] e Geleia [Basset Hound]. Al\u00e9m do eterno gato Tutuquinho, que virou estrela.","sameAs":["https:\/\/www.facebook.com\/renato.dias.37","#breve","https:\/\/renatodias.tumblr.com\/"],"url":"https:\/\/renatodias.online\/movimento\/author\/renatodias\/"}]}},"_links":{"self":[{"href":"https:\/\/renatodias.online\/movimento\/wp-json\/wp\/v2\/posts\/1062","targetHints":{"allow":["GET"]}}],"collection":[{"href":"https:\/\/renatodias.online\/movimento\/wp-json\/wp\/v2\/posts"}],"about":[{"href":"https:\/\/renatodias.online\/movimento\/wp-json\/wp\/v2\/types\/post"}],"author":[{"embeddable":true,"href":"https:\/\/renatodias.online\/movimento\/wp-json\/wp\/v2\/users\/2"}],"replies":[{"embeddable":true,"href":"https:\/\/renatodias.online\/movimento\/wp-json\/wp\/v2\/comments?post=1062"}],"version-history":[{"count":0,"href":"https:\/\/renatodias.online\/movimento\/wp-json\/wp\/v2\/posts\/1062\/revisions"}],"wp:featuredmedia":[{"embeddable":true,"href":"https:\/\/renatodias.online\/movimento\/wp-json\/"}],"wp:attachment":[{"href":"https:\/\/renatodias.online\/movimento\/wp-json\/wp\/v2\/media?parent=1062"}],"wp:term":[{"taxonomy":"category","embeddable":true,"href":"https:\/\/renatodias.online\/movimento\/wp-json\/wp\/v2\/categories?post=1062"},{"taxonomy":"post_tag","embeddable":true,"href":"https:\/\/renatodias.online\/movimento\/wp-json\/wp\/v2\/tags?post=1062"}],"curies":[{"name":"wp","href":"https:\/\/api.w.org\/{rel}","templated":true}]}}