{"id":10583,"date":"2022-01-25T13:41:10","date_gmt":"2022-01-25T16:41:10","guid":{"rendered":"https:\/\/renatodias.online\/movimento\/?p=10583"},"modified":"2022-01-25T13:41:10","modified_gmt":"2022-01-25T16:41:10","slug":"para-tempos-de-intolerancia","status":"publish","type":"post","link":"https:\/\/renatodias.online\/movimento\/2022\/01\/25\/para-tempos-de-intolerancia\/","title":{"rendered":"Para tempos de intoler\u00e2ncia"},"content":{"rendered":"<p>&nbsp;<\/p>\n<figure id=\"attachment_10587\" aria-describedby=\"caption-attachment-10587\" style=\"width: 1086px\" class=\"wp-caption alignnone\"><img loading=\"lazy\" decoding=\"async\" class=\"wp-image-10587 size-full\" src=\"https:\/\/renatodias.online\/movimento\/wp-content\/uploads\/2022\/01\/Eduardo-e-Monica-2.jpg\" alt=\"\" width=\"1086\" height=\"652\" srcset=\"https:\/\/renatodias.online\/movimento\/wp-content\/uploads\/2022\/01\/Eduardo-e-Monica-2.jpg 1086w, https:\/\/renatodias.online\/movimento\/wp-content\/uploads\/2022\/01\/Eduardo-e-Monica-2-300x180.jpg 300w, https:\/\/renatodias.online\/movimento\/wp-content\/uploads\/2022\/01\/Eduardo-e-Monica-2-768x461.jpg 768w, https:\/\/renatodias.online\/movimento\/wp-content\/uploads\/2022\/01\/Eduardo-e-Monica-2-750x450.jpg 750w\" sizes=\"auto, (max-width: 1086px) 100vw, 1086px\" \/><figcaption id=\"caption-attachment-10587\" class=\"wp-caption-text\"><strong>Eduardo e Monica<\/strong><\/figcaption><\/figure>\n<p style=\"text-align: center;\"><span style=\"color: #ff0000;\"><strong>Eduardo e M\u00f4nica, filme inspirado em letra de Renato Russo e m\u00fasica da Legi\u00e3o Urbana<\/strong><\/span><\/p>\n<p><strong>Renato Dias<\/strong><\/p>\n<p>A cara da d\u00e9cada de 1980 do s\u00e9culo XX. Ele pode servir como um modelo ou padr\u00e3o civilizat\u00f3rio ao Brasil do ano de 2022. J\u00e1 no s\u00e9culo XXI. Tempos sombrios. Fundados na intoler\u00e2ncia e no culto ao \u00f3dio \u00e0 democracia e \u00e0 ci\u00eancia. Assim poderia ser definido \u2018<strong>Eduardo e M\u00f4nica<\/strong>\u2019. O longa metragem inspirado na letra de autoria de Renato Russo. O band leader da Legi\u00e3o Urbana. A m\u00fasica comp\u00f5e o LP Dois. Um hit dan\u00e7ante que marcou a gera\u00e7\u00e3o.<\/p>\n<p>Eduardo Souza, estudante secundarista de aparelho ortod\u00f4ntico a emoldurar o sorriso. Monica, em luto pela morte do pai.\u00a0 Artista pl\u00e1stico incentivo exilado. O garoto, \u00f3rf\u00e3o de m\u00e3e, era criado pelo av\u00f4, com quem jogava futebol de bot\u00e3o. O velho era uma vi\u00fava da ditadura civil e militar. Noite que durou 21 anos. A jovem iria se formar em Medicina. Amante do cinema de Jean-Luc Godard. Realizador franc\u00eas. A paix\u00e3o envolve-os.<\/p>\n<p>&nbsp;<\/p>\n<figure id=\"attachment_6850\" aria-describedby=\"caption-attachment-6850\" style=\"width: 1170px\" class=\"wp-caption alignnone\"><img loading=\"lazy\" decoding=\"async\" class=\"wp-image-6850 size-full\" src=\"https:\/\/renatodias.online\/movimento\/wp-content\/uploads\/2021\/05\/Palacio-do-Planalto.jpg\" alt=\"\" width=\"1170\" height=\"700\" \/><figcaption id=\"caption-attachment-6850\" class=\"wp-caption-text\"><strong>Pal\u00e1cio do Planalto<\/strong><\/figcaption><\/figure>\n<h1><span style=\"color: #808000;\"><strong>Bras\u00edlia, d\u00e9cada de 1980<\/strong><\/span><\/h1>\n<p>O cen\u00e1rio \u00e9 Bras\u00edlia. Capital da Rep\u00fablica fundada em 1960 pelo ent\u00e3o presidente Juscelino Kubitschek. Com baladas de rock&#8217;n roll. Festa estranha com gente esquisita, canta Renato Russo. Artista que morreria de Aids, em 1996. Explos\u00e3o do rock, protestos pol\u00edticos e UNB. A idade, os caminhos e obst\u00e1culos da vida conspiram contra a celebra\u00e7\u00e3o para um final feliz da rela\u00e7\u00e3o entre opostos. O audiovisual brasileiro mostra o seu vigor.<\/p>\n<p><img loading=\"lazy\" decoding=\"async\" class=\"alignnone wp-image-10120 size-full\" src=\"https:\/\/renatodias.online\/movimento\/wp-content\/uploads\/2021\/12\/Servico.jpg\" alt=\"\" width=\"2560\" height=\"1642\" \/><\/p>\n<p>&nbsp;<\/p>\n<p style=\"text-align: center;\"><strong>Servi\u00e7o<\/strong><\/p>\n<p style=\"text-align: center;\"><strong>Filme:<\/strong> Eduardo e M\u00f4nica<\/p>\n<p style=\"text-align: center;\"><strong>Produ\u00e7\u00e3o:<\/strong> Nacional<\/p>\n<p style=\"text-align: center;\"><strong>Com:<\/strong> Alice Braga, Gabriel Leone, Victor Lamoglia,\u00a0 Ot\u00e1vio Augusto, Bruna Spinola<\/p>\n<p style=\"text-align: center;\"><strong>Dire\u00e7\u00e3o:<\/strong> Ren\u00ea Sampaio<\/p>\n<p style=\"text-align: center;\"><strong>Avalia\u00e7\u00e3o:<\/strong> \u00d3timo<\/p>\n<p>&nbsp;<\/p>\n<p><iframe loading=\"lazy\" title=\"Eduardo e Mo\u0302nica | Trailer Oficial\" width=\"960\" height=\"540\" src=\"https:\/\/www.youtube.com\/embed\/IoSR5tl1AAU?start=57&#038;feature=oembed\" frameborder=\"0\" allow=\"accelerometer; autoplay; clipboard-write; encrypted-media; gyroscope; picture-in-picture; web-share\" referrerpolicy=\"strict-origin-when-cross-origin\" allowfullscreen><\/iframe><\/p>\n<p>&nbsp;<\/p>\n<figure id=\"attachment_10584\" aria-describedby=\"caption-attachment-10584\" style=\"width: 1300px\" class=\"wp-caption alignnone\"><img loading=\"lazy\" decoding=\"async\" class=\"wp-image-10584 size-full\" src=\"https:\/\/renatodias.online\/movimento\/wp-content\/uploads\/2022\/01\/Renato-Russo-Eduardo-e-Monica.jpg\" alt=\"\" width=\"1300\" height=\"867\" srcset=\"https:\/\/renatodias.online\/movimento\/wp-content\/uploads\/2022\/01\/Renato-Russo-Eduardo-e-Monica.jpg 1300w, https:\/\/renatodias.online\/movimento\/wp-content\/uploads\/2022\/01\/Renato-Russo-Eduardo-e-Monica-300x200.jpg 300w, https:\/\/renatodias.online\/movimento\/wp-content\/uploads\/2022\/01\/Renato-Russo-Eduardo-e-Monica-768x512.jpg 768w, https:\/\/renatodias.online\/movimento\/wp-content\/uploads\/2022\/01\/Renato-Russo-Eduardo-e-Monica-360x240.jpg 360w, https:\/\/renatodias.online\/movimento\/wp-content\/uploads\/2022\/01\/Renato-Russo-Eduardo-e-Monica-750x500.jpg 750w\" sizes=\"auto, (max-width: 1300px) 100vw, 1300px\" \/><figcaption id=\"caption-attachment-10584\" class=\"wp-caption-text\"><strong>Renato Russo<\/strong><\/figcaption><\/figure>\n<h1 style=\"text-align: center;\"><span style=\"color: #ff00ff;\"><strong>Eduardo e M\u00f4nica<\/strong><\/span><\/h1>\n<h1 style=\"text-align: center;\"><span style=\"color: #0000ff;\"><strong>Renato Russo<\/strong><\/span><\/h1>\n<h1 style=\"text-align: center;\"><span style=\"color: #ff6600;\"><strong>Legi\u00e3o Urbana<\/strong><\/span><\/h1>\n<p style=\"text-align: center;\">\n<p style=\"text-align: center;\"><strong>Quem um dia ir\u00e1 dizer<\/strong><br \/>\n<strong>Que existe raz\u00e3o<\/strong><br \/>\n<strong>Nas coisas feitas pelo cora\u00e7\u00e3o?<\/strong><br \/>\n<strong>E quem ir\u00e1 dizer<\/strong><br \/>\n<strong>Que n\u00e3o existe raz\u00e3o?<\/strong><\/p>\n<p style=\"text-align: center;\"><strong>Eduardo abriu os olhos, mas n\u00e3o quis se levantar<\/strong><br \/>\n<strong>Ficou deitado e viu que horas eram<\/strong><br \/>\n<strong>Enquanto M\u00f4nica tomava um conhaque<\/strong><br \/>\n<strong>No outro canto da cidade, como eles disseram<\/strong><\/p>\n<p style=\"text-align: center;\"><strong>Eduardo e M\u00f4nica um dia se encontraram sem querer<\/strong><br \/>\n<strong>E conversaram muito mesmo pra tentar se conhecer<\/strong><br \/>\n<strong>Um carinha do cursinho do Eduardo que disse<\/strong><br \/>\n<strong>Tem uma festa legal, e a gente quer se divertir<\/strong><\/p>\n<p style=\"text-align: center;\"><strong>Festa estranha, com gente esquisita<\/strong><br \/>\n<strong>Eu n\u00e3o t\u00f4 legal, n\u00e3o aguento mais birita<\/strong><br \/>\n<strong>E a M\u00f4nica riu, e quis saber um pouco mais<\/strong><br \/>\n<strong>Sobre o boyzinho que tentava impressionar<\/strong><br \/>\n<strong>E o Eduardo, meio tonto, s\u00f3 pensava em ir pra casa<\/strong><br \/>\n<strong>\u00c9 quase duas, eu vou me ferrar<\/strong><\/p>\n<p style=\"text-align: center;\"><strong>Eduardo e M\u00f4nica trocaram telefone<\/strong><br \/>\n<strong>Depois telefonaram e decidiram se encontrar<\/strong><br \/>\n<strong>O Eduardo sugeriu uma lanchonete<\/strong><br \/>\n<strong>Mas a M\u00f4nica queria ver o filme do Godard<\/strong><\/p>\n<p style=\"text-align: center;\"><strong>Se encontraram, ent\u00e3o, no Parque da Cidade<\/strong><br \/>\n<strong>A M\u00f4nica de moto e o Eduardo de camelo<\/strong><br \/>\n<strong>O Eduardo achou estranho e melhor n\u00e3o comentar<\/strong><br \/>\n<strong>Mas a menina tinha tinta no cabelo<\/strong><\/p>\n<p style=\"text-align: center;\"><strong>Eduardo e M\u00f4nica eram nada parecidos<\/strong><br \/>\n<strong>Ela era de Le\u00e3o e ele tinha dezesseis<\/strong><br \/>\n<strong>Ela fazia Medicina e falava alem\u00e3o<\/strong><br \/>\n<strong>E ele ainda nas aulinhas de ingl\u00eas<\/strong><\/p>\n<p style=\"text-align: center;\"><strong>Ela gostava do Bandeira e do Bauhaus<\/strong><br \/>\n<strong>Van Gogh e dos Mutantes, de Caetano e de Rimbaud<\/strong><br \/>\n<strong>E o Eduardo gostava de novela<\/strong><br \/>\n<strong>E jogava futebol de bot\u00e3o com seu av\u00f4<\/strong><\/p>\n<p style=\"text-align: center;\"><strong>Ela falava coisas sobre o Planalto Central<\/strong><br \/>\n<strong>Tamb\u00e9m magia e medita\u00e7\u00e3o<\/strong><br \/>\n<strong>E o Eduardo ainda tava no esquema<\/strong><br \/>\n<strong>Escola, cinema, clube, televis\u00e3o<\/strong><\/p>\n<p style=\"text-align: center;\"><strong>E mesmo com tudo diferente, veio mesmo, de repente<\/strong><br \/>\n<strong>Uma vontade de se ver<\/strong><br \/>\n<strong>E os dois se encontravam todo dia<\/strong><br \/>\n<strong>E a vontade crescia, como tinha de ser<\/strong><\/p>\n<p style=\"text-align: center;\"><strong>Eduardo e M\u00f4nica fizeram nata\u00e7\u00e3o, fotografia<\/strong><br \/>\n<strong>Teatro, artesanato, e foram viajar<\/strong><br \/>\n<strong>A M\u00f4nica explicava pro Eduardo<\/strong><br \/>\n<strong>Coisas sobre o c\u00e9u, a terra, a \u00e1gua e o ar<\/strong><\/p>\n<p style=\"text-align: center;\"><strong>Ele aprendeu a beber, deixou o cabelo crescer<\/strong><br \/>\n<strong>E decidiu trabalhar (n\u00e3o!)<\/strong><br \/>\n<strong>E ela se formou no mesmo m\u00eas<\/strong><br \/>\n<strong>Que ele passou no vestibular<\/strong><\/p>\n<p style=\"text-align: center;\"><strong>E os dois comemoraram juntos<\/strong><br \/>\n<strong>E tamb\u00e9m brigaram juntos muitas vezes depois<\/strong><br \/>\n<strong>E todo mundo diz que ele completa ela<\/strong><br \/>\n<strong>E vice-versa, que nem feij\u00e3o com arroz<\/strong><\/p>\n<p style=\"text-align: center;\"><strong>Constru\u00edram uma casa h\u00e1 uns dois anos atr\u00e1s<\/strong><br \/>\n<strong>Mais ou menos quando os g\u00eameos vieram<\/strong><br \/>\n<strong>Batalharam grana, seguraram legal<\/strong><br \/>\n<strong>A barra mais pesada que tiveram<\/strong><\/p>\n<p style=\"text-align: center;\"><strong>Eduardo e M\u00f4nica voltaram pra Bras\u00edlia<\/strong><br \/>\n<strong>E a nossa amizade d\u00e1 saudade no ver\u00e3o<\/strong><br \/>\n<strong>S\u00f3 que nessas f\u00e9rias, n\u00e3o v\u00e3o viajar<\/strong><br \/>\n<strong>Porque o filhinho do Eduardo t\u00e1 de recupera\u00e7\u00e3o<\/strong><\/p>\n<p style=\"text-align: center;\"><strong>E quem um dia ir\u00e1 dizer<\/strong><br \/>\n<strong>Que existe raz\u00e3o<\/strong><br \/>\n<strong>Nas coisas feitas pelo cora\u00e7\u00e3o?<\/strong><br \/>\n<strong>E quem ir\u00e1 dizer<\/strong><br \/>\n<strong>Que n\u00e3o existe raz\u00e3o?<\/strong><\/p>\n<p><iframe loading=\"lazy\" title=\"Legi\u00e3o Urbana - Eduardo E M\u00f4nica (ao vivo)\" width=\"960\" height=\"720\" src=\"https:\/\/www.youtube.com\/embed\/thH7okjjYT0?feature=oembed\" frameborder=\"0\" allow=\"accelerometer; autoplay; clipboard-write; encrypted-media; gyroscope; picture-in-picture; web-share\" referrerpolicy=\"strict-origin-when-cross-origin\" allowfullscreen><\/iframe><\/p>\n<p>&nbsp;<\/p>\n","protected":false},"excerpt":{"rendered":"<p>&nbsp; Eduardo e M\u00f4nica, filme inspirado em letra de Renato Russo e m\u00fasica da Legi\u00e3o Urbana Renato Dias A cara da d\u00e9cada de 1980 do s\u00e9culo XX. Ele pode servir como um modelo ou padr\u00e3o civilizat\u00f3rio ao Brasil do ano de 2022. J\u00e1 no s\u00e9culo XXI. Tempos sombrios. Fundados na intoler\u00e2ncia e no culto ao<\/p>\n","protected":false},"author":2,"featured_media":10585,"comment_status":"open","ping_status":"open","sticky":false,"template":"","format":"standard","meta":{"_acf_changed":false,"_monsterinsights_skip_tracking":false,"_monsterinsights_sitenote_active":false,"_monsterinsights_sitenote_note":"","_monsterinsights_sitenote_category":0,"footnotes":""},"categories":[1],"tags":[],"class_list":["post-10583","post","type-post","status-publish","format-standard","has-post-thumbnail","hentry","category-cinema"],"acf":[],"yoast_head":"<!-- This site is optimized with the Yoast SEO plugin v27.4 - https:\/\/yoast.com\/product\/yoast-seo-wordpress\/ -->\n<title>Para tempos de intoler\u00e2ncia -<\/title>\n<meta name=\"robots\" content=\"index, follow, max-snippet:-1, max-image-preview:large, max-video-preview:-1\" \/>\n<link rel=\"canonical\" href=\"https:\/\/renatodias.online\/movimento\/2022\/01\/25\/para-tempos-de-intolerancia\/\" \/>\n<meta property=\"og:locale\" content=\"pt_BR\" \/>\n<meta property=\"og:type\" content=\"article\" \/>\n<meta property=\"og:title\" content=\"Para tempos de intoler\u00e2ncia -\" \/>\n<meta property=\"og:description\" content=\"&nbsp; Eduardo e M\u00f4nica, filme inspirado em letra de Renato Russo e m\u00fasica da Legi\u00e3o Urbana Renato Dias A cara da d\u00e9cada de 1980 do s\u00e9culo XX. Ele pode servir como um modelo ou padr\u00e3o civilizat\u00f3rio ao Brasil do ano de 2022. J\u00e1 no s\u00e9culo XXI. Tempos sombrios. Fundados na intoler\u00e2ncia e no culto ao\" \/>\n<meta property=\"og:url\" content=\"https:\/\/renatodias.online\/movimento\/2022\/01\/25\/para-tempos-de-intolerancia\/\" \/>\n<meta property=\"article:publisher\" content=\"https:\/\/www.facebook.com\/renato.dias.37\" \/>\n<meta property=\"article:author\" content=\"https:\/\/www.facebook.com\/renato.dias.37\" \/>\n<meta property=\"article:published_time\" content=\"2022-01-25T16:41:10+00:00\" \/>\n<meta property=\"og:image\" content=\"https:\/\/renatodias.online\/movimento\/wp-content\/uploads\/2022\/01\/Cartaz-de-Eduarado-e-Monica-filme-Link-e1643128231744.jpg\" \/>\n\t<meta property=\"og:image:width\" content=\"350\" \/>\n\t<meta property=\"og:image:height\" content=\"511\" \/>\n\t<meta property=\"og:image:type\" content=\"image\/jpeg\" \/>\n<meta name=\"author\" content=\"Renato Dias\" \/>\n<meta name=\"twitter:card\" content=\"summary_large_image\" \/>\n<meta name=\"twitter:creator\" content=\"@RenatoDiasBat\" \/>\n<meta name=\"twitter:site\" content=\"@RenatoDiasBat\" \/>\n<meta name=\"twitter:label1\" content=\"Escrito por\" \/>\n\t<meta name=\"twitter:data1\" content=\"Renato Dias\" \/>\n\t<meta name=\"twitter:label2\" content=\"Est. tempo de leitura\" \/>\n\t<meta name=\"twitter:data2\" content=\"4 minutos\" \/>\n<script type=\"application\/ld+json\" class=\"yoast-schema-graph\">{\"@context\":\"https:\\\/\\\/schema.org\",\"@graph\":[{\"@type\":\"Article\",\"@id\":\"https:\\\/\\\/renatodias.online\\\/movimento\\\/2022\\\/01\\\/25\\\/para-tempos-de-intolerancia\\\/#article\",\"isPartOf\":{\"@id\":\"https:\\\/\\\/renatodias.online\\\/movimento\\\/2022\\\/01\\\/25\\\/para-tempos-de-intolerancia\\\/\"},\"author\":{\"name\":\"Renato Dias\",\"@id\":\"https:\\\/\\\/renatodias.online\\\/movimento\\\/#\\\/schema\\\/person\\\/bbab28833b1725a20f4083f49f1fb2a9\"},\"headline\":\"Para tempos de intoler\u00e2ncia\",\"datePublished\":\"2022-01-25T16:41:10+00:00\",\"mainEntityOfPage\":{\"@id\":\"https:\\\/\\\/renatodias.online\\\/movimento\\\/2022\\\/01\\\/25\\\/para-tempos-de-intolerancia\\\/\"},\"wordCount\":861,\"commentCount\":0,\"publisher\":{\"@id\":\"https:\\\/\\\/renatodias.online\\\/movimento\\\/#\\\/schema\\\/person\\\/bbab28833b1725a20f4083f49f1fb2a9\"},\"image\":{\"@id\":\"https:\\\/\\\/renatodias.online\\\/movimento\\\/2022\\\/01\\\/25\\\/para-tempos-de-intolerancia\\\/#primaryimage\"},\"thumbnailUrl\":\"https:\\\/\\\/renatodias.online\\\/movimento\\\/wp-content\\\/uploads\\\/2022\\\/01\\\/Cartaz-de-Eduarado-e-Monica-filme-Link-e1643128231744.jpg\",\"articleSection\":[\"Cinema\"],\"inLanguage\":\"pt-BR\",\"potentialAction\":[{\"@type\":\"CommentAction\",\"name\":\"Comment\",\"target\":[\"https:\\\/\\\/renatodias.online\\\/movimento\\\/2022\\\/01\\\/25\\\/para-tempos-de-intolerancia\\\/#respond\"]}]},{\"@type\":\"WebPage\",\"@id\":\"https:\\\/\\\/renatodias.online\\\/movimento\\\/2022\\\/01\\\/25\\\/para-tempos-de-intolerancia\\\/\",\"url\":\"https:\\\/\\\/renatodias.online\\\/movimento\\\/2022\\\/01\\\/25\\\/para-tempos-de-intolerancia\\\/\",\"name\":\"Para tempos de intoler\u00e2ncia -\",\"isPartOf\":{\"@id\":\"https:\\\/\\\/renatodias.online\\\/movimento\\\/#website\"},\"primaryImageOfPage\":{\"@id\":\"https:\\\/\\\/renatodias.online\\\/movimento\\\/2022\\\/01\\\/25\\\/para-tempos-de-intolerancia\\\/#primaryimage\"},\"image\":{\"@id\":\"https:\\\/\\\/renatodias.online\\\/movimento\\\/2022\\\/01\\\/25\\\/para-tempos-de-intolerancia\\\/#primaryimage\"},\"thumbnailUrl\":\"https:\\\/\\\/renatodias.online\\\/movimento\\\/wp-content\\\/uploads\\\/2022\\\/01\\\/Cartaz-de-Eduarado-e-Monica-filme-Link-e1643128231744.jpg\",\"datePublished\":\"2022-01-25T16:41:10+00:00\",\"breadcrumb\":{\"@id\":\"https:\\\/\\\/renatodias.online\\\/movimento\\\/2022\\\/01\\\/25\\\/para-tempos-de-intolerancia\\\/#breadcrumb\"},\"inLanguage\":\"pt-BR\",\"potentialAction\":[{\"@type\":\"ReadAction\",\"target\":[\"https:\\\/\\\/renatodias.online\\\/movimento\\\/2022\\\/01\\\/25\\\/para-tempos-de-intolerancia\\\/\"]}]},{\"@type\":\"ImageObject\",\"inLanguage\":\"pt-BR\",\"@id\":\"https:\\\/\\\/renatodias.online\\\/movimento\\\/2022\\\/01\\\/25\\\/para-tempos-de-intolerancia\\\/#primaryimage\",\"url\":\"https:\\\/\\\/renatodias.online\\\/movimento\\\/wp-content\\\/uploads\\\/2022\\\/01\\\/Cartaz-de-Eduarado-e-Monica-filme-Link-e1643128231744.jpg\",\"contentUrl\":\"https:\\\/\\\/renatodias.online\\\/movimento\\\/wp-content\\\/uploads\\\/2022\\\/01\\\/Cartaz-de-Eduarado-e-Monica-filme-Link-e1643128231744.jpg\",\"width\":350,\"height\":511,\"caption\":\"Cartaz do filme Eduardo e Monica\"},{\"@type\":\"BreadcrumbList\",\"@id\":\"https:\\\/\\\/renatodias.online\\\/movimento\\\/2022\\\/01\\\/25\\\/para-tempos-de-intolerancia\\\/#breadcrumb\",\"itemListElement\":[{\"@type\":\"ListItem\",\"position\":1,\"name\":\"In\u00edcio\",\"item\":\"https:\\\/\\\/renatodias.online\\\/movimento\\\/\"},{\"@type\":\"ListItem\",\"position\":2,\"name\":\"Para tempos de intoler\u00e2ncia\"}]},{\"@type\":\"WebSite\",\"@id\":\"https:\\\/\\\/renatodias.online\\\/movimento\\\/#website\",\"url\":\"https:\\\/\\\/renatodias.online\\\/movimento\\\/\",\"name\":\"\",\"description\":\"\",\"publisher\":{\"@id\":\"https:\\\/\\\/renatodias.online\\\/movimento\\\/#\\\/schema\\\/person\\\/bbab28833b1725a20f4083f49f1fb2a9\"},\"potentialAction\":[{\"@type\":\"SearchAction\",\"target\":{\"@type\":\"EntryPoint\",\"urlTemplate\":\"https:\\\/\\\/renatodias.online\\\/movimento\\\/?s={search_term_string}\"},\"query-input\":{\"@type\":\"PropertyValueSpecification\",\"valueRequired\":true,\"valueName\":\"search_term_string\"}}],\"inLanguage\":\"pt-BR\"},{\"@type\":[\"Person\",\"Organization\"],\"@id\":\"https:\\\/\\\/renatodias.online\\\/movimento\\\/#\\\/schema\\\/person\\\/bbab28833b1725a20f4083f49f1fb2a9\",\"name\":\"Renato Dias\",\"image\":{\"@type\":\"ImageObject\",\"inLanguage\":\"pt-BR\",\"@id\":\"https:\\\/\\\/renatodias.online\\\/movimento\\\/wp-content\\\/uploads\\\/2023\\\/03\\\/cropped-cropped-cropped-logofinal.jpeg\",\"url\":\"https:\\\/\\\/renatodias.online\\\/movimento\\\/wp-content\\\/uploads\\\/2023\\\/03\\\/cropped-cropped-cropped-logofinal.jpeg\",\"contentUrl\":\"https:\\\/\\\/renatodias.online\\\/movimento\\\/wp-content\\\/uploads\\\/2023\\\/03\\\/cropped-cropped-cropped-logofinal.jpeg\",\"width\":1280,\"height\":219,\"caption\":\"Renato Dias\"},\"logo\":{\"@id\":\"https:\\\/\\\/renatodias.online\\\/movimento\\\/wp-content\\\/uploads\\\/2023\\\/03\\\/cropped-cropped-cropped-logofinal.jpeg\"},\"description\":\"Renato Dias, 58 anos, \u00e9 graduado em Jornalismo, formado em Ci\u00eancias Sociais, com p\u00f3s-gradua\u00e7\u00e3o em Pol\u00edticas P\u00fablicas, mestre em Direito e Rela\u00e7\u00f5es Internacionais, ex-aluno extraordin\u00e1rio do Doutorado em Psicologia Social, ex-estudante do Curso de Psican\u00e1lise do Centro de Estudos Psicanal\u00edticos do Estado de Goi\u00e1s, ministrado pelo m\u00e9dico psiquiatra e psicanalista Daniel Em\u00eddio de Souza. \u00c9 autor de 30 livros-reportagem, oito document\u00e1rios, ganhou 30 pr\u00eamios e \u00e9 torcedor apaixonado do maior do Centro-Oeste, o Vila Nova Futebol Clube. Casado com Meirilane Dias, \u00e9 pai de Juliana Dias, jornalista; Daniel Dias, economista; e Maria Rosa Dias, estudante antifascista, socialista e trotskista.\u00a0Com tr\u00eas pets: Porquinho [Bull Dog Franc\u00eas], Dalila [Basset Hound] e Geleia [Basset Hound]. Al\u00e9m do eterno gato Tutuquinho, que virou estrela.\",\"sameAs\":[\"https:\\\/\\\/www.facebook.com\\\/renato.dias.37\",\"#breve\",\"https:\\\/\\\/renatodias.tumblr.com\\\/\"],\"url\":\"https:\\\/\\\/renatodias.online\\\/movimento\\\/author\\\/renatodias\\\/\"}]}<\/script>\n<!-- \/ Yoast SEO plugin. -->","yoast_head_json":{"title":"Para tempos de intoler\u00e2ncia -","robots":{"index":"index","follow":"follow","max-snippet":"max-snippet:-1","max-image-preview":"max-image-preview:large","max-video-preview":"max-video-preview:-1"},"canonical":"https:\/\/renatodias.online\/movimento\/2022\/01\/25\/para-tempos-de-intolerancia\/","og_locale":"pt_BR","og_type":"article","og_title":"Para tempos de intoler\u00e2ncia -","og_description":"&nbsp; Eduardo e M\u00f4nica, filme inspirado em letra de Renato Russo e m\u00fasica da Legi\u00e3o Urbana Renato Dias A cara da d\u00e9cada de 1980 do s\u00e9culo XX. Ele pode servir como um modelo ou padr\u00e3o civilizat\u00f3rio ao Brasil do ano de 2022. J\u00e1 no s\u00e9culo XXI. Tempos sombrios. Fundados na intoler\u00e2ncia e no culto ao","og_url":"https:\/\/renatodias.online\/movimento\/2022\/01\/25\/para-tempos-de-intolerancia\/","article_publisher":"https:\/\/www.facebook.com\/renato.dias.37","article_author":"https:\/\/www.facebook.com\/renato.dias.37","article_published_time":"2022-01-25T16:41:10+00:00","og_image":[{"width":350,"height":511,"url":"https:\/\/renatodias.online\/movimento\/wp-content\/uploads\/2022\/01\/Cartaz-de-Eduarado-e-Monica-filme-Link-e1643128231744.jpg","type":"image\/jpeg"}],"author":"Renato Dias","twitter_card":"summary_large_image","twitter_creator":"@RenatoDiasBat","twitter_site":"@RenatoDiasBat","twitter_misc":{"Escrito por":"Renato Dias","Est. tempo de leitura":"4 minutos"},"schema":{"@context":"https:\/\/schema.org","@graph":[{"@type":"Article","@id":"https:\/\/renatodias.online\/movimento\/2022\/01\/25\/para-tempos-de-intolerancia\/#article","isPartOf":{"@id":"https:\/\/renatodias.online\/movimento\/2022\/01\/25\/para-tempos-de-intolerancia\/"},"author":{"name":"Renato Dias","@id":"https:\/\/renatodias.online\/movimento\/#\/schema\/person\/bbab28833b1725a20f4083f49f1fb2a9"},"headline":"Para tempos de intoler\u00e2ncia","datePublished":"2022-01-25T16:41:10+00:00","mainEntityOfPage":{"@id":"https:\/\/renatodias.online\/movimento\/2022\/01\/25\/para-tempos-de-intolerancia\/"},"wordCount":861,"commentCount":0,"publisher":{"@id":"https:\/\/renatodias.online\/movimento\/#\/schema\/person\/bbab28833b1725a20f4083f49f1fb2a9"},"image":{"@id":"https:\/\/renatodias.online\/movimento\/2022\/01\/25\/para-tempos-de-intolerancia\/#primaryimage"},"thumbnailUrl":"https:\/\/renatodias.online\/movimento\/wp-content\/uploads\/2022\/01\/Cartaz-de-Eduarado-e-Monica-filme-Link-e1643128231744.jpg","articleSection":["Cinema"],"inLanguage":"pt-BR","potentialAction":[{"@type":"CommentAction","name":"Comment","target":["https:\/\/renatodias.online\/movimento\/2022\/01\/25\/para-tempos-de-intolerancia\/#respond"]}]},{"@type":"WebPage","@id":"https:\/\/renatodias.online\/movimento\/2022\/01\/25\/para-tempos-de-intolerancia\/","url":"https:\/\/renatodias.online\/movimento\/2022\/01\/25\/para-tempos-de-intolerancia\/","name":"Para tempos de intoler\u00e2ncia -","isPartOf":{"@id":"https:\/\/renatodias.online\/movimento\/#website"},"primaryImageOfPage":{"@id":"https:\/\/renatodias.online\/movimento\/2022\/01\/25\/para-tempos-de-intolerancia\/#primaryimage"},"image":{"@id":"https:\/\/renatodias.online\/movimento\/2022\/01\/25\/para-tempos-de-intolerancia\/#primaryimage"},"thumbnailUrl":"https:\/\/renatodias.online\/movimento\/wp-content\/uploads\/2022\/01\/Cartaz-de-Eduarado-e-Monica-filme-Link-e1643128231744.jpg","datePublished":"2022-01-25T16:41:10+00:00","breadcrumb":{"@id":"https:\/\/renatodias.online\/movimento\/2022\/01\/25\/para-tempos-de-intolerancia\/#breadcrumb"},"inLanguage":"pt-BR","potentialAction":[{"@type":"ReadAction","target":["https:\/\/renatodias.online\/movimento\/2022\/01\/25\/para-tempos-de-intolerancia\/"]}]},{"@type":"ImageObject","inLanguage":"pt-BR","@id":"https:\/\/renatodias.online\/movimento\/2022\/01\/25\/para-tempos-de-intolerancia\/#primaryimage","url":"https:\/\/renatodias.online\/movimento\/wp-content\/uploads\/2022\/01\/Cartaz-de-Eduarado-e-Monica-filme-Link-e1643128231744.jpg","contentUrl":"https:\/\/renatodias.online\/movimento\/wp-content\/uploads\/2022\/01\/Cartaz-de-Eduarado-e-Monica-filme-Link-e1643128231744.jpg","width":350,"height":511,"caption":"Cartaz do filme Eduardo e Monica"},{"@type":"BreadcrumbList","@id":"https:\/\/renatodias.online\/movimento\/2022\/01\/25\/para-tempos-de-intolerancia\/#breadcrumb","itemListElement":[{"@type":"ListItem","position":1,"name":"In\u00edcio","item":"https:\/\/renatodias.online\/movimento\/"},{"@type":"ListItem","position":2,"name":"Para tempos de intoler\u00e2ncia"}]},{"@type":"WebSite","@id":"https:\/\/renatodias.online\/movimento\/#website","url":"https:\/\/renatodias.online\/movimento\/","name":"","description":"","publisher":{"@id":"https:\/\/renatodias.online\/movimento\/#\/schema\/person\/bbab28833b1725a20f4083f49f1fb2a9"},"potentialAction":[{"@type":"SearchAction","target":{"@type":"EntryPoint","urlTemplate":"https:\/\/renatodias.online\/movimento\/?s={search_term_string}"},"query-input":{"@type":"PropertyValueSpecification","valueRequired":true,"valueName":"search_term_string"}}],"inLanguage":"pt-BR"},{"@type":["Person","Organization"],"@id":"https:\/\/renatodias.online\/movimento\/#\/schema\/person\/bbab28833b1725a20f4083f49f1fb2a9","name":"Renato Dias","image":{"@type":"ImageObject","inLanguage":"pt-BR","@id":"https:\/\/renatodias.online\/movimento\/wp-content\/uploads\/2023\/03\/cropped-cropped-cropped-logofinal.jpeg","url":"https:\/\/renatodias.online\/movimento\/wp-content\/uploads\/2023\/03\/cropped-cropped-cropped-logofinal.jpeg","contentUrl":"https:\/\/renatodias.online\/movimento\/wp-content\/uploads\/2023\/03\/cropped-cropped-cropped-logofinal.jpeg","width":1280,"height":219,"caption":"Renato Dias"},"logo":{"@id":"https:\/\/renatodias.online\/movimento\/wp-content\/uploads\/2023\/03\/cropped-cropped-cropped-logofinal.jpeg"},"description":"Renato Dias, 58 anos, \u00e9 graduado em Jornalismo, formado em Ci\u00eancias Sociais, com p\u00f3s-gradua\u00e7\u00e3o em Pol\u00edticas P\u00fablicas, mestre em Direito e Rela\u00e7\u00f5es Internacionais, ex-aluno extraordin\u00e1rio do Doutorado em Psicologia Social, ex-estudante do Curso de Psican\u00e1lise do Centro de Estudos Psicanal\u00edticos do Estado de Goi\u00e1s, ministrado pelo m\u00e9dico psiquiatra e psicanalista Daniel Em\u00eddio de Souza. \u00c9 autor de 30 livros-reportagem, oito document\u00e1rios, ganhou 30 pr\u00eamios e \u00e9 torcedor apaixonado do maior do Centro-Oeste, o Vila Nova Futebol Clube. Casado com Meirilane Dias, \u00e9 pai de Juliana Dias, jornalista; Daniel Dias, economista; e Maria Rosa Dias, estudante antifascista, socialista e trotskista.\u00a0Com tr\u00eas pets: Porquinho [Bull Dog Franc\u00eas], Dalila [Basset Hound] e Geleia [Basset Hound]. Al\u00e9m do eterno gato Tutuquinho, que virou estrela.","sameAs":["https:\/\/www.facebook.com\/renato.dias.37","#breve","https:\/\/renatodias.tumblr.com\/"],"url":"https:\/\/renatodias.online\/movimento\/author\/renatodias\/"}]}},"_links":{"self":[{"href":"https:\/\/renatodias.online\/movimento\/wp-json\/wp\/v2\/posts\/10583","targetHints":{"allow":["GET"]}}],"collection":[{"href":"https:\/\/renatodias.online\/movimento\/wp-json\/wp\/v2\/posts"}],"about":[{"href":"https:\/\/renatodias.online\/movimento\/wp-json\/wp\/v2\/types\/post"}],"author":[{"embeddable":true,"href":"https:\/\/renatodias.online\/movimento\/wp-json\/wp\/v2\/users\/2"}],"replies":[{"embeddable":true,"href":"https:\/\/renatodias.online\/movimento\/wp-json\/wp\/v2\/comments?post=10583"}],"version-history":[{"count":1,"href":"https:\/\/renatodias.online\/movimento\/wp-json\/wp\/v2\/posts\/10583\/revisions"}],"predecessor-version":[{"id":10588,"href":"https:\/\/renatodias.online\/movimento\/wp-json\/wp\/v2\/posts\/10583\/revisions\/10588"}],"wp:featuredmedia":[{"embeddable":true,"href":"https:\/\/renatodias.online\/movimento\/wp-json\/wp\/v2\/media\/10585"}],"wp:attachment":[{"href":"https:\/\/renatodias.online\/movimento\/wp-json\/wp\/v2\/media?parent=10583"}],"wp:term":[{"taxonomy":"category","embeddable":true,"href":"https:\/\/renatodias.online\/movimento\/wp-json\/wp\/v2\/categories?post=10583"},{"taxonomy":"post_tag","embeddable":true,"href":"https:\/\/renatodias.online\/movimento\/wp-json\/wp\/v2\/tags?post=10583"}],"curies":[{"name":"wp","href":"https:\/\/api.w.org\/{rel}","templated":true}]}}