{"id":10508,"date":"2022-01-20T23:13:43","date_gmt":"2022-01-21T02:13:43","guid":{"rendered":"https:\/\/renatodias.online\/movimento\/?p=10508"},"modified":"2022-01-20T23:13:43","modified_gmt":"2022-01-21T02:13:43","slug":"a-sindrome-de-poliana","status":"publish","type":"post","link":"https:\/\/renatodias.online\/movimento\/2022\/01\/20\/a-sindrome-de-poliana\/","title":{"rendered":"A s\u00edndrome de Poliana"},"content":{"rendered":"<figure id=\"attachment_5888\" aria-describedby=\"caption-attachment-5888\" style=\"width: 600px\" class=\"wp-caption aligncenter\"><img loading=\"lazy\" decoding=\"async\" class=\"wp-image-5888 size-full\" src=\"https:\/\/renatodias.online\/movimento\/wp-content\/uploads\/2021\/04\/Bomba-A-morte-da-Politica.jpg\" alt=\"explosivo\" width=\"600\" height=\"600\" \/><figcaption id=\"caption-attachment-5888\" class=\"wp-caption-text\"><span style=\"color: #ff6600;\"><strong>explosivo<\/strong><\/span><\/figcaption><\/figure>\n<h3><img loading=\"lazy\" decoding=\"async\" class=\"wp-image-9119 size-full aligncenter\" src=\"https:\/\/renatodias.online\/movimento\/wp-content\/uploads\/2021\/09\/Opiniao.jpg\" alt=\"\" width=\"620\" height=\"296\" srcset=\"https:\/\/renatodias.online\/movimento\/wp-content\/uploads\/2021\/09\/Opiniao.jpg 620w, https:\/\/renatodias.online\/movimento\/wp-content\/uploads\/2021\/09\/Opiniao-300x143.jpg 300w\" sizes=\"auto, (max-width: 620px) 100vw, 620px\" \/><\/h3>\n<h3 style=\"text-align: center;\"><span style=\"color: #808000;\"><strong>Durante quanto tempo se sustentaria um governo de m\u00e3os amarradas, <\/strong><\/span><\/h3>\n<h3 style=\"text-align: center;\"><span style=\"color: #808000;\"><strong>autorizado apenas a ir tocando medidas assistenciais e algo mais?<\/strong><\/span><\/h3>\n<p><strong>Jos\u00e9 Dami\u00e3o Trindade<\/strong><\/p>\n<p><em>Poliana<\/em> \u00e9 um cl\u00e1ssico da literatura infanto-juvenil, da estadunidense Eleanor Porter, publicado originalmente em 1913. A personagem Pollyanna \u00e9 uma mocinha que se guia pelo empenho gentil e cr\u00e9dulo de sempre procurar o \u201clado bom\u201d em tudo. No Brasil o livro popularizou o termo \u201cpoliana\u201d, que se transformou em adjetivo. Ainda que a maior parte dos dicion\u00e1rios mais populares n\u00e3o registrem o verbete, ele pode ser encontrado no<span style=\"color: #ff6600;\"><span style=\"color: #000000;\"> <strong>Wikdicion\u00e1rio<\/strong><\/span>,<\/span> que o descreve como relativo \u00e0 \u201cpessoa que \u00e9 excessiva e idealistamente positiva, otimista e inocente, pura, ing\u00eanua\u201d. Pois, se procurar com boa vontade, d\u00e1 mesmo para encontrar um lado \u201cbom\u201d em qualquer coisa. At\u00e9 no nazismo. Os nazistas resgataram, no per\u00edodo 1933-45, o orgulho nacional de um pa\u00eds derrotado na Primeira Guerra Mundial, que havia sido colocado de joelhos pelos vencedores. O nazismo foi o primeiro regime do mundo a alcan\u00e7ar o pleno emprego, sua economia saiu da depress\u00e3o e passou a produzir com frenesi. Suas estradas e conjuntos habitacionais foram os melhores do seu tempo. A ci\u00eancia alem\u00e3 saltou para o primeiro plano mundial, e o autom\u00f3vel Volkswagen, produzido especialmente para uso dos trabalhadores alem\u00e3es, foi um sucesso internacional por 50 anos.<\/p>\n<figure id=\"attachment_10509\" aria-describedby=\"caption-attachment-10509\" style=\"width: 240px\" class=\"wp-caption aligncenter\"><img loading=\"lazy\" decoding=\"async\" class=\"wp-image-10509 size-full\" src=\"https:\/\/renatodias.online\/movimento\/wp-content\/uploads\/2022\/01\/Capa-do-livro-Pollyana.jpg\" alt=\"\" width=\"240\" height=\"346\" srcset=\"https:\/\/renatodias.online\/movimento\/wp-content\/uploads\/2022\/01\/Capa-do-livro-Pollyana.jpg 240w, https:\/\/renatodias.online\/movimento\/wp-content\/uploads\/2022\/01\/Capa-do-livro-Pollyana-208x300.jpg 208w\" sizes=\"auto, (max-width: 240px) 100vw, 240px\" \/><figcaption id=\"caption-attachment-10509\" class=\"wp-caption-text\"><strong>Capa do livro Pollyana<\/strong><\/figcaption><\/figure>\n<p>D\u00e1 at\u00e9 calafrios imaginar como poderia ter sido o desfecho da guerra, se Hitler n\u00e3o houvesse cometido a burrada militar de invadir a Uni\u00e3o Sovi\u00e9tica, escolhendo lutar em duas frentes militares. A esmagadora maioria do povo alem\u00e3o gostou do nazismo, beneficiou-se dele, apoiou aquele regime violento e anti-humano \u2013 at\u00e9 mesmo depois do seu fim. Mas nada disso caracterizou o nazismo, n\u00e3o foram esses os tra\u00e7os predominantes daquele regime horroroso. Conforme Hegel, descobrimos o que uma coisa \u00e9, n\u00e3o pelo seu \u201clado\u201d bom \u2013 ou ruim, tanto faz \u2013 mas pelo rumo principal, pelo rumo determinante do seu movimento. Claro que \u00e9 \u201cmelhor\u201d termos Alckmin conosco do que contra n\u00f3s, ou Michel Temer, ou Sarney, ou o MDB \u2013 inteiro ou pela metade \u2013 ou qualquer outro pol\u00edtico ou bloco de direita que se descole do bolsonarismo. Nem precisamos perder tempo argumentando com esse \u201clado bom\u201d.<\/p>\n<figure id=\"attachment_6321\" aria-describedby=\"caption-attachment-6321\" style=\"width: 601px\" class=\"wp-caption aligncenter\"><img loading=\"lazy\" decoding=\"async\" class=\"wp-image-6321 size-large\" src=\"https:\/\/renatodias.online\/movimento\/wp-content\/uploads\/2021\/04\/Michel-Temer-_-6-Mix-_-Uol-601x1024.jpeg\" alt=\"\" width=\"601\" height=\"1024\" \/><figcaption id=\"caption-attachment-6321\" class=\"wp-caption-text\"><strong>Michel Temer<\/strong><\/figcaption><\/figure>\n<p>A quest\u00e3o \u00e9 outra: o que vem junto com esse pacote? Teremos, novamente, de abandonar o nosso programa de governo, como fez Dilma em 2014, uma semana ap\u00f3s ser reeleita? Pois n\u00e3o adiantou, derrubaram-na do mesmo jeito \u2013 e sem o povo para defend\u00ea-la. \u201cAh, mas Alckmin vai nos trazer os fi\u00e9is votos tucanos dos interiores\u201d. Vai mesmo? Quem assegura? Isso \u00e9 apenas um desejo. Uma variante desse mesmo argumento: \u201cSem Alckmin, podemos perder as elei\u00e7\u00f5es\u201d. Ser\u00e1 mesmo? Eis outra convic\u00e7\u00e3o indemonstr\u00e1vel.<\/p>\n<figure id=\"attachment_10493\" aria-describedby=\"caption-attachment-10493\" style=\"width: 324px\" class=\"wp-caption aligncenter\"><img loading=\"lazy\" decoding=\"async\" class=\"wp-image-10493 size-full\" src=\"https:\/\/renatodias.online\/movimento\/wp-content\/uploads\/2022\/01\/Geraldo-Alckmin-caricatura.jpg\" alt=\"\" width=\"324\" height=\"591\" \/><figcaption id=\"caption-attachment-10493\" class=\"wp-caption-text\"><strong>Geraldo Alckmin caricatura<\/strong><\/figcaption><\/figure>\n<p>Mas, polianamente, vamos fazer de conta de que esses dois argumentos s\u00e3o verdadeiros, e de que Lula precisa de Geraldo Alckmin para derrotar eleitoralmente Bolsonaro. Alckmin e a ran\u00e7osa direita antipovo, sua acompanhante h\u00e1 muito tempo, dar\u00e3o esse apoio de gra\u00e7a, programaticamente falando? Pois o mo\u00e7o j\u00e1 est\u00e1 esbravejando contra mexer na reforma trabalhista de Temer! Conv\u00e9m recordar o conte\u00fado daquela gamela enorme de maldades: flexibiliza\u00e7\u00e3o\/decl\u00ednio dos direitos trabalhistas, a informalidade passando a ser regra, esticamento das jornadas de trabalho para at\u00e9 60 horas semanais, emagrecimento das compet\u00eancias da Justi\u00e7a laboral, fragmenta\u00e7\u00e3o das f\u00e9rias, autonomiza\u00e7\u00e3o\/pejotiza\u00e7\u00e3o dos trabalhadores, terceiriza\u00e7\u00e3o irrestrita de todas as atividades (at\u00e9 das atividades-fim das empresas), o \u201cnegociado\u201d sobrepondo-se ao legislado, esvaziamento da responsabilidade patronal nos danos \u00e0 sa\u00fade e \u00e0 seguran\u00e7a no trabalho, retorno do trabalho obrigat\u00f3rio at\u00e9 para as gestantes e lactantes. Ainda caberia aqui um longo etcetera.<\/p>\n<p><img loading=\"lazy\" decoding=\"async\" class=\"alignnone size-full wp-image-8720\" src=\"https:\/\/renatodias.online\/movimento\/wp-content\/uploads\/2021\/08\/Jair-Messias-Bolsonaro-Caricatura.jpg\" alt=\"\" width=\"1080\" height=\"764\" \/><\/p>\n<p>Ademais, \u00e9 p\u00fablico que esse mesmo veto empresarial tamb\u00e9m recai sobre todas as outras malvadezas que as direitas governantes perpetraram contra o povo e contra o pa\u00eds de 2016 para c\u00e1. Lembrando: a reforma previdenci\u00e1ria que, no limite, extingue ou miserabiliza a aposentadoria, o teto de gastos or\u00e7ament\u00e1rios que interdita investimentos sociais, a autonomia do Banco Central, capaz de brecar at\u00e9 pol\u00edticas desenvolvimentistas, a aliena\u00e7\u00e3o do pr\u00e9-sal para o capital estrangeiro, os al\u00edvios tribut\u00e1rios para as megaempresas exportadoras, o agroneg\u00f3cio predador queimando e esterilizando o cerrado e as florestas, a desigualdade social indecente que n\u00e3o cessa de se aprofundar. Por a\u00ed, vai. As direitas s\u00e3o consequentes: est\u00e3o a\u00ed para defender os seus interesses de classe. Levam a s\u00e9rio programas de governo, <em>exigem<\/em> o seu cumprimento.<\/p>\n<figure id=\"attachment_2440\" aria-describedby=\"caption-attachment-2440\" style=\"width: 347px\" class=\"wp-caption aligncenter\"><img loading=\"lazy\" decoding=\"async\" class=\"wp-image-2440 size-full\" src=\"https:\/\/renatodias.online\/movimento\/wp-content\/uploads\/2019\/09\/Caricatura-de-Luiz-In\u00e1cio-Lula-da-Silva.jpg\" alt=\"\" width=\"347\" height=\"591\" srcset=\"https:\/\/renatodias.online\/movimento\/wp-content\/uploads\/2019\/09\/Caricatura-de-Luiz-In\u00e1cio-Lula-da-Silva.jpg 347w, https:\/\/renatodias.online\/movimento\/wp-content\/uploads\/2019\/09\/Caricatura-de-Luiz-In\u00e1cio-Lula-da-Silva-176x300.jpg 176w\" sizes=\"auto, (max-width: 347px) 100vw, 347px\" \/><figcaption id=\"caption-attachment-2440\" class=\"wp-caption-text\"><strong>Lula<\/strong><\/figcaption><\/figure>\n<p>E as esquerdas? Assumindo, mesmo informalmente, o compromisso de respeitar esses pontos fortes que a direita interditou \u2013 condi\u00e7\u00e3o para o apoio eleitoral \u2013 durante quanto tempo se sustentaria um governo assim, de m\u00e3os amarradas, autorizado apenas a ir tocando as medidas assistenciais e algo mais? Em pol\u00edtica, conduzir-se como Poliana \u00e9 um modo conformista de considerar a realidade. Poliana gasta tantas energias procurando \u2013 e encontrando! \u2013 o \u201clado bom\u201d das coisas, que corre o risco de n\u00e3o reconhecer o lado principal delas \u2013 aquele lado que, em \u00faltima inst\u00e2ncia, determina como elas s\u00e3o\/ser\u00e3o. Poliana n\u00e3o \u00e9 reformista. \u00c9 conformista. Conforma-se com qualquer coisinha boa. \u201cMelhor do que nada\u201d \u00e9 o seu pensamento predileto. Nem suspeita que o \u201cnada\u201d pode estar t\u00e3o pertinho. Na fic\u00e7\u00e3o infantojuvenil, o comportamento Poliana n\u00e3o produz mais do que frustra\u00e7\u00e3o, saud\u00e1vel at\u00e9, para o amadurecimento emocional. Na pol\u00edtica, a \u201cs\u00edndrome de Poliana\u201d pode ter consequ\u00eancias que matam um governo antes do seu nascimento.<\/p>\n<p><strong>Jos\u00e9 Dami\u00e3o Trindade \u00e9 procurador aposentado do Estado de S\u00e3o Paulo. Autor, entre outros livros, de Hist\u00f3ria Social dos Direitos Humanos (Peir\u00f3polis).<\/strong><\/p>\n","protected":false},"excerpt":{"rendered":"<p>Durante quanto tempo se sustentaria um governo de m\u00e3os amarradas, autorizado apenas a ir tocando medidas assistenciais e algo mais? Jos\u00e9 Dami\u00e3o Trindade Poliana \u00e9 um cl\u00e1ssico da literatura infanto-juvenil, da estadunidense Eleanor Porter, publicado originalmente em 1913. A personagem Pollyanna \u00e9 uma mocinha que se guia pelo empenho gentil e cr\u00e9dulo de sempre procurar<\/p>\n","protected":false},"author":2,"featured_media":8099,"comment_status":"open","ping_status":"open","sticky":false,"template":"","format":"standard","meta":{"_acf_changed":false,"_monsterinsights_skip_tracking":false,"_monsterinsights_sitenote_active":false,"_monsterinsights_sitenote_note":"","_monsterinsights_sitenote_category":0,"footnotes":""},"categories":[83],"tags":[],"class_list":["post-10508","post","type-post","status-publish","format-standard","has-post-thumbnail","hentry","category-opiniao"],"acf":[],"yoast_head":"<!-- This site is optimized with the Yoast SEO plugin v27.4 - https:\/\/yoast.com\/product\/yoast-seo-wordpress\/ -->\n<title>A s\u00edndrome de Poliana -<\/title>\n<meta name=\"robots\" content=\"index, follow, max-snippet:-1, max-image-preview:large, max-video-preview:-1\" \/>\n<link rel=\"canonical\" href=\"https:\/\/renatodias.online\/movimento\/2022\/01\/20\/a-sindrome-de-poliana\/\" \/>\n<meta property=\"og:locale\" content=\"pt_BR\" \/>\n<meta property=\"og:type\" content=\"article\" \/>\n<meta property=\"og:title\" content=\"A s\u00edndrome de Poliana -\" \/>\n<meta property=\"og:description\" content=\"Durante quanto tempo se sustentaria um governo de m\u00e3os amarradas, autorizado apenas a ir tocando medidas assistenciais e algo mais? Jos\u00e9 Dami\u00e3o Trindade Poliana \u00e9 um cl\u00e1ssico da literatura infanto-juvenil, da estadunidense Eleanor Porter, publicado originalmente em 1913. A personagem Pollyanna \u00e9 uma mocinha que se guia pelo empenho gentil e cr\u00e9dulo de sempre procurar\" \/>\n<meta property=\"og:url\" content=\"https:\/\/renatodias.online\/movimento\/2022\/01\/20\/a-sindrome-de-poliana\/\" \/>\n<meta property=\"article:publisher\" content=\"https:\/\/www.facebook.com\/renato.dias.37\" \/>\n<meta property=\"article:author\" content=\"https:\/\/www.facebook.com\/renato.dias.37\" \/>\n<meta property=\"article:published_time\" content=\"2022-01-21T02:13:43+00:00\" \/>\n<meta property=\"og:image\" content=\"https:\/\/renatodias.online\/movimento\/wp-content\/uploads\/2021\/07\/Jose-Damiao-de-Lima-Trindade-e1642731065619.jpg\" \/>\n\t<meta property=\"og:image:width\" content=\"400\" \/>\n\t<meta property=\"og:image:height\" content=\"225\" \/>\n\t<meta property=\"og:image:type\" content=\"image\/jpeg\" \/>\n<meta name=\"author\" content=\"Renato Dias\" \/>\n<meta name=\"twitter:card\" content=\"summary_large_image\" \/>\n<meta name=\"twitter:creator\" content=\"@RenatoDiasBat\" \/>\n<meta name=\"twitter:site\" content=\"@RenatoDiasBat\" \/>\n<meta name=\"twitter:label1\" content=\"Escrito por\" \/>\n\t<meta name=\"twitter:data1\" content=\"Renato Dias\" \/>\n\t<meta name=\"twitter:label2\" content=\"Est. tempo de leitura\" \/>\n\t<meta name=\"twitter:data2\" content=\"5 minutos\" \/>\n<script type=\"application\/ld+json\" class=\"yoast-schema-graph\">{\"@context\":\"https:\\\/\\\/schema.org\",\"@graph\":[{\"@type\":\"Article\",\"@id\":\"https:\\\/\\\/renatodias.online\\\/movimento\\\/2022\\\/01\\\/20\\\/a-sindrome-de-poliana\\\/#article\",\"isPartOf\":{\"@id\":\"https:\\\/\\\/renatodias.online\\\/movimento\\\/2022\\\/01\\\/20\\\/a-sindrome-de-poliana\\\/\"},\"author\":{\"name\":\"Renato Dias\",\"@id\":\"https:\\\/\\\/renatodias.online\\\/movimento\\\/#\\\/schema\\\/person\\\/bbab28833b1725a20f4083f49f1fb2a9\"},\"headline\":\"A s\u00edndrome de Poliana\",\"datePublished\":\"2022-01-21T02:13:43+00:00\",\"mainEntityOfPage\":{\"@id\":\"https:\\\/\\\/renatodias.online\\\/movimento\\\/2022\\\/01\\\/20\\\/a-sindrome-de-poliana\\\/\"},\"wordCount\":1001,\"commentCount\":0,\"publisher\":{\"@id\":\"https:\\\/\\\/renatodias.online\\\/movimento\\\/#\\\/schema\\\/person\\\/bbab28833b1725a20f4083f49f1fb2a9\"},\"image\":{\"@id\":\"https:\\\/\\\/renatodias.online\\\/movimento\\\/2022\\\/01\\\/20\\\/a-sindrome-de-poliana\\\/#primaryimage\"},\"thumbnailUrl\":\"https:\\\/\\\/renatodias.online\\\/movimento\\\/wp-content\\\/uploads\\\/2021\\\/07\\\/Jose-Damiao-de-Lima-Trindade-e1642731065619.jpg\",\"articleSection\":[\"Opini\u00e3o\"],\"inLanguage\":\"pt-BR\",\"potentialAction\":[{\"@type\":\"CommentAction\",\"name\":\"Comment\",\"target\":[\"https:\\\/\\\/renatodias.online\\\/movimento\\\/2022\\\/01\\\/20\\\/a-sindrome-de-poliana\\\/#respond\"]}]},{\"@type\":\"WebPage\",\"@id\":\"https:\\\/\\\/renatodias.online\\\/movimento\\\/2022\\\/01\\\/20\\\/a-sindrome-de-poliana\\\/\",\"url\":\"https:\\\/\\\/renatodias.online\\\/movimento\\\/2022\\\/01\\\/20\\\/a-sindrome-de-poliana\\\/\",\"name\":\"A s\u00edndrome de Poliana -\",\"isPartOf\":{\"@id\":\"https:\\\/\\\/renatodias.online\\\/movimento\\\/#website\"},\"primaryImageOfPage\":{\"@id\":\"https:\\\/\\\/renatodias.online\\\/movimento\\\/2022\\\/01\\\/20\\\/a-sindrome-de-poliana\\\/#primaryimage\"},\"image\":{\"@id\":\"https:\\\/\\\/renatodias.online\\\/movimento\\\/2022\\\/01\\\/20\\\/a-sindrome-de-poliana\\\/#primaryimage\"},\"thumbnailUrl\":\"https:\\\/\\\/renatodias.online\\\/movimento\\\/wp-content\\\/uploads\\\/2021\\\/07\\\/Jose-Damiao-de-Lima-Trindade-e1642731065619.jpg\",\"datePublished\":\"2022-01-21T02:13:43+00:00\",\"breadcrumb\":{\"@id\":\"https:\\\/\\\/renatodias.online\\\/movimento\\\/2022\\\/01\\\/20\\\/a-sindrome-de-poliana\\\/#breadcrumb\"},\"inLanguage\":\"pt-BR\",\"potentialAction\":[{\"@type\":\"ReadAction\",\"target\":[\"https:\\\/\\\/renatodias.online\\\/movimento\\\/2022\\\/01\\\/20\\\/a-sindrome-de-poliana\\\/\"]}]},{\"@type\":\"ImageObject\",\"inLanguage\":\"pt-BR\",\"@id\":\"https:\\\/\\\/renatodias.online\\\/movimento\\\/2022\\\/01\\\/20\\\/a-sindrome-de-poliana\\\/#primaryimage\",\"url\":\"https:\\\/\\\/renatodias.online\\\/movimento\\\/wp-content\\\/uploads\\\/2021\\\/07\\\/Jose-Damiao-de-Lima-Trindade-e1642731065619.jpg\",\"contentUrl\":\"https:\\\/\\\/renatodias.online\\\/movimento\\\/wp-content\\\/uploads\\\/2021\\\/07\\\/Jose-Damiao-de-Lima-Trindade-e1642731065619.jpg\",\"width\":400,\"height\":225,\"caption\":\"Jos\u00e9 Dami\u00e3o Trindade\"},{\"@type\":\"BreadcrumbList\",\"@id\":\"https:\\\/\\\/renatodias.online\\\/movimento\\\/2022\\\/01\\\/20\\\/a-sindrome-de-poliana\\\/#breadcrumb\",\"itemListElement\":[{\"@type\":\"ListItem\",\"position\":1,\"name\":\"In\u00edcio\",\"item\":\"https:\\\/\\\/renatodias.online\\\/movimento\\\/\"},{\"@type\":\"ListItem\",\"position\":2,\"name\":\"A s\u00edndrome de Poliana\"}]},{\"@type\":\"WebSite\",\"@id\":\"https:\\\/\\\/renatodias.online\\\/movimento\\\/#website\",\"url\":\"https:\\\/\\\/renatodias.online\\\/movimento\\\/\",\"name\":\"\",\"description\":\"\",\"publisher\":{\"@id\":\"https:\\\/\\\/renatodias.online\\\/movimento\\\/#\\\/schema\\\/person\\\/bbab28833b1725a20f4083f49f1fb2a9\"},\"potentialAction\":[{\"@type\":\"SearchAction\",\"target\":{\"@type\":\"EntryPoint\",\"urlTemplate\":\"https:\\\/\\\/renatodias.online\\\/movimento\\\/?s={search_term_string}\"},\"query-input\":{\"@type\":\"PropertyValueSpecification\",\"valueRequired\":true,\"valueName\":\"search_term_string\"}}],\"inLanguage\":\"pt-BR\"},{\"@type\":[\"Person\",\"Organization\"],\"@id\":\"https:\\\/\\\/renatodias.online\\\/movimento\\\/#\\\/schema\\\/person\\\/bbab28833b1725a20f4083f49f1fb2a9\",\"name\":\"Renato Dias\",\"image\":{\"@type\":\"ImageObject\",\"inLanguage\":\"pt-BR\",\"@id\":\"https:\\\/\\\/renatodias.online\\\/movimento\\\/wp-content\\\/uploads\\\/2023\\\/03\\\/cropped-cropped-cropped-logofinal.jpeg\",\"url\":\"https:\\\/\\\/renatodias.online\\\/movimento\\\/wp-content\\\/uploads\\\/2023\\\/03\\\/cropped-cropped-cropped-logofinal.jpeg\",\"contentUrl\":\"https:\\\/\\\/renatodias.online\\\/movimento\\\/wp-content\\\/uploads\\\/2023\\\/03\\\/cropped-cropped-cropped-logofinal.jpeg\",\"width\":1280,\"height\":219,\"caption\":\"Renato Dias\"},\"logo\":{\"@id\":\"https:\\\/\\\/renatodias.online\\\/movimento\\\/wp-content\\\/uploads\\\/2023\\\/03\\\/cropped-cropped-cropped-logofinal.jpeg\"},\"description\":\"Renato Dias, 58 anos, \u00e9 graduado em Jornalismo, formado em Ci\u00eancias Sociais, com p\u00f3s-gradua\u00e7\u00e3o em Pol\u00edticas P\u00fablicas, mestre em Direito e Rela\u00e7\u00f5es Internacionais, ex-aluno extraordin\u00e1rio do Doutorado em Psicologia Social, ex-estudante do Curso de Psican\u00e1lise do Centro de Estudos Psicanal\u00edticos do Estado de Goi\u00e1s, ministrado pelo m\u00e9dico psiquiatra e psicanalista Daniel Em\u00eddio de Souza. \u00c9 autor de 30 livros-reportagem, oito document\u00e1rios, ganhou 30 pr\u00eamios e \u00e9 torcedor apaixonado do maior do Centro-Oeste, o Vila Nova Futebol Clube. Casado com Meirilane Dias, \u00e9 pai de Juliana Dias, jornalista; Daniel Dias, economista; e Maria Rosa Dias, estudante antifascista, socialista e trotskista.\u00a0Com tr\u00eas pets: Porquinho [Bull Dog Franc\u00eas], Dalila [Basset Hound] e Geleia [Basset Hound]. Al\u00e9m do eterno gato Tutuquinho, que virou estrela.\",\"sameAs\":[\"https:\\\/\\\/www.facebook.com\\\/renato.dias.37\",\"#breve\",\"https:\\\/\\\/renatodias.tumblr.com\\\/\"],\"url\":\"https:\\\/\\\/renatodias.online\\\/movimento\\\/author\\\/renatodias\\\/\"}]}<\/script>\n<!-- \/ Yoast SEO plugin. -->","yoast_head_json":{"title":"A s\u00edndrome de Poliana -","robots":{"index":"index","follow":"follow","max-snippet":"max-snippet:-1","max-image-preview":"max-image-preview:large","max-video-preview":"max-video-preview:-1"},"canonical":"https:\/\/renatodias.online\/movimento\/2022\/01\/20\/a-sindrome-de-poliana\/","og_locale":"pt_BR","og_type":"article","og_title":"A s\u00edndrome de Poliana -","og_description":"Durante quanto tempo se sustentaria um governo de m\u00e3os amarradas, autorizado apenas a ir tocando medidas assistenciais e algo mais? Jos\u00e9 Dami\u00e3o Trindade Poliana \u00e9 um cl\u00e1ssico da literatura infanto-juvenil, da estadunidense Eleanor Porter, publicado originalmente em 1913. A personagem Pollyanna \u00e9 uma mocinha que se guia pelo empenho gentil e cr\u00e9dulo de sempre procurar","og_url":"https:\/\/renatodias.online\/movimento\/2022\/01\/20\/a-sindrome-de-poliana\/","article_publisher":"https:\/\/www.facebook.com\/renato.dias.37","article_author":"https:\/\/www.facebook.com\/renato.dias.37","article_published_time":"2022-01-21T02:13:43+00:00","og_image":[{"width":400,"height":225,"url":"https:\/\/renatodias.online\/movimento\/wp-content\/uploads\/2021\/07\/Jose-Damiao-de-Lima-Trindade-e1642731065619.jpg","type":"image\/jpeg"}],"author":"Renato Dias","twitter_card":"summary_large_image","twitter_creator":"@RenatoDiasBat","twitter_site":"@RenatoDiasBat","twitter_misc":{"Escrito por":"Renato Dias","Est. tempo de leitura":"5 minutos"},"schema":{"@context":"https:\/\/schema.org","@graph":[{"@type":"Article","@id":"https:\/\/renatodias.online\/movimento\/2022\/01\/20\/a-sindrome-de-poliana\/#article","isPartOf":{"@id":"https:\/\/renatodias.online\/movimento\/2022\/01\/20\/a-sindrome-de-poliana\/"},"author":{"name":"Renato Dias","@id":"https:\/\/renatodias.online\/movimento\/#\/schema\/person\/bbab28833b1725a20f4083f49f1fb2a9"},"headline":"A s\u00edndrome de Poliana","datePublished":"2022-01-21T02:13:43+00:00","mainEntityOfPage":{"@id":"https:\/\/renatodias.online\/movimento\/2022\/01\/20\/a-sindrome-de-poliana\/"},"wordCount":1001,"commentCount":0,"publisher":{"@id":"https:\/\/renatodias.online\/movimento\/#\/schema\/person\/bbab28833b1725a20f4083f49f1fb2a9"},"image":{"@id":"https:\/\/renatodias.online\/movimento\/2022\/01\/20\/a-sindrome-de-poliana\/#primaryimage"},"thumbnailUrl":"https:\/\/renatodias.online\/movimento\/wp-content\/uploads\/2021\/07\/Jose-Damiao-de-Lima-Trindade-e1642731065619.jpg","articleSection":["Opini\u00e3o"],"inLanguage":"pt-BR","potentialAction":[{"@type":"CommentAction","name":"Comment","target":["https:\/\/renatodias.online\/movimento\/2022\/01\/20\/a-sindrome-de-poliana\/#respond"]}]},{"@type":"WebPage","@id":"https:\/\/renatodias.online\/movimento\/2022\/01\/20\/a-sindrome-de-poliana\/","url":"https:\/\/renatodias.online\/movimento\/2022\/01\/20\/a-sindrome-de-poliana\/","name":"A s\u00edndrome de Poliana -","isPartOf":{"@id":"https:\/\/renatodias.online\/movimento\/#website"},"primaryImageOfPage":{"@id":"https:\/\/renatodias.online\/movimento\/2022\/01\/20\/a-sindrome-de-poliana\/#primaryimage"},"image":{"@id":"https:\/\/renatodias.online\/movimento\/2022\/01\/20\/a-sindrome-de-poliana\/#primaryimage"},"thumbnailUrl":"https:\/\/renatodias.online\/movimento\/wp-content\/uploads\/2021\/07\/Jose-Damiao-de-Lima-Trindade-e1642731065619.jpg","datePublished":"2022-01-21T02:13:43+00:00","breadcrumb":{"@id":"https:\/\/renatodias.online\/movimento\/2022\/01\/20\/a-sindrome-de-poliana\/#breadcrumb"},"inLanguage":"pt-BR","potentialAction":[{"@type":"ReadAction","target":["https:\/\/renatodias.online\/movimento\/2022\/01\/20\/a-sindrome-de-poliana\/"]}]},{"@type":"ImageObject","inLanguage":"pt-BR","@id":"https:\/\/renatodias.online\/movimento\/2022\/01\/20\/a-sindrome-de-poliana\/#primaryimage","url":"https:\/\/renatodias.online\/movimento\/wp-content\/uploads\/2021\/07\/Jose-Damiao-de-Lima-Trindade-e1642731065619.jpg","contentUrl":"https:\/\/renatodias.online\/movimento\/wp-content\/uploads\/2021\/07\/Jose-Damiao-de-Lima-Trindade-e1642731065619.jpg","width":400,"height":225,"caption":"Jos\u00e9 Dami\u00e3o Trindade"},{"@type":"BreadcrumbList","@id":"https:\/\/renatodias.online\/movimento\/2022\/01\/20\/a-sindrome-de-poliana\/#breadcrumb","itemListElement":[{"@type":"ListItem","position":1,"name":"In\u00edcio","item":"https:\/\/renatodias.online\/movimento\/"},{"@type":"ListItem","position":2,"name":"A s\u00edndrome de Poliana"}]},{"@type":"WebSite","@id":"https:\/\/renatodias.online\/movimento\/#website","url":"https:\/\/renatodias.online\/movimento\/","name":"","description":"","publisher":{"@id":"https:\/\/renatodias.online\/movimento\/#\/schema\/person\/bbab28833b1725a20f4083f49f1fb2a9"},"potentialAction":[{"@type":"SearchAction","target":{"@type":"EntryPoint","urlTemplate":"https:\/\/renatodias.online\/movimento\/?s={search_term_string}"},"query-input":{"@type":"PropertyValueSpecification","valueRequired":true,"valueName":"search_term_string"}}],"inLanguage":"pt-BR"},{"@type":["Person","Organization"],"@id":"https:\/\/renatodias.online\/movimento\/#\/schema\/person\/bbab28833b1725a20f4083f49f1fb2a9","name":"Renato Dias","image":{"@type":"ImageObject","inLanguage":"pt-BR","@id":"https:\/\/renatodias.online\/movimento\/wp-content\/uploads\/2023\/03\/cropped-cropped-cropped-logofinal.jpeg","url":"https:\/\/renatodias.online\/movimento\/wp-content\/uploads\/2023\/03\/cropped-cropped-cropped-logofinal.jpeg","contentUrl":"https:\/\/renatodias.online\/movimento\/wp-content\/uploads\/2023\/03\/cropped-cropped-cropped-logofinal.jpeg","width":1280,"height":219,"caption":"Renato Dias"},"logo":{"@id":"https:\/\/renatodias.online\/movimento\/wp-content\/uploads\/2023\/03\/cropped-cropped-cropped-logofinal.jpeg"},"description":"Renato Dias, 58 anos, \u00e9 graduado em Jornalismo, formado em Ci\u00eancias Sociais, com p\u00f3s-gradua\u00e7\u00e3o em Pol\u00edticas P\u00fablicas, mestre em Direito e Rela\u00e7\u00f5es Internacionais, ex-aluno extraordin\u00e1rio do Doutorado em Psicologia Social, ex-estudante do Curso de Psican\u00e1lise do Centro de Estudos Psicanal\u00edticos do Estado de Goi\u00e1s, ministrado pelo m\u00e9dico psiquiatra e psicanalista Daniel Em\u00eddio de Souza. \u00c9 autor de 30 livros-reportagem, oito document\u00e1rios, ganhou 30 pr\u00eamios e \u00e9 torcedor apaixonado do maior do Centro-Oeste, o Vila Nova Futebol Clube. Casado com Meirilane Dias, \u00e9 pai de Juliana Dias, jornalista; Daniel Dias, economista; e Maria Rosa Dias, estudante antifascista, socialista e trotskista.\u00a0Com tr\u00eas pets: Porquinho [Bull Dog Franc\u00eas], Dalila [Basset Hound] e Geleia [Basset Hound]. Al\u00e9m do eterno gato Tutuquinho, que virou estrela.","sameAs":["https:\/\/www.facebook.com\/renato.dias.37","#breve","https:\/\/renatodias.tumblr.com\/"],"url":"https:\/\/renatodias.online\/movimento\/author\/renatodias\/"}]}},"_links":{"self":[{"href":"https:\/\/renatodias.online\/movimento\/wp-json\/wp\/v2\/posts\/10508","targetHints":{"allow":["GET"]}}],"collection":[{"href":"https:\/\/renatodias.online\/movimento\/wp-json\/wp\/v2\/posts"}],"about":[{"href":"https:\/\/renatodias.online\/movimento\/wp-json\/wp\/v2\/types\/post"}],"author":[{"embeddable":true,"href":"https:\/\/renatodias.online\/movimento\/wp-json\/wp\/v2\/users\/2"}],"replies":[{"embeddable":true,"href":"https:\/\/renatodias.online\/movimento\/wp-json\/wp\/v2\/comments?post=10508"}],"version-history":[{"count":1,"href":"https:\/\/renatodias.online\/movimento\/wp-json\/wp\/v2\/posts\/10508\/revisions"}],"predecessor-version":[{"id":10510,"href":"https:\/\/renatodias.online\/movimento\/wp-json\/wp\/v2\/posts\/10508\/revisions\/10510"}],"wp:featuredmedia":[{"embeddable":true,"href":"https:\/\/renatodias.online\/movimento\/wp-json\/wp\/v2\/media\/8099"}],"wp:attachment":[{"href":"https:\/\/renatodias.online\/movimento\/wp-json\/wp\/v2\/media?parent=10508"}],"wp:term":[{"taxonomy":"category","embeddable":true,"href":"https:\/\/renatodias.online\/movimento\/wp-json\/wp\/v2\/categories?post=10508"},{"taxonomy":"post_tag","embeddable":true,"href":"https:\/\/renatodias.online\/movimento\/wp-json\/wp\/v2\/tags?post=10508"}],"curies":[{"name":"wp","href":"https:\/\/api.w.org\/{rel}","templated":true}]}}