{"id":10456,"date":"2022-01-16T17:05:46","date_gmt":"2022-01-16T20:05:46","guid":{"rendered":"https:\/\/renatodias.online\/movimento\/?p=10456"},"modified":"2022-01-16T17:05:46","modified_gmt":"2022-01-16T20:05:46","slug":"docentes-pela-democracia-na-ufg","status":"publish","type":"post","link":"https:\/\/renatodias.online\/movimento\/2022\/01\/16\/docentes-pela-democracia-na-ufg\/","title":{"rendered":"Docentes pela democracia na UFG"},"content":{"rendered":"<p><img loading=\"lazy\" decoding=\"async\" class=\"size-full wp-image-8967\" src=\"https:\/\/renatodias.online\/movimento\/wp-content\/uploads\/2021\/09\/Explosivo-1.jpg\" alt=\"\" width=\"1024\" height=\"536\" \/><\/p>\n<p><img loading=\"lazy\" decoding=\"async\" class=\"alignnone wp-image-4894 size-full\" src=\"https:\/\/renatodias.online\/movimento\/wp-content\/uploads\/2020\/11\/Alto-da-p\u00e1gina-Banner-Exclusivo-1.png\" alt=\"\" width=\"1224\" height=\"372\" \/><\/p>\n<p><img loading=\"lazy\" decoding=\"async\" class=\"alignnone wp-image-10446 size-full\" src=\"https:\/\/renatodias.online\/movimento\/wp-content\/uploads\/2022\/01\/Nota-Oficial.png\" alt=\"\" width=\"660\" height=\"490\" srcset=\"https:\/\/renatodias.online\/movimento\/wp-content\/uploads\/2022\/01\/Nota-Oficial.png 660w, https:\/\/renatodias.online\/movimento\/wp-content\/uploads\/2022\/01\/Nota-Oficial-300x223.png 300w\" sizes=\"auto, (max-width: 660px) 100vw, 660px\" \/><\/p>\n<h1 style=\"text-align: center;\">Docentes pela Democracia<\/h1>\n<p>O atual processo de nomea\u00e7\u00e3o da nova reitoria da UFG revela uma contradi\u00e7\u00e3o que \u00a0pode afetar negativamente a vida universit\u00e1ria: para evitar a completa perda de autonomia diante do governo Bolsonaro, com a indica\u00e7\u00e3o de um interventor bolsonarista, engole-se a perda relativa desta mesma autonomia, na medida em que se aceita a imposi\u00e7\u00e3o autorit\u00e1ria do atual presidente. Ou seja, em nome de se impedir a interven\u00e7\u00e3o aberta conforma-se com uma interven\u00e7\u00e3o velada. Esta situa\u00e7\u00e3o resulta dos limites da atual forma de escolha de gestores nas IFES que, infelizmente, n\u00e3o foi alterada em outras conjunturas mais favor\u00e1veis e hoje pagamos o pre\u00e7o frente ao atual ato arbitr\u00e1rio do governo protofascista.<\/p>\n<figure id=\"attachment_6425\" aria-describedby=\"caption-attachment-6425\" style=\"width: 1280px\" class=\"wp-caption alignnone\"><img loading=\"lazy\" decoding=\"async\" class=\"wp-image-6425 size-full\" src=\"https:\/\/renatodias.online\/movimento\/wp-content\/uploads\/2021\/05\/Reitoria-da-UFG.jpeg\" alt=\"\" width=\"1280\" height=\"960\" srcset=\"https:\/\/renatodias.online\/movimento\/wp-content\/uploads\/2021\/05\/Reitoria-da-UFG.jpeg 1280w, https:\/\/renatodias.online\/movimento\/wp-content\/uploads\/2021\/05\/Reitoria-da-UFG-300x225.jpeg 300w, https:\/\/renatodias.online\/movimento\/wp-content\/uploads\/2021\/05\/Reitoria-da-UFG-768x576.jpeg 768w, https:\/\/renatodias.online\/movimento\/wp-content\/uploads\/2021\/05\/Reitoria-da-UFG-750x563.jpeg 750w\" sizes=\"auto, (max-width: 1280px) 100vw, 1280px\" \/><figcaption id=\"caption-attachment-6425\" class=\"wp-caption-text\"><strong>Reitoria da UFG<\/strong><\/figcaption><\/figure>\n<p>A posi\u00e7\u00e3o manifesta pela reitora eleita, pelo ex-reitor e seus principais aliados nas entidades representativas da comunidade universit\u00e1ria, aceitando \u201ccom indigna\u00e7\u00e3o\u201d a interven\u00e7\u00e3o velada do governo por n\u00e3o ser ilegal, revela o tamanho do imbr\u00f3glio. O Movimento Docentes pela Democracia, antecipando essa possibilidade, pois desde as primeiras nomea\u00e7\u00f5es de reitores por parte do governo Bolsonaro ficou clara sua inten\u00e7\u00e3o golpista e de desrespeito \u00e0 autonomia das IFES, sempre defendeu a organiza\u00e7\u00e3o de um amplo processo de mobiliza\u00e7\u00e3o pol\u00edtica da comunidade universit\u00e1ria e da classe trabalhadora em defesa da autonomia universit\u00e1ria e das liberdades democr\u00e1ticas. Continuamos enfatizando que esta ainda \u00e9 uma tarefa fundamental.<\/p>\n<h1><span style=\"color: #ff0000;\"><strong>Contorcionismo<\/strong><\/span><\/h1>\n<p>Ainda n\u00e3o chegou ao p\u00fablico em geral as raz\u00f5es pelas quais n\u00e3o houve candidatura a reelei\u00e7\u00e3o do professor Edward. O fato \u00e9 que a escolha da Vice-Reitora para ser candidata se consolidou, bem como as expectativas de sua nomea\u00e7\u00e3o (com menor resist\u00eancia do MEC). Garantida sua vit\u00f3ria no processo eleitoral mais uma vez prevaleceu o contorcionismo pol\u00edtico, optando-se por \u201cdriblar\u201d este mesmo processo, indicando na lista tr\u00edplice mais dois nomes que sequer concorreram \u00e0s elei\u00e7\u00f5es para reitor, mas que pertencem ao grupo do atual reitor e da candidata eleita. Em \u00faltima an\u00e1lise, ao inv\u00e9s da mobiliza\u00e7\u00e3o, prevaleceu a escolha adotada pelo CONSUNI e por entidades como a ADUFG, isto \u00e9, a ideia de \u201cemparedar\u201d Bolsonaro, deixando-o sem alternativa e for\u00e7ando-o a nomear um dos tr\u00eas nomes do mesmo grupo, caso contr\u00e1rio este teria que romper o pr\u00f3prio processo de nomea\u00e7\u00e3o a partir da lista tr\u00edplice, institu\u00eddo pela Ditadura Militar e em vigor desde ent\u00e3o.<\/p>\n<figure id=\"attachment_5928\" aria-describedby=\"caption-attachment-5928\" style=\"width: 906px\" class=\"wp-caption alignnone\"><img loading=\"lazy\" decoding=\"async\" class=\"wp-image-5928 size-full\" src=\"https:\/\/renatodias.online\/movimento\/wp-content\/uploads\/2021\/04\/Reitor-da-UFG-Edward-Madureira.jpg\" alt=\"Edward Madureira\" width=\"906\" height=\"600\" \/><figcaption id=\"caption-attachment-5928\" class=\"wp-caption-text\"><strong>Edward Madureira<\/strong><\/figcaption><\/figure>\n<p>A \u201cesperteza\u201d do grupo dirigente da reitoria deu certo, a ciranda girou, mas continua no mesmo lugar! A \u201cindigna\u00e7\u00e3o feliz\u201d manifesta durante a semana pelos principais protagonistas deste enredo revela o autocontentamento com uma pretensa \u201cjogada de mestre\u201d. Por\u00e9m, criou-se assim a situa\u00e7\u00e3o esdr\u00faxula que vivemos no momento em que a apatia, a desmobiliza\u00e7\u00e3o e a \u201cindigna\u00e7\u00e3o feliz\u201d s\u00e3o as armas de que dispomos para lutar contra o arb\u00edtrio protofascista! Consideramos que a luta pela real autonomia universit\u00e1ria exige a aboli\u00e7\u00e3o do sistema de lista tr\u00edplice, este entulho herdado da Ditadura Militar, e o estabelecimento de elei\u00e7\u00f5es diretas pela comunidade universit\u00e1ria como \u00fanico crit\u00e9rio para a escolha de reitores, diretores de unidade e demais inst\u00e2ncias dirigentes das IFES. Esta \u00e9 uma luta que deve come\u00e7ar agora, envolvendo todos os setores da comunidade universit\u00e1ria e a sociedade civil dos trabalhadores, sob pena de preservar o atual cen\u00e1rio de desmobiliza\u00e7\u00e3o e despolitiza\u00e7\u00e3o e de fragilizar a UFG diante de novos ataques do governo.<\/p>\n<figure id=\"attachment_4365\" aria-describedby=\"caption-attachment-4365\" style=\"width: 780px\" class=\"wp-caption alignnone\"><img loading=\"lazy\" decoding=\"async\" class=\"wp-image-4365 size-full\" src=\"https:\/\/renatodias.online\/movimento\/wp-content\/uploads\/2020\/09\/Ditaduracivil-e-militar-no-Brasil-de-1964.jpg\" alt=\"\" width=\"780\" height=\"490\" \/><figcaption id=\"caption-attachment-4365\" class=\"wp-caption-text\"><strong>A ditadura civil e militar<\/strong><\/figcaption><\/figure>\n<p>A autonomia universit\u00e1ria, institu\u00edda como princ\u00edpio constitucional em 1988, vem sendo paulatinamente restringida ao longo das d\u00e9cadas. Ap\u00f3s 2016, a autonomia residual existente tem sido duramente combatida pelo movimento golpista (teto de gastos, persegui\u00e7\u00e3o das manifesta\u00e7\u00f5es acad\u00eamicas &#8211; pol\u00edtica da morda\u00e7a, nomea\u00e7\u00e3o de reitores derrotados ou n\u00e3o eleitos pela comunidade, congelamento de sal\u00e1rios, destrui\u00e7\u00e3o das carreiras dos servidores p\u00fablicos e fim da estabilidade &#8211; PEC 32). O resgate da autonomia como princ\u00edpio constitucional, capaz de revogar a legisla\u00e7\u00e3o ditatorial das listas tr\u00edplices, exige um amplo movimento unit\u00e1rio e de mobiliza\u00e7\u00e3o de toda a comunidade acad\u00eamica e da sociedade em geral. Defender a Universidade no contexto atual, al\u00e9m de resistir aos ataques proto-fascistas, necessita de um projeto de Universidade para o pa\u00eds que se materialize como institui\u00e7\u00e3o chave das transforma\u00e7\u00f5es progressistas e de radicaliza\u00e7\u00e3o democr\u00e1tica da sociedade brasileira. Conclamamos a comunidade, neste ano de 2022, forjarmos um pujante movimento de resist\u00eancia universit\u00e1ria, denunciando e combatendo os ataques a Universidade e a sociedade.<\/p>\n<figure id=\"attachment_6352\" aria-describedby=\"caption-attachment-6352\" style=\"width: 313px\" class=\"wp-caption aligncenter\"><img loading=\"lazy\" decoding=\"async\" class=\"wp-image-6352 size-full\" src=\"https:\/\/renatodias.online\/movimento\/wp-content\/uploads\/2021\/04\/Constituicao-Federal-de-1988.jpeg\" alt=\"\" width=\"313\" height=\"500\" \/><figcaption id=\"caption-attachment-6352\" class=\"wp-caption-text\"><strong>Constitui\u00e7\u00e3o Federal de 1988<\/strong><\/figcaption><\/figure>\n","protected":false},"excerpt":{"rendered":"<p>Docentes pela Democracia O atual processo de nomea\u00e7\u00e3o da nova reitoria da UFG revela uma contradi\u00e7\u00e3o que \u00a0pode afetar negativamente a vida universit\u00e1ria: para evitar a completa perda de autonomia diante do governo Bolsonaro, com a indica\u00e7\u00e3o de um interventor bolsonarista, engole-se a perda relativa desta mesma autonomia, na medida em que se aceita a<\/p>\n","protected":false},"author":2,"featured_media":7517,"comment_status":"open","ping_status":"open","sticky":false,"template":"","format":"standard","meta":{"_acf_changed":false,"_monsterinsights_skip_tracking":false,"_monsterinsights_sitenote_active":false,"_monsterinsights_sitenote_note":"","_monsterinsights_sitenote_category":0,"footnotes":""},"categories":[4],"tags":[],"class_list":["post-10456","post","type-post","status-publish","format-standard","has-post-thumbnail","hentry","category-politica"],"acf":[],"yoast_head":"<!-- This site is optimized with the Yoast SEO plugin v27.4 - https:\/\/yoast.com\/product\/yoast-seo-wordpress\/ -->\n<title>Docentes pela democracia na UFG -<\/title>\n<meta name=\"robots\" content=\"index, follow, max-snippet:-1, max-image-preview:large, max-video-preview:-1\" \/>\n<link rel=\"canonical\" href=\"https:\/\/renatodias.online\/movimento\/2022\/01\/16\/docentes-pela-democracia-na-ufg\/\" \/>\n<meta property=\"og:locale\" content=\"pt_BR\" \/>\n<meta property=\"og:type\" content=\"article\" \/>\n<meta property=\"og:title\" content=\"Docentes pela democracia na UFG -\" \/>\n<meta property=\"og:description\" content=\"Docentes pela Democracia O atual processo de nomea\u00e7\u00e3o da nova reitoria da UFG revela uma contradi\u00e7\u00e3o que \u00a0pode afetar negativamente a vida universit\u00e1ria: para evitar a completa perda de autonomia diante do governo Bolsonaro, com a indica\u00e7\u00e3o de um interventor bolsonarista, engole-se a perda relativa desta mesma autonomia, na medida em que se aceita a\" \/>\n<meta property=\"og:url\" content=\"https:\/\/renatodias.online\/movimento\/2022\/01\/16\/docentes-pela-democracia-na-ufg\/\" \/>\n<meta property=\"article:publisher\" content=\"https:\/\/www.facebook.com\/renato.dias.37\" \/>\n<meta property=\"article:author\" content=\"https:\/\/www.facebook.com\/renato.dias.37\" \/>\n<meta property=\"article:published_time\" content=\"2022-01-16T20:05:46+00:00\" \/>\n<meta property=\"og:image\" content=\"https:\/\/renatodias.online\/movimento\/wp-content\/uploads\/2021\/07\/David-Maciel-China-e1642363533221.jpg\" \/>\n\t<meta property=\"og:image:width\" content=\"400\" \/>\n\t<meta property=\"og:image:height\" content=\"225\" \/>\n\t<meta property=\"og:image:type\" content=\"image\/jpeg\" \/>\n<meta name=\"author\" content=\"Renato Dias\" \/>\n<meta name=\"twitter:card\" content=\"summary_large_image\" \/>\n<meta name=\"twitter:creator\" content=\"@RenatoDiasBat\" \/>\n<meta name=\"twitter:site\" content=\"@RenatoDiasBat\" \/>\n<meta name=\"twitter:label1\" content=\"Escrito por\" \/>\n\t<meta name=\"twitter:data1\" content=\"Renato Dias\" \/>\n\t<meta name=\"twitter:label2\" content=\"Est. tempo de leitura\" \/>\n\t<meta name=\"twitter:data2\" content=\"4 minutos\" \/>\n<script type=\"application\/ld+json\" class=\"yoast-schema-graph\">{\"@context\":\"https:\\\/\\\/schema.org\",\"@graph\":[{\"@type\":\"Article\",\"@id\":\"https:\\\/\\\/renatodias.online\\\/movimento\\\/2022\\\/01\\\/16\\\/docentes-pela-democracia-na-ufg\\\/#article\",\"isPartOf\":{\"@id\":\"https:\\\/\\\/renatodias.online\\\/movimento\\\/2022\\\/01\\\/16\\\/docentes-pela-democracia-na-ufg\\\/\"},\"author\":{\"name\":\"Renato Dias\",\"@id\":\"https:\\\/\\\/renatodias.online\\\/movimento\\\/#\\\/schema\\\/person\\\/bbab28833b1725a20f4083f49f1fb2a9\"},\"headline\":\"Docentes pela democracia na UFG\",\"datePublished\":\"2022-01-16T20:05:46+00:00\",\"mainEntityOfPage\":{\"@id\":\"https:\\\/\\\/renatodias.online\\\/movimento\\\/2022\\\/01\\\/16\\\/docentes-pela-democracia-na-ufg\\\/\"},\"wordCount\":828,\"commentCount\":0,\"publisher\":{\"@id\":\"https:\\\/\\\/renatodias.online\\\/movimento\\\/#\\\/schema\\\/person\\\/bbab28833b1725a20f4083f49f1fb2a9\"},\"image\":{\"@id\":\"https:\\\/\\\/renatodias.online\\\/movimento\\\/2022\\\/01\\\/16\\\/docentes-pela-democracia-na-ufg\\\/#primaryimage\"},\"thumbnailUrl\":\"https:\\\/\\\/renatodias.online\\\/movimento\\\/wp-content\\\/uploads\\\/2021\\\/07\\\/David-Maciel-China-e1642363533221.jpg\",\"articleSection\":[\"Pol\u00edtica\"],\"inLanguage\":\"pt-BR\",\"potentialAction\":[{\"@type\":\"CommentAction\",\"name\":\"Comment\",\"target\":[\"https:\\\/\\\/renatodias.online\\\/movimento\\\/2022\\\/01\\\/16\\\/docentes-pela-democracia-na-ufg\\\/#respond\"]}]},{\"@type\":\"WebPage\",\"@id\":\"https:\\\/\\\/renatodias.online\\\/movimento\\\/2022\\\/01\\\/16\\\/docentes-pela-democracia-na-ufg\\\/\",\"url\":\"https:\\\/\\\/renatodias.online\\\/movimento\\\/2022\\\/01\\\/16\\\/docentes-pela-democracia-na-ufg\\\/\",\"name\":\"Docentes pela democracia na UFG -\",\"isPartOf\":{\"@id\":\"https:\\\/\\\/renatodias.online\\\/movimento\\\/#website\"},\"primaryImageOfPage\":{\"@id\":\"https:\\\/\\\/renatodias.online\\\/movimento\\\/2022\\\/01\\\/16\\\/docentes-pela-democracia-na-ufg\\\/#primaryimage\"},\"image\":{\"@id\":\"https:\\\/\\\/renatodias.online\\\/movimento\\\/2022\\\/01\\\/16\\\/docentes-pela-democracia-na-ufg\\\/#primaryimage\"},\"thumbnailUrl\":\"https:\\\/\\\/renatodias.online\\\/movimento\\\/wp-content\\\/uploads\\\/2021\\\/07\\\/David-Maciel-China-e1642363533221.jpg\",\"datePublished\":\"2022-01-16T20:05:46+00:00\",\"breadcrumb\":{\"@id\":\"https:\\\/\\\/renatodias.online\\\/movimento\\\/2022\\\/01\\\/16\\\/docentes-pela-democracia-na-ufg\\\/#breadcrumb\"},\"inLanguage\":\"pt-BR\",\"potentialAction\":[{\"@type\":\"ReadAction\",\"target\":[\"https:\\\/\\\/renatodias.online\\\/movimento\\\/2022\\\/01\\\/16\\\/docentes-pela-democracia-na-ufg\\\/\"]}]},{\"@type\":\"ImageObject\",\"inLanguage\":\"pt-BR\",\"@id\":\"https:\\\/\\\/renatodias.online\\\/movimento\\\/2022\\\/01\\\/16\\\/docentes-pela-democracia-na-ufg\\\/#primaryimage\",\"url\":\"https:\\\/\\\/renatodias.online\\\/movimento\\\/wp-content\\\/uploads\\\/2021\\\/07\\\/David-Maciel-China-e1642363533221.jpg\",\"contentUrl\":\"https:\\\/\\\/renatodias.online\\\/movimento\\\/wp-content\\\/uploads\\\/2021\\\/07\\\/David-Maciel-China-e1642363533221.jpg\",\"width\":400,\"height\":225,\"caption\":\"David Maciel\"},{\"@type\":\"BreadcrumbList\",\"@id\":\"https:\\\/\\\/renatodias.online\\\/movimento\\\/2022\\\/01\\\/16\\\/docentes-pela-democracia-na-ufg\\\/#breadcrumb\",\"itemListElement\":[{\"@type\":\"ListItem\",\"position\":1,\"name\":\"In\u00edcio\",\"item\":\"https:\\\/\\\/renatodias.online\\\/movimento\\\/\"},{\"@type\":\"ListItem\",\"position\":2,\"name\":\"Docentes pela democracia na UFG\"}]},{\"@type\":\"WebSite\",\"@id\":\"https:\\\/\\\/renatodias.online\\\/movimento\\\/#website\",\"url\":\"https:\\\/\\\/renatodias.online\\\/movimento\\\/\",\"name\":\"\",\"description\":\"\",\"publisher\":{\"@id\":\"https:\\\/\\\/renatodias.online\\\/movimento\\\/#\\\/schema\\\/person\\\/bbab28833b1725a20f4083f49f1fb2a9\"},\"potentialAction\":[{\"@type\":\"SearchAction\",\"target\":{\"@type\":\"EntryPoint\",\"urlTemplate\":\"https:\\\/\\\/renatodias.online\\\/movimento\\\/?s={search_term_string}\"},\"query-input\":{\"@type\":\"PropertyValueSpecification\",\"valueRequired\":true,\"valueName\":\"search_term_string\"}}],\"inLanguage\":\"pt-BR\"},{\"@type\":[\"Person\",\"Organization\"],\"@id\":\"https:\\\/\\\/renatodias.online\\\/movimento\\\/#\\\/schema\\\/person\\\/bbab28833b1725a20f4083f49f1fb2a9\",\"name\":\"Renato Dias\",\"image\":{\"@type\":\"ImageObject\",\"inLanguage\":\"pt-BR\",\"@id\":\"https:\\\/\\\/renatodias.online\\\/movimento\\\/wp-content\\\/uploads\\\/2023\\\/03\\\/cropped-cropped-cropped-logofinal.jpeg\",\"url\":\"https:\\\/\\\/renatodias.online\\\/movimento\\\/wp-content\\\/uploads\\\/2023\\\/03\\\/cropped-cropped-cropped-logofinal.jpeg\",\"contentUrl\":\"https:\\\/\\\/renatodias.online\\\/movimento\\\/wp-content\\\/uploads\\\/2023\\\/03\\\/cropped-cropped-cropped-logofinal.jpeg\",\"width\":1280,\"height\":219,\"caption\":\"Renato Dias\"},\"logo\":{\"@id\":\"https:\\\/\\\/renatodias.online\\\/movimento\\\/wp-content\\\/uploads\\\/2023\\\/03\\\/cropped-cropped-cropped-logofinal.jpeg\"},\"description\":\"Renato Dias, 58 anos, \u00e9 graduado em Jornalismo, formado em Ci\u00eancias Sociais, com p\u00f3s-gradua\u00e7\u00e3o em Pol\u00edticas P\u00fablicas, mestre em Direito e Rela\u00e7\u00f5es Internacionais, ex-aluno extraordin\u00e1rio do Doutorado em Psicologia Social, ex-estudante do Curso de Psican\u00e1lise do Centro de Estudos Psicanal\u00edticos do Estado de Goi\u00e1s, ministrado pelo m\u00e9dico psiquiatra e psicanalista Daniel Em\u00eddio de Souza. \u00c9 autor de 30 livros-reportagem, oito document\u00e1rios, ganhou 30 pr\u00eamios e \u00e9 torcedor apaixonado do maior do Centro-Oeste, o Vila Nova Futebol Clube. Casado com Meirilane Dias, \u00e9 pai de Juliana Dias, jornalista; Daniel Dias, economista; e Maria Rosa Dias, estudante antifascista, socialista e trotskista.\u00a0Com tr\u00eas pets: Porquinho [Bull Dog Franc\u00eas], Dalila [Basset Hound] e Geleia [Basset Hound]. Al\u00e9m do eterno gato Tutuquinho, que virou estrela.\",\"sameAs\":[\"https:\\\/\\\/www.facebook.com\\\/renato.dias.37\",\"#breve\",\"https:\\\/\\\/renatodias.tumblr.com\\\/\"],\"url\":\"https:\\\/\\\/renatodias.online\\\/movimento\\\/author\\\/renatodias\\\/\"}]}<\/script>\n<!-- \/ Yoast SEO plugin. -->","yoast_head_json":{"title":"Docentes pela democracia na UFG -","robots":{"index":"index","follow":"follow","max-snippet":"max-snippet:-1","max-image-preview":"max-image-preview:large","max-video-preview":"max-video-preview:-1"},"canonical":"https:\/\/renatodias.online\/movimento\/2022\/01\/16\/docentes-pela-democracia-na-ufg\/","og_locale":"pt_BR","og_type":"article","og_title":"Docentes pela democracia na UFG -","og_description":"Docentes pela Democracia O atual processo de nomea\u00e7\u00e3o da nova reitoria da UFG revela uma contradi\u00e7\u00e3o que \u00a0pode afetar negativamente a vida universit\u00e1ria: para evitar a completa perda de autonomia diante do governo Bolsonaro, com a indica\u00e7\u00e3o de um interventor bolsonarista, engole-se a perda relativa desta mesma autonomia, na medida em que se aceita a","og_url":"https:\/\/renatodias.online\/movimento\/2022\/01\/16\/docentes-pela-democracia-na-ufg\/","article_publisher":"https:\/\/www.facebook.com\/renato.dias.37","article_author":"https:\/\/www.facebook.com\/renato.dias.37","article_published_time":"2022-01-16T20:05:46+00:00","og_image":[{"width":400,"height":225,"url":"https:\/\/renatodias.online\/movimento\/wp-content\/uploads\/2021\/07\/David-Maciel-China-e1642363533221.jpg","type":"image\/jpeg"}],"author":"Renato Dias","twitter_card":"summary_large_image","twitter_creator":"@RenatoDiasBat","twitter_site":"@RenatoDiasBat","twitter_misc":{"Escrito por":"Renato Dias","Est. tempo de leitura":"4 minutos"},"schema":{"@context":"https:\/\/schema.org","@graph":[{"@type":"Article","@id":"https:\/\/renatodias.online\/movimento\/2022\/01\/16\/docentes-pela-democracia-na-ufg\/#article","isPartOf":{"@id":"https:\/\/renatodias.online\/movimento\/2022\/01\/16\/docentes-pela-democracia-na-ufg\/"},"author":{"name":"Renato Dias","@id":"https:\/\/renatodias.online\/movimento\/#\/schema\/person\/bbab28833b1725a20f4083f49f1fb2a9"},"headline":"Docentes pela democracia na UFG","datePublished":"2022-01-16T20:05:46+00:00","mainEntityOfPage":{"@id":"https:\/\/renatodias.online\/movimento\/2022\/01\/16\/docentes-pela-democracia-na-ufg\/"},"wordCount":828,"commentCount":0,"publisher":{"@id":"https:\/\/renatodias.online\/movimento\/#\/schema\/person\/bbab28833b1725a20f4083f49f1fb2a9"},"image":{"@id":"https:\/\/renatodias.online\/movimento\/2022\/01\/16\/docentes-pela-democracia-na-ufg\/#primaryimage"},"thumbnailUrl":"https:\/\/renatodias.online\/movimento\/wp-content\/uploads\/2021\/07\/David-Maciel-China-e1642363533221.jpg","articleSection":["Pol\u00edtica"],"inLanguage":"pt-BR","potentialAction":[{"@type":"CommentAction","name":"Comment","target":["https:\/\/renatodias.online\/movimento\/2022\/01\/16\/docentes-pela-democracia-na-ufg\/#respond"]}]},{"@type":"WebPage","@id":"https:\/\/renatodias.online\/movimento\/2022\/01\/16\/docentes-pela-democracia-na-ufg\/","url":"https:\/\/renatodias.online\/movimento\/2022\/01\/16\/docentes-pela-democracia-na-ufg\/","name":"Docentes pela democracia na UFG -","isPartOf":{"@id":"https:\/\/renatodias.online\/movimento\/#website"},"primaryImageOfPage":{"@id":"https:\/\/renatodias.online\/movimento\/2022\/01\/16\/docentes-pela-democracia-na-ufg\/#primaryimage"},"image":{"@id":"https:\/\/renatodias.online\/movimento\/2022\/01\/16\/docentes-pela-democracia-na-ufg\/#primaryimage"},"thumbnailUrl":"https:\/\/renatodias.online\/movimento\/wp-content\/uploads\/2021\/07\/David-Maciel-China-e1642363533221.jpg","datePublished":"2022-01-16T20:05:46+00:00","breadcrumb":{"@id":"https:\/\/renatodias.online\/movimento\/2022\/01\/16\/docentes-pela-democracia-na-ufg\/#breadcrumb"},"inLanguage":"pt-BR","potentialAction":[{"@type":"ReadAction","target":["https:\/\/renatodias.online\/movimento\/2022\/01\/16\/docentes-pela-democracia-na-ufg\/"]}]},{"@type":"ImageObject","inLanguage":"pt-BR","@id":"https:\/\/renatodias.online\/movimento\/2022\/01\/16\/docentes-pela-democracia-na-ufg\/#primaryimage","url":"https:\/\/renatodias.online\/movimento\/wp-content\/uploads\/2021\/07\/David-Maciel-China-e1642363533221.jpg","contentUrl":"https:\/\/renatodias.online\/movimento\/wp-content\/uploads\/2021\/07\/David-Maciel-China-e1642363533221.jpg","width":400,"height":225,"caption":"David Maciel"},{"@type":"BreadcrumbList","@id":"https:\/\/renatodias.online\/movimento\/2022\/01\/16\/docentes-pela-democracia-na-ufg\/#breadcrumb","itemListElement":[{"@type":"ListItem","position":1,"name":"In\u00edcio","item":"https:\/\/renatodias.online\/movimento\/"},{"@type":"ListItem","position":2,"name":"Docentes pela democracia na UFG"}]},{"@type":"WebSite","@id":"https:\/\/renatodias.online\/movimento\/#website","url":"https:\/\/renatodias.online\/movimento\/","name":"","description":"","publisher":{"@id":"https:\/\/renatodias.online\/movimento\/#\/schema\/person\/bbab28833b1725a20f4083f49f1fb2a9"},"potentialAction":[{"@type":"SearchAction","target":{"@type":"EntryPoint","urlTemplate":"https:\/\/renatodias.online\/movimento\/?s={search_term_string}"},"query-input":{"@type":"PropertyValueSpecification","valueRequired":true,"valueName":"search_term_string"}}],"inLanguage":"pt-BR"},{"@type":["Person","Organization"],"@id":"https:\/\/renatodias.online\/movimento\/#\/schema\/person\/bbab28833b1725a20f4083f49f1fb2a9","name":"Renato Dias","image":{"@type":"ImageObject","inLanguage":"pt-BR","@id":"https:\/\/renatodias.online\/movimento\/wp-content\/uploads\/2023\/03\/cropped-cropped-cropped-logofinal.jpeg","url":"https:\/\/renatodias.online\/movimento\/wp-content\/uploads\/2023\/03\/cropped-cropped-cropped-logofinal.jpeg","contentUrl":"https:\/\/renatodias.online\/movimento\/wp-content\/uploads\/2023\/03\/cropped-cropped-cropped-logofinal.jpeg","width":1280,"height":219,"caption":"Renato Dias"},"logo":{"@id":"https:\/\/renatodias.online\/movimento\/wp-content\/uploads\/2023\/03\/cropped-cropped-cropped-logofinal.jpeg"},"description":"Renato Dias, 58 anos, \u00e9 graduado em Jornalismo, formado em Ci\u00eancias Sociais, com p\u00f3s-gradua\u00e7\u00e3o em Pol\u00edticas P\u00fablicas, mestre em Direito e Rela\u00e7\u00f5es Internacionais, ex-aluno extraordin\u00e1rio do Doutorado em Psicologia Social, ex-estudante do Curso de Psican\u00e1lise do Centro de Estudos Psicanal\u00edticos do Estado de Goi\u00e1s, ministrado pelo m\u00e9dico psiquiatra e psicanalista Daniel Em\u00eddio de Souza. \u00c9 autor de 30 livros-reportagem, oito document\u00e1rios, ganhou 30 pr\u00eamios e \u00e9 torcedor apaixonado do maior do Centro-Oeste, o Vila Nova Futebol Clube. Casado com Meirilane Dias, \u00e9 pai de Juliana Dias, jornalista; Daniel Dias, economista; e Maria Rosa Dias, estudante antifascista, socialista e trotskista.\u00a0Com tr\u00eas pets: Porquinho [Bull Dog Franc\u00eas], Dalila [Basset Hound] e Geleia [Basset Hound]. Al\u00e9m do eterno gato Tutuquinho, que virou estrela.","sameAs":["https:\/\/www.facebook.com\/renato.dias.37","#breve","https:\/\/renatodias.tumblr.com\/"],"url":"https:\/\/renatodias.online\/movimento\/author\/renatodias\/"}]}},"_links":{"self":[{"href":"https:\/\/renatodias.online\/movimento\/wp-json\/wp\/v2\/posts\/10456","targetHints":{"allow":["GET"]}}],"collection":[{"href":"https:\/\/renatodias.online\/movimento\/wp-json\/wp\/v2\/posts"}],"about":[{"href":"https:\/\/renatodias.online\/movimento\/wp-json\/wp\/v2\/types\/post"}],"author":[{"embeddable":true,"href":"https:\/\/renatodias.online\/movimento\/wp-json\/wp\/v2\/users\/2"}],"replies":[{"embeddable":true,"href":"https:\/\/renatodias.online\/movimento\/wp-json\/wp\/v2\/comments?post=10456"}],"version-history":[{"count":1,"href":"https:\/\/renatodias.online\/movimento\/wp-json\/wp\/v2\/posts\/10456\/revisions"}],"predecessor-version":[{"id":10457,"href":"https:\/\/renatodias.online\/movimento\/wp-json\/wp\/v2\/posts\/10456\/revisions\/10457"}],"wp:featuredmedia":[{"embeddable":true,"href":"https:\/\/renatodias.online\/movimento\/wp-json\/wp\/v2\/media\/7517"}],"wp:attachment":[{"href":"https:\/\/renatodias.online\/movimento\/wp-json\/wp\/v2\/media?parent=10456"}],"wp:term":[{"taxonomy":"category","embeddable":true,"href":"https:\/\/renatodias.online\/movimento\/wp-json\/wp\/v2\/categories?post=10456"},{"taxonomy":"post_tag","embeddable":true,"href":"https:\/\/renatodias.online\/movimento\/wp-json\/wp\/v2\/tags?post=10456"}],"curies":[{"name":"wp","href":"https:\/\/api.w.org\/{rel}","templated":true}]}}