{"id":10377,"date":"2022-01-12T00:06:18","date_gmt":"2022-01-12T03:06:18","guid":{"rendered":"https:\/\/renatodias.online\/movimento\/?p=10377"},"modified":"2022-01-12T00:08:52","modified_gmt":"2022-01-12T03:08:52","slug":"eua-e-china-2-guerra-fria","status":"publish","type":"post","link":"https:\/\/renatodias.online\/movimento\/2022\/01\/12\/eua-e-china-2-guerra-fria\/","title":{"rendered":"EUA e China: 2\u00b0 guerra fria"},"content":{"rendered":"<p><strong>\u00a0<\/strong><\/p>\n<figure id=\"attachment_5888\" aria-describedby=\"caption-attachment-5888\" style=\"width: 300px\" class=\"wp-caption aligncenter\"><img loading=\"lazy\" decoding=\"async\" class=\"size-medium wp-image-5888\" src=\"https:\/\/renatodias.online\/movimento\/wp-content\/uploads\/2021\/04\/Bomba-A-morte-da-Politica-300x300.jpg\" alt=\"explosivo\" width=\"300\" height=\"300\" \/><figcaption id=\"caption-attachment-5888\" class=\"wp-caption-text\"><strong>explosivo<\/strong><\/figcaption><\/figure>\n<h1 style=\"text-align: center;\"><span style=\"color: #ff0000;\"><strong>Pr\u00f3ximo conflito ser\u00e1 com ataques cibern\u00e9ticos<\/strong><\/span><\/h1>\n<p><strong> <img loading=\"lazy\" decoding=\"async\" class=\"size-full wp-image-5929 aligncenter\" src=\"https:\/\/renatodias.online\/movimento\/wp-content\/uploads\/2021\/04\/Especial.jpg\" alt=\"\" width=\"200\" height=\"200\" srcset=\"https:\/\/renatodias.online\/movimento\/wp-content\/uploads\/2021\/04\/Especial.jpg 200w, https:\/\/renatodias.online\/movimento\/wp-content\/uploads\/2021\/04\/Especial-150x150.jpg 150w\" sizes=\"auto, (max-width: 200px) 100vw, 200px\" \/><\/strong><\/p>\n<h2 style=\"text-align: center;\"><span style=\"color: #ff00ff;\"><strong>&#8216;Negacionismo&#8217;, a fragilidade do sistema de sa\u00fade e a lentid\u00e3o da burocracia explicam crise da Pandemia, diz historiador brit\u00e2nico<\/strong><\/span><\/h2>\n<h1 style=\"text-align: center;\"><strong>\u00a0<\/strong><span style=\"color: #3366ff;\"><strong>Niall Ferguson<\/strong><\/span><\/h1>\n<p><strong>\u00a0<\/strong><\/p>\n<p><strong>Renato Dias<\/strong><\/p>\n<p>A hist\u00f3ria n\u00e3o possui um caminho inexor\u00e1vel, tem marchas e contra- marchas e traz a marca da imprevisibilidade, com as m\u00faltiplas op\u00e7\u00f5es para a humanidade. A an\u00e1lise \u00e9 do historiador brit\u00e2nico radicado nos Estados Unidos das Am\u00e9ricas [EUA], Am\u00e9rica do Norte, <strong>Niall Ferguson<\/strong>. O futuro n\u00e3o est\u00e1 definido, avalia.<\/p>\n<p>&nbsp;<\/p>\n<figure id=\"attachment_10379\" aria-describedby=\"caption-attachment-10379\" style=\"width: 1200px\" class=\"wp-caption alignnone\"><img loading=\"lazy\" decoding=\"async\" class=\"wp-image-10379 size-full\" src=\"https:\/\/renatodias.online\/movimento\/wp-content\/uploads\/2022\/01\/Niall-Ferguson-1.jpg\" alt=\"\" width=\"1200\" height=\"800\" srcset=\"https:\/\/renatodias.online\/movimento\/wp-content\/uploads\/2022\/01\/Niall-Ferguson-1.jpg 1200w, https:\/\/renatodias.online\/movimento\/wp-content\/uploads\/2022\/01\/Niall-Ferguson-1-300x200.jpg 300w, https:\/\/renatodias.online\/movimento\/wp-content\/uploads\/2022\/01\/Niall-Ferguson-1-768x512.jpg 768w, https:\/\/renatodias.online\/movimento\/wp-content\/uploads\/2022\/01\/Niall-Ferguson-1-360x240.jpg 360w, https:\/\/renatodias.online\/movimento\/wp-content\/uploads\/2022\/01\/Niall-Ferguson-1-750x500.jpg 750w\" sizes=\"auto, (max-width: 1200px) 100vw, 1200px\" \/><figcaption id=\"caption-attachment-10379\" class=\"wp-caption-text\"><strong>Niall Ferguson<\/strong><\/figcaption><\/figure>\n<p>O pesquisador da contemporaneidade admite que o mundo globalizado enfrenta, hoje, em 2022, uma <strong>segunda Guerra Fria.<\/strong> A primeira ocorreu, sob tens\u00e3o, de 1945 a 25 de dezembro de 1991. Dois imp\u00e9rios em disputa. Pela hegemonia mundial. Capitalismo versus socialismo. <strong>EUA contra Uni\u00e3o Sovi\u00e9tica [URSS].<\/strong><\/p>\n<figure id=\"attachment_3748\" aria-describedby=\"caption-attachment-3748\" style=\"width: 1200px\" class=\"wp-caption alignnone\"><img loading=\"lazy\" decoding=\"async\" class=\"wp-image-3748 size-full\" src=\"https:\/\/renatodias.online\/movimento\/wp-content\/uploads\/2020\/05\/Donald-Trump-Abertura-4.jpg\" alt=\"Donald Trump \u2013 caricatura\" width=\"1200\" height=\"1068\" \/><figcaption id=\"caption-attachment-3748\" class=\"wp-caption-text\"><strong>Donald Trump<br \/><\/strong><\/figcaption><\/figure>\n<p>O intelectual p\u00fablico classifica como populistas <strong>Donald Trump<\/strong>, ex-presidente dos EUA. Assim como <strong>Narendra Modi<\/strong>, chefe de Estado da \u00cdndia. Al\u00e9m de <strong>Viktor Orb\u00e1n<\/strong>, mandachuvas da Hungria. Como <strong>Jair Messias Bolsonaro<\/strong>, capit\u00e3o reformado do Ex\u00e9rcito Brasileiro. Em disputa pela reelei\u00e7\u00e3o.<\/p>\n<figure id=\"attachment_9945\" aria-describedby=\"caption-attachment-9945\" style=\"width: 680px\" class=\"wp-caption aligncenter\"><img loading=\"lazy\" decoding=\"async\" class=\"wp-image-9945 size-full\" src=\"https:\/\/renatodias.online\/movimento\/wp-content\/uploads\/2021\/12\/Famiglia-Bolsonaro.jpg\" alt=\"\" width=\"680\" height=\"453\" srcset=\"https:\/\/renatodias.online\/movimento\/wp-content\/uploads\/2021\/12\/Famiglia-Bolsonaro.jpg 680w, https:\/\/renatodias.online\/movimento\/wp-content\/uploads\/2021\/12\/Famiglia-Bolsonaro-300x200.jpg 300w, https:\/\/renatodias.online\/movimento\/wp-content\/uploads\/2021\/12\/Famiglia-Bolsonaro-360x240.jpg 360w\" sizes=\"auto, (max-width: 680px) 100vw, 680px\" \/><figcaption id=\"caption-attachment-9945\" class=\"wp-caption-text\"><strong>Cl\u00e3 de Jair Messias Bolsonaro<\/strong><\/figcaption><\/figure>\n<p>Cr\u00edtico, o escritor n\u00e3o atribui apenas ao negacionismo de Jair Messias Bolsonaro a escalada da Pandemia do Coronav\u00edrus Covid 19 no Pa\u00eds. A fragilidade, aus\u00eancia de universalidade e capacidade do sistema de sa\u00fade e a lentid\u00e3o da burocracia do Estado contribu\u00edram para o agravamento das crises sanit\u00e1ria e de sa\u00fade p\u00fablica, cr\u00ea.<\/p>\n<figure id=\"attachment_4660\" aria-describedby=\"caption-attachment-4660\" style=\"width: 701px\" class=\"wp-caption aligncenter\"><img loading=\"lazy\" decoding=\"async\" class=\"wp-image-4660 size-full\" src=\"https:\/\/renatodias.online\/movimento\/wp-content\/uploads\/2020\/09\/Coronav\u00edrus-Covid-19-Ulisses-Aesse-2.png\" alt=\"\" width=\"701\" height=\"647\" srcset=\"https:\/\/renatodias.online\/movimento\/wp-content\/uploads\/2020\/09\/Coronav\u00edrus-Covid-19-Ulisses-Aesse-2.png 701w, https:\/\/renatodias.online\/movimento\/wp-content\/uploads\/2020\/09\/Coronav\u00edrus-Covid-19-Ulisses-Aesse-2-300x277.png 300w\" sizes=\"auto, (max-width: 701px) 100vw, 701px\" \/><figcaption id=\"caption-attachment-4660\" class=\"wp-caption-text\"><strong>Coronav\u00edrus Covid 19<\/strong><\/figcaption><\/figure>\n<p>O inquilino da Casa Branca, <strong>Joe Biden<\/strong>, democrata, pode perder as pr\u00f3ximas elei\u00e7\u00f5es legislativas e ficar engessado, com a sua plataforma de mudan\u00e7as, com minorias tanto na C\u00e2mara quanto no Senado da Rep\u00fablica, calcula Niall Ferguson. Apesar da interven\u00e7\u00e3o keynesiana na economia com trilh\u00f5es de US$, atira.<\/p>\n<figure id=\"attachment_8581\" aria-describedby=\"caption-attachment-8581\" style=\"width: 804px\" class=\"wp-caption aligncenter\"><img loading=\"lazy\" decoding=\"async\" class=\"wp-image-8581 size-full\" src=\"https:\/\/renatodias.online\/movimento\/wp-content\/uploads\/2021\/08\/Joe-Biden-2.jpeg\" alt=\"\" width=\"804\" height=\"452\" srcset=\"https:\/\/renatodias.online\/movimento\/wp-content\/uploads\/2021\/08\/Joe-Biden-2.jpeg 804w, https:\/\/renatodias.online\/movimento\/wp-content\/uploads\/2021\/08\/Joe-Biden-2-300x169.jpeg 300w, https:\/\/renatodias.online\/movimento\/wp-content\/uploads\/2021\/08\/Joe-Biden-2-768x432.jpeg 768w, https:\/\/renatodias.online\/movimento\/wp-content\/uploads\/2021\/08\/Joe-Biden-2-750x422.jpeg 750w\" sizes=\"auto, (max-width: 804px) 100vw, 804px\" \/><figcaption id=\"caption-attachment-8581\" class=\"wp-caption-text\"><strong>Joe Biden<\/strong><\/figcaption><\/figure>\n<p>&nbsp;<\/p>\n<p>Admira\u00e7\u00e3o e diverg\u00eancias de interpreta\u00e7\u00e3o e metodologias. \u00c9 o que explica a sua rela\u00e7\u00e3o com o marxista brit\u00e2nico Eric Hobbsbaw. Um \u00edcone da historiografia. Dos s\u00e9culos 20 e 21. Niall Ferguson diz temer o totalitarismo da China e informa optar pelo ide\u00e1rio liberal conservador dos EUA. A liberdade de pensamento e express\u00e3o s\u00e3o indispens\u00e1veis.<\/p>\n<figure id=\"attachment_8573\" aria-describedby=\"caption-attachment-8573\" style=\"width: 900px\" class=\"wp-caption alignnone\"><img loading=\"lazy\" decoding=\"async\" class=\"wp-image-8573 size-full\" src=\"https:\/\/renatodias.online\/movimento\/wp-content\/uploads\/2021\/08\/Caricatura-de-Xi-Jinping.jpg\" alt=\"\" width=\"900\" height=\"1273\" \/><figcaption id=\"caption-attachment-8573\" class=\"wp-caption-text\"><strong>Xi Jinping<\/strong><\/figcaption><\/figure>\n<h1><span style=\"color: #ff6600;\"><strong>Guerra cibern\u00e9tica<\/strong><\/span><\/h1>\n<p>A pr\u00f3xima guerra a assombrar a humanidade, os cinco continentes do Planeta Terra, \u00e9 a cibern\u00e9tica, fuzila. O seu dedo em riste aponta \u00e0 China, R\u00fassia e Ir\u00e3, aliados estrat\u00e9gicos, e advers\u00e1rios dos EUA, sublinha. O aquecimento global \u00e9 uma amea\u00e7a iminente \u00e0 sobreviv\u00eancia, calcula o professor no Programa Roda Viva.<\/p>\n<p>&nbsp;<\/p>\n<figure id=\"attachment_6090\" aria-describedby=\"caption-attachment-6090\" style=\"width: 900px\" class=\"wp-caption alignnone\"><img loading=\"lazy\" decoding=\"async\" class=\"wp-image-6090 size-full\" src=\"https:\/\/renatodias.online\/movimento\/wp-content\/uploads\/2021\/04\/Vladimir-Putin-.jpg\" alt=\"Vladimir Putin\" width=\"900\" height=\"720\" \/><figcaption id=\"caption-attachment-6090\" class=\"wp-caption-text\"><strong>Vladimir Putin<\/strong><\/figcaption><\/figure>\n","protected":false},"excerpt":{"rendered":"<p>\u00a0 Pr\u00f3ximo conflito ser\u00e1 com ataques cibern\u00e9ticos &#8216;Negacionismo&#8217;, a fragilidade do sistema de sa\u00fade e a lentid\u00e3o da burocracia explicam crise da Pandemia, diz historiador brit\u00e2nico \u00a0Niall Ferguson \u00a0 Renato Dias A hist\u00f3ria n\u00e3o possui um caminho inexor\u00e1vel, tem marchas e contra- marchas e traz a marca da imprevisibilidade, com as m\u00faltiplas op\u00e7\u00f5es para a<\/p>\n","protected":false},"author":2,"featured_media":10381,"comment_status":"open","ping_status":"open","sticky":false,"template":"","format":"standard","meta":{"_acf_changed":false,"_monsterinsights_skip_tracking":false,"_monsterinsights_sitenote_active":false,"_monsterinsights_sitenote_note":"","_monsterinsights_sitenote_category":0,"footnotes":""},"categories":[36],"tags":[],"class_list":["post-10377","post","type-post","status-publish","format-standard","has-post-thumbnail","hentry","category-internacional"],"acf":[],"yoast_head":"<!-- This site is optimized with the Yoast SEO plugin v27.4 - https:\/\/yoast.com\/product\/yoast-seo-wordpress\/ -->\n<title>EUA e China: 2\u00b0 guerra fria -<\/title>\n<meta name=\"robots\" content=\"index, follow, max-snippet:-1, max-image-preview:large, max-video-preview:-1\" \/>\n<link rel=\"canonical\" href=\"https:\/\/renatodias.online\/movimento\/2022\/01\/12\/eua-e-china-2-guerra-fria\/\" \/>\n<meta property=\"og:locale\" content=\"pt_BR\" \/>\n<meta property=\"og:type\" content=\"article\" \/>\n<meta property=\"og:title\" content=\"EUA e China: 2\u00b0 guerra fria -\" \/>\n<meta property=\"og:description\" content=\"\u00a0 Pr\u00f3ximo conflito ser\u00e1 com ataques cibern\u00e9ticos &#8216;Negacionismo&#8217;, a fragilidade do sistema de sa\u00fade e a lentid\u00e3o da burocracia explicam crise da Pandemia, diz historiador brit\u00e2nico \u00a0Niall Ferguson \u00a0 Renato Dias A hist\u00f3ria n\u00e3o possui um caminho inexor\u00e1vel, tem marchas e contra- marchas e traz a marca da imprevisibilidade, com as m\u00faltiplas op\u00e7\u00f5es para a\" \/>\n<meta property=\"og:url\" content=\"https:\/\/renatodias.online\/movimento\/2022\/01\/12\/eua-e-china-2-guerra-fria\/\" \/>\n<meta property=\"article:publisher\" content=\"https:\/\/www.facebook.com\/renato.dias.37\" \/>\n<meta property=\"article:author\" content=\"https:\/\/www.facebook.com\/renato.dias.37\" \/>\n<meta property=\"article:published_time\" content=\"2022-01-12T03:06:18+00:00\" \/>\n<meta property=\"article:modified_time\" content=\"2022-01-12T03:08:52+00:00\" \/>\n<meta property=\"og:image\" content=\"https:\/\/renatodias.online\/movimento\/wp-content\/uploads\/2022\/01\/Niall-Ferguson-Link-scaled-e1641956913686.jpg\" \/>\n\t<meta property=\"og:image:width\" content=\"400\" \/>\n\t<meta property=\"og:image:height\" content=\"268\" \/>\n\t<meta property=\"og:image:type\" content=\"image\/jpeg\" \/>\n<meta name=\"author\" content=\"Renato Dias\" \/>\n<meta name=\"twitter:card\" content=\"summary_large_image\" \/>\n<meta name=\"twitter:creator\" content=\"@RenatoDiasBat\" \/>\n<meta name=\"twitter:site\" content=\"@RenatoDiasBat\" \/>\n<meta name=\"twitter:label1\" content=\"Escrito por\" \/>\n\t<meta name=\"twitter:data1\" content=\"Renato Dias\" \/>\n\t<meta name=\"twitter:label2\" content=\"Est. tempo de leitura\" \/>\n\t<meta name=\"twitter:data2\" content=\"2 minutos\" \/>\n<script type=\"application\/ld+json\" class=\"yoast-schema-graph\">{\"@context\":\"https:\\\/\\\/schema.org\",\"@graph\":[{\"@type\":\"Article\",\"@id\":\"https:\\\/\\\/renatodias.online\\\/movimento\\\/2022\\\/01\\\/12\\\/eua-e-china-2-guerra-fria\\\/#article\",\"isPartOf\":{\"@id\":\"https:\\\/\\\/renatodias.online\\\/movimento\\\/2022\\\/01\\\/12\\\/eua-e-china-2-guerra-fria\\\/\"},\"author\":{\"name\":\"Renato Dias\",\"@id\":\"https:\\\/\\\/renatodias.online\\\/movimento\\\/#\\\/schema\\\/person\\\/bbab28833b1725a20f4083f49f1fb2a9\"},\"headline\":\"EUA e China: 2\u00b0 guerra fria\",\"datePublished\":\"2022-01-12T03:06:18+00:00\",\"dateModified\":\"2022-01-12T03:08:52+00:00\",\"mainEntityOfPage\":{\"@id\":\"https:\\\/\\\/renatodias.online\\\/movimento\\\/2022\\\/01\\\/12\\\/eua-e-china-2-guerra-fria\\\/\"},\"wordCount\":500,\"commentCount\":0,\"publisher\":{\"@id\":\"https:\\\/\\\/renatodias.online\\\/movimento\\\/#\\\/schema\\\/person\\\/bbab28833b1725a20f4083f49f1fb2a9\"},\"image\":{\"@id\":\"https:\\\/\\\/renatodias.online\\\/movimento\\\/2022\\\/01\\\/12\\\/eua-e-china-2-guerra-fria\\\/#primaryimage\"},\"thumbnailUrl\":\"https:\\\/\\\/renatodias.online\\\/movimento\\\/wp-content\\\/uploads\\\/2022\\\/01\\\/Niall-Ferguson-Link-scaled-e1641956913686.jpg\",\"articleSection\":[\"Internacional\"],\"inLanguage\":\"pt-BR\",\"potentialAction\":[{\"@type\":\"CommentAction\",\"name\":\"Comment\",\"target\":[\"https:\\\/\\\/renatodias.online\\\/movimento\\\/2022\\\/01\\\/12\\\/eua-e-china-2-guerra-fria\\\/#respond\"]}]},{\"@type\":\"WebPage\",\"@id\":\"https:\\\/\\\/renatodias.online\\\/movimento\\\/2022\\\/01\\\/12\\\/eua-e-china-2-guerra-fria\\\/\",\"url\":\"https:\\\/\\\/renatodias.online\\\/movimento\\\/2022\\\/01\\\/12\\\/eua-e-china-2-guerra-fria\\\/\",\"name\":\"EUA e China: 2\u00b0 guerra fria -\",\"isPartOf\":{\"@id\":\"https:\\\/\\\/renatodias.online\\\/movimento\\\/#website\"},\"primaryImageOfPage\":{\"@id\":\"https:\\\/\\\/renatodias.online\\\/movimento\\\/2022\\\/01\\\/12\\\/eua-e-china-2-guerra-fria\\\/#primaryimage\"},\"image\":{\"@id\":\"https:\\\/\\\/renatodias.online\\\/movimento\\\/2022\\\/01\\\/12\\\/eua-e-china-2-guerra-fria\\\/#primaryimage\"},\"thumbnailUrl\":\"https:\\\/\\\/renatodias.online\\\/movimento\\\/wp-content\\\/uploads\\\/2022\\\/01\\\/Niall-Ferguson-Link-scaled-e1641956913686.jpg\",\"datePublished\":\"2022-01-12T03:06:18+00:00\",\"dateModified\":\"2022-01-12T03:08:52+00:00\",\"breadcrumb\":{\"@id\":\"https:\\\/\\\/renatodias.online\\\/movimento\\\/2022\\\/01\\\/12\\\/eua-e-china-2-guerra-fria\\\/#breadcrumb\"},\"inLanguage\":\"pt-BR\",\"potentialAction\":[{\"@type\":\"ReadAction\",\"target\":[\"https:\\\/\\\/renatodias.online\\\/movimento\\\/2022\\\/01\\\/12\\\/eua-e-china-2-guerra-fria\\\/\"]}]},{\"@type\":\"ImageObject\",\"inLanguage\":\"pt-BR\",\"@id\":\"https:\\\/\\\/renatodias.online\\\/movimento\\\/2022\\\/01\\\/12\\\/eua-e-china-2-guerra-fria\\\/#primaryimage\",\"url\":\"https:\\\/\\\/renatodias.online\\\/movimento\\\/wp-content\\\/uploads\\\/2022\\\/01\\\/Niall-Ferguson-Link-scaled-e1641956913686.jpg\",\"contentUrl\":\"https:\\\/\\\/renatodias.online\\\/movimento\\\/wp-content\\\/uploads\\\/2022\\\/01\\\/Niall-Ferguson-Link-scaled-e1641956913686.jpg\",\"width\":400,\"height\":268,\"caption\":\"Niall Ferguson\"},{\"@type\":\"BreadcrumbList\",\"@id\":\"https:\\\/\\\/renatodias.online\\\/movimento\\\/2022\\\/01\\\/12\\\/eua-e-china-2-guerra-fria\\\/#breadcrumb\",\"itemListElement\":[{\"@type\":\"ListItem\",\"position\":1,\"name\":\"In\u00edcio\",\"item\":\"https:\\\/\\\/renatodias.online\\\/movimento\\\/\"},{\"@type\":\"ListItem\",\"position\":2,\"name\":\"EUA e China: 2\u00b0 guerra fria\"}]},{\"@type\":\"WebSite\",\"@id\":\"https:\\\/\\\/renatodias.online\\\/movimento\\\/#website\",\"url\":\"https:\\\/\\\/renatodias.online\\\/movimento\\\/\",\"name\":\"\",\"description\":\"\",\"publisher\":{\"@id\":\"https:\\\/\\\/renatodias.online\\\/movimento\\\/#\\\/schema\\\/person\\\/bbab28833b1725a20f4083f49f1fb2a9\"},\"potentialAction\":[{\"@type\":\"SearchAction\",\"target\":{\"@type\":\"EntryPoint\",\"urlTemplate\":\"https:\\\/\\\/renatodias.online\\\/movimento\\\/?s={search_term_string}\"},\"query-input\":{\"@type\":\"PropertyValueSpecification\",\"valueRequired\":true,\"valueName\":\"search_term_string\"}}],\"inLanguage\":\"pt-BR\"},{\"@type\":[\"Person\",\"Organization\"],\"@id\":\"https:\\\/\\\/renatodias.online\\\/movimento\\\/#\\\/schema\\\/person\\\/bbab28833b1725a20f4083f49f1fb2a9\",\"name\":\"Renato Dias\",\"image\":{\"@type\":\"ImageObject\",\"inLanguage\":\"pt-BR\",\"@id\":\"https:\\\/\\\/renatodias.online\\\/movimento\\\/wp-content\\\/uploads\\\/2023\\\/03\\\/cropped-cropped-cropped-logofinal.jpeg\",\"url\":\"https:\\\/\\\/renatodias.online\\\/movimento\\\/wp-content\\\/uploads\\\/2023\\\/03\\\/cropped-cropped-cropped-logofinal.jpeg\",\"contentUrl\":\"https:\\\/\\\/renatodias.online\\\/movimento\\\/wp-content\\\/uploads\\\/2023\\\/03\\\/cropped-cropped-cropped-logofinal.jpeg\",\"width\":1280,\"height\":219,\"caption\":\"Renato Dias\"},\"logo\":{\"@id\":\"https:\\\/\\\/renatodias.online\\\/movimento\\\/wp-content\\\/uploads\\\/2023\\\/03\\\/cropped-cropped-cropped-logofinal.jpeg\"},\"description\":\"Renato Dias, 58 anos, \u00e9 graduado em Jornalismo, formado em Ci\u00eancias Sociais, com p\u00f3s-gradua\u00e7\u00e3o em Pol\u00edticas P\u00fablicas, mestre em Direito e Rela\u00e7\u00f5es Internacionais, ex-aluno extraordin\u00e1rio do Doutorado em Psicologia Social, ex-estudante do Curso de Psican\u00e1lise do Centro de Estudos Psicanal\u00edticos do Estado de Goi\u00e1s, ministrado pelo m\u00e9dico psiquiatra e psicanalista Daniel Em\u00eddio de Souza. \u00c9 autor de 30 livros-reportagem, oito document\u00e1rios, ganhou 30 pr\u00eamios e \u00e9 torcedor apaixonado do maior do Centro-Oeste, o Vila Nova Futebol Clube. Casado com Meirilane Dias, \u00e9 pai de Juliana Dias, jornalista; Daniel Dias, economista; e Maria Rosa Dias, estudante antifascista, socialista e trotskista.\u00a0Com tr\u00eas pets: Porquinho [Bull Dog Franc\u00eas], Dalila [Basset Hound] e Geleia [Basset Hound]. Al\u00e9m do eterno gato Tutuquinho, que virou estrela.\",\"sameAs\":[\"https:\\\/\\\/www.facebook.com\\\/renato.dias.37\",\"#breve\",\"https:\\\/\\\/renatodias.tumblr.com\\\/\"],\"url\":\"https:\\\/\\\/renatodias.online\\\/movimento\\\/author\\\/renatodias\\\/\"}]}<\/script>\n<!-- \/ Yoast SEO plugin. -->","yoast_head_json":{"title":"EUA e China: 2\u00b0 guerra fria -","robots":{"index":"index","follow":"follow","max-snippet":"max-snippet:-1","max-image-preview":"max-image-preview:large","max-video-preview":"max-video-preview:-1"},"canonical":"https:\/\/renatodias.online\/movimento\/2022\/01\/12\/eua-e-china-2-guerra-fria\/","og_locale":"pt_BR","og_type":"article","og_title":"EUA e China: 2\u00b0 guerra fria -","og_description":"\u00a0 Pr\u00f3ximo conflito ser\u00e1 com ataques cibern\u00e9ticos &#8216;Negacionismo&#8217;, a fragilidade do sistema de sa\u00fade e a lentid\u00e3o da burocracia explicam crise da Pandemia, diz historiador brit\u00e2nico \u00a0Niall Ferguson \u00a0 Renato Dias A hist\u00f3ria n\u00e3o possui um caminho inexor\u00e1vel, tem marchas e contra- marchas e traz a marca da imprevisibilidade, com as m\u00faltiplas op\u00e7\u00f5es para a","og_url":"https:\/\/renatodias.online\/movimento\/2022\/01\/12\/eua-e-china-2-guerra-fria\/","article_publisher":"https:\/\/www.facebook.com\/renato.dias.37","article_author":"https:\/\/www.facebook.com\/renato.dias.37","article_published_time":"2022-01-12T03:06:18+00:00","article_modified_time":"2022-01-12T03:08:52+00:00","og_image":[{"width":400,"height":268,"url":"https:\/\/renatodias.online\/movimento\/wp-content\/uploads\/2022\/01\/Niall-Ferguson-Link-scaled-e1641956913686.jpg","type":"image\/jpeg"}],"author":"Renato Dias","twitter_card":"summary_large_image","twitter_creator":"@RenatoDiasBat","twitter_site":"@RenatoDiasBat","twitter_misc":{"Escrito por":"Renato Dias","Est. tempo de leitura":"2 minutos"},"schema":{"@context":"https:\/\/schema.org","@graph":[{"@type":"Article","@id":"https:\/\/renatodias.online\/movimento\/2022\/01\/12\/eua-e-china-2-guerra-fria\/#article","isPartOf":{"@id":"https:\/\/renatodias.online\/movimento\/2022\/01\/12\/eua-e-china-2-guerra-fria\/"},"author":{"name":"Renato Dias","@id":"https:\/\/renatodias.online\/movimento\/#\/schema\/person\/bbab28833b1725a20f4083f49f1fb2a9"},"headline":"EUA e China: 2\u00b0 guerra fria","datePublished":"2022-01-12T03:06:18+00:00","dateModified":"2022-01-12T03:08:52+00:00","mainEntityOfPage":{"@id":"https:\/\/renatodias.online\/movimento\/2022\/01\/12\/eua-e-china-2-guerra-fria\/"},"wordCount":500,"commentCount":0,"publisher":{"@id":"https:\/\/renatodias.online\/movimento\/#\/schema\/person\/bbab28833b1725a20f4083f49f1fb2a9"},"image":{"@id":"https:\/\/renatodias.online\/movimento\/2022\/01\/12\/eua-e-china-2-guerra-fria\/#primaryimage"},"thumbnailUrl":"https:\/\/renatodias.online\/movimento\/wp-content\/uploads\/2022\/01\/Niall-Ferguson-Link-scaled-e1641956913686.jpg","articleSection":["Internacional"],"inLanguage":"pt-BR","potentialAction":[{"@type":"CommentAction","name":"Comment","target":["https:\/\/renatodias.online\/movimento\/2022\/01\/12\/eua-e-china-2-guerra-fria\/#respond"]}]},{"@type":"WebPage","@id":"https:\/\/renatodias.online\/movimento\/2022\/01\/12\/eua-e-china-2-guerra-fria\/","url":"https:\/\/renatodias.online\/movimento\/2022\/01\/12\/eua-e-china-2-guerra-fria\/","name":"EUA e China: 2\u00b0 guerra fria -","isPartOf":{"@id":"https:\/\/renatodias.online\/movimento\/#website"},"primaryImageOfPage":{"@id":"https:\/\/renatodias.online\/movimento\/2022\/01\/12\/eua-e-china-2-guerra-fria\/#primaryimage"},"image":{"@id":"https:\/\/renatodias.online\/movimento\/2022\/01\/12\/eua-e-china-2-guerra-fria\/#primaryimage"},"thumbnailUrl":"https:\/\/renatodias.online\/movimento\/wp-content\/uploads\/2022\/01\/Niall-Ferguson-Link-scaled-e1641956913686.jpg","datePublished":"2022-01-12T03:06:18+00:00","dateModified":"2022-01-12T03:08:52+00:00","breadcrumb":{"@id":"https:\/\/renatodias.online\/movimento\/2022\/01\/12\/eua-e-china-2-guerra-fria\/#breadcrumb"},"inLanguage":"pt-BR","potentialAction":[{"@type":"ReadAction","target":["https:\/\/renatodias.online\/movimento\/2022\/01\/12\/eua-e-china-2-guerra-fria\/"]}]},{"@type":"ImageObject","inLanguage":"pt-BR","@id":"https:\/\/renatodias.online\/movimento\/2022\/01\/12\/eua-e-china-2-guerra-fria\/#primaryimage","url":"https:\/\/renatodias.online\/movimento\/wp-content\/uploads\/2022\/01\/Niall-Ferguson-Link-scaled-e1641956913686.jpg","contentUrl":"https:\/\/renatodias.online\/movimento\/wp-content\/uploads\/2022\/01\/Niall-Ferguson-Link-scaled-e1641956913686.jpg","width":400,"height":268,"caption":"Niall Ferguson"},{"@type":"BreadcrumbList","@id":"https:\/\/renatodias.online\/movimento\/2022\/01\/12\/eua-e-china-2-guerra-fria\/#breadcrumb","itemListElement":[{"@type":"ListItem","position":1,"name":"In\u00edcio","item":"https:\/\/renatodias.online\/movimento\/"},{"@type":"ListItem","position":2,"name":"EUA e China: 2\u00b0 guerra fria"}]},{"@type":"WebSite","@id":"https:\/\/renatodias.online\/movimento\/#website","url":"https:\/\/renatodias.online\/movimento\/","name":"","description":"","publisher":{"@id":"https:\/\/renatodias.online\/movimento\/#\/schema\/person\/bbab28833b1725a20f4083f49f1fb2a9"},"potentialAction":[{"@type":"SearchAction","target":{"@type":"EntryPoint","urlTemplate":"https:\/\/renatodias.online\/movimento\/?s={search_term_string}"},"query-input":{"@type":"PropertyValueSpecification","valueRequired":true,"valueName":"search_term_string"}}],"inLanguage":"pt-BR"},{"@type":["Person","Organization"],"@id":"https:\/\/renatodias.online\/movimento\/#\/schema\/person\/bbab28833b1725a20f4083f49f1fb2a9","name":"Renato Dias","image":{"@type":"ImageObject","inLanguage":"pt-BR","@id":"https:\/\/renatodias.online\/movimento\/wp-content\/uploads\/2023\/03\/cropped-cropped-cropped-logofinal.jpeg","url":"https:\/\/renatodias.online\/movimento\/wp-content\/uploads\/2023\/03\/cropped-cropped-cropped-logofinal.jpeg","contentUrl":"https:\/\/renatodias.online\/movimento\/wp-content\/uploads\/2023\/03\/cropped-cropped-cropped-logofinal.jpeg","width":1280,"height":219,"caption":"Renato Dias"},"logo":{"@id":"https:\/\/renatodias.online\/movimento\/wp-content\/uploads\/2023\/03\/cropped-cropped-cropped-logofinal.jpeg"},"description":"Renato Dias, 58 anos, \u00e9 graduado em Jornalismo, formado em Ci\u00eancias Sociais, com p\u00f3s-gradua\u00e7\u00e3o em Pol\u00edticas P\u00fablicas, mestre em Direito e Rela\u00e7\u00f5es Internacionais, ex-aluno extraordin\u00e1rio do Doutorado em Psicologia Social, ex-estudante do Curso de Psican\u00e1lise do Centro de Estudos Psicanal\u00edticos do Estado de Goi\u00e1s, ministrado pelo m\u00e9dico psiquiatra e psicanalista Daniel Em\u00eddio de Souza. \u00c9 autor de 30 livros-reportagem, oito document\u00e1rios, ganhou 30 pr\u00eamios e \u00e9 torcedor apaixonado do maior do Centro-Oeste, o Vila Nova Futebol Clube. Casado com Meirilane Dias, \u00e9 pai de Juliana Dias, jornalista; Daniel Dias, economista; e Maria Rosa Dias, estudante antifascista, socialista e trotskista.\u00a0Com tr\u00eas pets: Porquinho [Bull Dog Franc\u00eas], Dalila [Basset Hound] e Geleia [Basset Hound]. Al\u00e9m do eterno gato Tutuquinho, que virou estrela.","sameAs":["https:\/\/www.facebook.com\/renato.dias.37","#breve","https:\/\/renatodias.tumblr.com\/"],"url":"https:\/\/renatodias.online\/movimento\/author\/renatodias\/"}]}},"_links":{"self":[{"href":"https:\/\/renatodias.online\/movimento\/wp-json\/wp\/v2\/posts\/10377","targetHints":{"allow":["GET"]}}],"collection":[{"href":"https:\/\/renatodias.online\/movimento\/wp-json\/wp\/v2\/posts"}],"about":[{"href":"https:\/\/renatodias.online\/movimento\/wp-json\/wp\/v2\/types\/post"}],"author":[{"embeddable":true,"href":"https:\/\/renatodias.online\/movimento\/wp-json\/wp\/v2\/users\/2"}],"replies":[{"embeddable":true,"href":"https:\/\/renatodias.online\/movimento\/wp-json\/wp\/v2\/comments?post=10377"}],"version-history":[{"count":1,"href":"https:\/\/renatodias.online\/movimento\/wp-json\/wp\/v2\/posts\/10377\/revisions"}],"predecessor-version":[{"id":10380,"href":"https:\/\/renatodias.online\/movimento\/wp-json\/wp\/v2\/posts\/10377\/revisions\/10380"}],"wp:featuredmedia":[{"embeddable":true,"href":"https:\/\/renatodias.online\/movimento\/wp-json\/wp\/v2\/media\/10381"}],"wp:attachment":[{"href":"https:\/\/renatodias.online\/movimento\/wp-json\/wp\/v2\/media?parent=10377"}],"wp:term":[{"taxonomy":"category","embeddable":true,"href":"https:\/\/renatodias.online\/movimento\/wp-json\/wp\/v2\/categories?post=10377"},{"taxonomy":"post_tag","embeddable":true,"href":"https:\/\/renatodias.online\/movimento\/wp-json\/wp\/v2\/tags?post=10377"}],"curies":[{"name":"wp","href":"https:\/\/api.w.org\/{rel}","templated":true}]}}