{"id":10224,"date":"2021-12-16T22:33:03","date_gmt":"2021-12-17T01:33:03","guid":{"rendered":"https:\/\/renatodias.online\/movimento\/?p=10224"},"modified":"2021-12-16T22:34:07","modified_gmt":"2021-12-17T01:34:07","slug":"pt-inicia-formacao-de-federacao","status":"publish","type":"post","link":"https:\/\/renatodias.online\/movimento\/2021\/12\/16\/pt-inicia-formacao-de-federacao\/","title":{"rendered":"PT inicia forma\u00e7\u00e3o de Federa\u00e7\u00e3o"},"content":{"rendered":"<figure id=\"attachment_9418\" aria-describedby=\"caption-attachment-9418\" style=\"width: 1080px\" class=\"wp-caption alignnone\"><img loading=\"lazy\" decoding=\"async\" class=\"size-full wp-image-9418\" src=\"https:\/\/renatodias.online\/movimento\/wp-content\/uploads\/2021\/11\/Lula-em-dois-momentos-historicos.jpg\" alt=\"\" width=\"1080\" height=\"1074\" \/><figcaption id=\"caption-attachment-9418\" class=\"wp-caption-text\"><strong>Luiz In\u00e1cio Lula da Silva em dois momentos hist\u00f3ricos<\/strong><\/figcaption><\/figure>\n<p><strong><img loading=\"lazy\" decoding=\"async\" class=\"alignnone size-full wp-image-5007\" src=\"https:\/\/renatodias.online\/movimento\/wp-content\/uploads\/2021\/01\/Alto-da-p\u00e1gina-Banner-Exclusivo.png\" alt=\"\" width=\"1224\" height=\"372\" \/><\/strong><\/p>\n<h1 style=\"text-align: center;\"><strong>\u00a0<\/strong><span style=\"color: #ff0000;\"><strong>Ideia \u00e9 incluir PT, Psol, PC do B, PSB e PV<\/strong><\/span><\/h1>\n<figure id=\"attachment_3176\" aria-describedby=\"caption-attachment-3176\" style=\"width: 680px\" class=\"wp-caption aligncenter\"><img loading=\"lazy\" decoding=\"async\" class=\"size-full wp-image-3176\" src=\"https:\/\/renatodias.online\/movimento\/wp-content\/uploads\/2020\/03\/Urnas-eletr\u00f4nicas.png\" alt=\"\" width=\"680\" height=\"453\" srcset=\"https:\/\/renatodias.online\/movimento\/wp-content\/uploads\/2020\/03\/Urnas-eletr\u00f4nicas.png 680w, https:\/\/renatodias.online\/movimento\/wp-content\/uploads\/2020\/03\/Urnas-eletr\u00f4nicas-300x200.png 300w, https:\/\/renatodias.online\/movimento\/wp-content\/uploads\/2020\/03\/Urnas-eletr\u00f4nicas-360x240.png 360w\" sizes=\"auto, (max-width: 680px) 100vw, 680px\" \/><figcaption id=\"caption-attachment-3176\" class=\"wp-caption-text\"><strong>Urnas eletr\u00f4nicas &#8211; Foto: Reprodu\u00e7\u00e3o<\/strong><\/figcaption><\/figure>\n<h1 style=\"text-align: center;\"><span style=\"color: #008000;\"><strong>Alian\u00e7a de 2022 a fevereiro de 2027<\/strong><\/span><\/h1>\n<p><strong>Renato Dias<\/strong><\/p>\n<p>A executiva nacional do PT est\u00e1 autorizada a estabelecer conversa\u00e7\u00f5es para a forma\u00e7\u00e3o de Federa\u00e7\u00e3o com Psol, PC do B, PSB e PV. \u00c9 o que definiu o Diret\u00f3rio Nacional da legenda<\/p>\n<figure id=\"attachment_8352\" aria-describedby=\"caption-attachment-8352\" style=\"width: 444px\" class=\"wp-caption aligncenter\"><img loading=\"lazy\" decoding=\"async\" class=\"size-full wp-image-8352\" src=\"https:\/\/renatodias.online\/movimento\/wp-content\/uploads\/2021\/08\/Estrela-do-PT.jpg\" alt=\"\" width=\"444\" height=\"465\" \/><figcaption id=\"caption-attachment-8352\" class=\"wp-caption-text\"><strong>Estrela do PT<\/strong><\/figcaption><\/figure>\n<h1><strong>Alian\u00e7a estrat\u00e9gica<\/strong><\/h1>\n<p>A reuni\u00e3o ocorreu, em Bras\u00edlia, a capital da Rep\u00fablica. O di\u00e1logo ser\u00e1 fundamentado em um programa comum. Democr\u00e1tico e popular. Uma alian\u00e7a de 2022 a fevereiro de 2027.<\/p>\n<figure id=\"attachment_6850\" aria-describedby=\"caption-attachment-6850\" style=\"width: 1170px\" class=\"wp-caption alignnone\"><img loading=\"lazy\" decoding=\"async\" class=\"size-full wp-image-6850\" src=\"https:\/\/renatodias.online\/movimento\/wp-content\/uploads\/2021\/05\/Palacio-do-Planalto.jpg\" alt=\"\" width=\"1170\" height=\"700\" \/><figcaption id=\"caption-attachment-6850\" class=\"wp-caption-text\"><strong>Pal\u00e1cio do Planalto<\/strong><\/figcaption><\/figure>\n<h1><strong>Legisla\u00e7\u00e3o eleitoral<\/strong><\/h1>\n<p>As inst\u00e2ncias internas da sigla, como zonais, municipais e estaduais, ser\u00e3o consultadas. O documento informa tamb\u00e9m a necessidade de obedecer a legisla\u00e7\u00e3o eleitoral do STF e TSE<\/p>\n<figure id=\"attachment_10225\" aria-describedby=\"caption-attachment-10225\" style=\"width: 891px\" class=\"wp-caption alignnone\"><img loading=\"lazy\" decoding=\"async\" class=\"size-full wp-image-10225\" src=\"https:\/\/renatodias.online\/movimento\/wp-content\/uploads\/2021\/12\/Card-Federacao.png\" alt=\"\" width=\"891\" height=\"1454\" srcset=\"https:\/\/renatodias.online\/movimento\/wp-content\/uploads\/2021\/12\/Card-Federacao.png 891w, https:\/\/renatodias.online\/movimento\/wp-content\/uploads\/2021\/12\/Card-Federacao-184x300.png 184w, https:\/\/renatodias.online\/movimento\/wp-content\/uploads\/2021\/12\/Card-Federacao-627x1024.png 627w, https:\/\/renatodias.online\/movimento\/wp-content\/uploads\/2021\/12\/Card-Federacao-768x1253.png 768w, https:\/\/renatodias.online\/movimento\/wp-content\/uploads\/2021\/12\/Card-Federacao-750x1224.png 750w\" sizes=\"auto, (max-width: 891px) 100vw, 891px\" \/><figcaption id=\"caption-attachment-10225\" class=\"wp-caption-text\"><strong>Fac &#8211; s\u00edmile da resolu\u00e7\u00e3o<\/strong><\/figcaption><\/figure>\n","protected":false},"excerpt":{"rendered":"<p>\u00a0Ideia \u00e9 incluir PT, Psol, PC do B, PSB e PV Alian\u00e7a de 2022 a fevereiro de 2027 Renato Dias A executiva nacional do PT est\u00e1 autorizada a estabelecer conversa\u00e7\u00f5es para a forma\u00e7\u00e3o de Federa\u00e7\u00e3o com Psol, PC do B, PSB e PV. \u00c9 o que definiu o Diret\u00f3rio Nacional da legenda Alian\u00e7a estrat\u00e9gica A<\/p>\n","protected":false},"author":2,"featured_media":5403,"comment_status":"open","ping_status":"open","sticky":false,"template":"","format":"standard","meta":{"_acf_changed":false,"_monsterinsights_skip_tracking":false,"_monsterinsights_sitenote_active":false,"_monsterinsights_sitenote_note":"","_monsterinsights_sitenote_category":0,"footnotes":""},"categories":[4],"tags":[],"class_list":["post-10224","post","type-post","status-publish","format-standard","has-post-thumbnail","hentry","category-politica"],"acf":[],"yoast_head":"<!-- This site is optimized with the Yoast SEO plugin v27.4 - https:\/\/yoast.com\/product\/yoast-seo-wordpress\/ -->\n<title>PT inicia forma\u00e7\u00e3o de Federa\u00e7\u00e3o -<\/title>\n<meta name=\"robots\" content=\"index, follow, max-snippet:-1, max-image-preview:large, max-video-preview:-1\" \/>\n<link rel=\"canonical\" href=\"https:\/\/renatodias.online\/movimento\/2021\/12\/16\/pt-inicia-formacao-de-federacao\/\" \/>\n<meta property=\"og:locale\" content=\"pt_BR\" \/>\n<meta property=\"og:type\" content=\"article\" \/>\n<meta property=\"og:title\" content=\"PT inicia forma\u00e7\u00e3o de Federa\u00e7\u00e3o -\" \/>\n<meta property=\"og:description\" content=\"\u00a0Ideia \u00e9 incluir PT, Psol, PC do B, PSB e PV Alian\u00e7a de 2022 a fevereiro de 2027 Renato Dias A executiva nacional do PT est\u00e1 autorizada a estabelecer conversa\u00e7\u00f5es para a forma\u00e7\u00e3o de Federa\u00e7\u00e3o com Psol, PC do B, PSB e PV. \u00c9 o que definiu o Diret\u00f3rio Nacional da legenda Alian\u00e7a estrat\u00e9gica A\" \/>\n<meta property=\"og:url\" content=\"https:\/\/renatodias.online\/movimento\/2021\/12\/16\/pt-inicia-formacao-de-federacao\/\" \/>\n<meta property=\"article:publisher\" content=\"https:\/\/www.facebook.com\/renato.dias.37\" \/>\n<meta property=\"article:author\" content=\"https:\/\/www.facebook.com\/renato.dias.37\" \/>\n<meta property=\"article:published_time\" content=\"2021-12-17T01:33:03+00:00\" \/>\n<meta property=\"article:modified_time\" content=\"2021-12-17T01:34:07+00:00\" \/>\n<meta property=\"og:image\" content=\"https:\/\/renatodias.online\/movimento\/wp-content\/uploads\/2021\/03\/Luiz-Inacio-Lula-da-Silva.jpg\" \/>\n\t<meta property=\"og:image:width\" content=\"440\" \/>\n\t<meta property=\"og:image:height\" content=\"526\" \/>\n\t<meta property=\"og:image:type\" content=\"image\/jpeg\" \/>\n<meta name=\"author\" content=\"Renato Dias\" \/>\n<meta name=\"twitter:card\" content=\"summary_large_image\" \/>\n<meta name=\"twitter:creator\" content=\"@RenatoDiasBat\" \/>\n<meta name=\"twitter:site\" content=\"@RenatoDiasBat\" \/>\n<meta name=\"twitter:label1\" content=\"Escrito por\" \/>\n\t<meta name=\"twitter:data1\" content=\"Renato Dias\" \/>\n\t<meta name=\"twitter:label2\" content=\"Est. tempo de leitura\" \/>\n\t<meta name=\"twitter:data2\" content=\"1 minuto\" \/>\n<script type=\"application\/ld+json\" class=\"yoast-schema-graph\">{\"@context\":\"https:\\\/\\\/schema.org\",\"@graph\":[{\"@type\":\"Article\",\"@id\":\"https:\\\/\\\/renatodias.online\\\/movimento\\\/2021\\\/12\\\/16\\\/pt-inicia-formacao-de-federacao\\\/#article\",\"isPartOf\":{\"@id\":\"https:\\\/\\\/renatodias.online\\\/movimento\\\/2021\\\/12\\\/16\\\/pt-inicia-formacao-de-federacao\\\/\"},\"author\":{\"name\":\"Renato Dias\",\"@id\":\"https:\\\/\\\/renatodias.online\\\/movimento\\\/#\\\/schema\\\/person\\\/bbab28833b1725a20f4083f49f1fb2a9\"},\"headline\":\"PT inicia forma\u00e7\u00e3o de Federa\u00e7\u00e3o\",\"datePublished\":\"2021-12-17T01:33:03+00:00\",\"dateModified\":\"2021-12-17T01:34:07+00:00\",\"mainEntityOfPage\":{\"@id\":\"https:\\\/\\\/renatodias.online\\\/movimento\\\/2021\\\/12\\\/16\\\/pt-inicia-formacao-de-federacao\\\/\"},\"wordCount\":197,\"commentCount\":0,\"publisher\":{\"@id\":\"https:\\\/\\\/renatodias.online\\\/movimento\\\/#\\\/schema\\\/person\\\/bbab28833b1725a20f4083f49f1fb2a9\"},\"image\":{\"@id\":\"https:\\\/\\\/renatodias.online\\\/movimento\\\/2021\\\/12\\\/16\\\/pt-inicia-formacao-de-federacao\\\/#primaryimage\"},\"thumbnailUrl\":\"https:\\\/\\\/renatodias.online\\\/movimento\\\/wp-content\\\/uploads\\\/2021\\\/03\\\/Luiz-Inacio-Lula-da-Silva.jpg\",\"articleSection\":[\"Pol\u00edtica\"],\"inLanguage\":\"pt-BR\",\"potentialAction\":[{\"@type\":\"CommentAction\",\"name\":\"Comment\",\"target\":[\"https:\\\/\\\/renatodias.online\\\/movimento\\\/2021\\\/12\\\/16\\\/pt-inicia-formacao-de-federacao\\\/#respond\"]}]},{\"@type\":\"WebPage\",\"@id\":\"https:\\\/\\\/renatodias.online\\\/movimento\\\/2021\\\/12\\\/16\\\/pt-inicia-formacao-de-federacao\\\/\",\"url\":\"https:\\\/\\\/renatodias.online\\\/movimento\\\/2021\\\/12\\\/16\\\/pt-inicia-formacao-de-federacao\\\/\",\"name\":\"PT inicia forma\u00e7\u00e3o de Federa\u00e7\u00e3o -\",\"isPartOf\":{\"@id\":\"https:\\\/\\\/renatodias.online\\\/movimento\\\/#website\"},\"primaryImageOfPage\":{\"@id\":\"https:\\\/\\\/renatodias.online\\\/movimento\\\/2021\\\/12\\\/16\\\/pt-inicia-formacao-de-federacao\\\/#primaryimage\"},\"image\":{\"@id\":\"https:\\\/\\\/renatodias.online\\\/movimento\\\/2021\\\/12\\\/16\\\/pt-inicia-formacao-de-federacao\\\/#primaryimage\"},\"thumbnailUrl\":\"https:\\\/\\\/renatodias.online\\\/movimento\\\/wp-content\\\/uploads\\\/2021\\\/03\\\/Luiz-Inacio-Lula-da-Silva.jpg\",\"datePublished\":\"2021-12-17T01:33:03+00:00\",\"dateModified\":\"2021-12-17T01:34:07+00:00\",\"breadcrumb\":{\"@id\":\"https:\\\/\\\/renatodias.online\\\/movimento\\\/2021\\\/12\\\/16\\\/pt-inicia-formacao-de-federacao\\\/#breadcrumb\"},\"inLanguage\":\"pt-BR\",\"potentialAction\":[{\"@type\":\"ReadAction\",\"target\":[\"https:\\\/\\\/renatodias.online\\\/movimento\\\/2021\\\/12\\\/16\\\/pt-inicia-formacao-de-federacao\\\/\"]}]},{\"@type\":\"ImageObject\",\"inLanguage\":\"pt-BR\",\"@id\":\"https:\\\/\\\/renatodias.online\\\/movimento\\\/2021\\\/12\\\/16\\\/pt-inicia-formacao-de-federacao\\\/#primaryimage\",\"url\":\"https:\\\/\\\/renatodias.online\\\/movimento\\\/wp-content\\\/uploads\\\/2021\\\/03\\\/Luiz-Inacio-Lula-da-Silva.jpg\",\"contentUrl\":\"https:\\\/\\\/renatodias.online\\\/movimento\\\/wp-content\\\/uploads\\\/2021\\\/03\\\/Luiz-Inacio-Lula-da-Silva.jpg\",\"width\":440,\"height\":526,\"caption\":\"Luiz In\u00e1cio Lula da Silva\"},{\"@type\":\"BreadcrumbList\",\"@id\":\"https:\\\/\\\/renatodias.online\\\/movimento\\\/2021\\\/12\\\/16\\\/pt-inicia-formacao-de-federacao\\\/#breadcrumb\",\"itemListElement\":[{\"@type\":\"ListItem\",\"position\":1,\"name\":\"In\u00edcio\",\"item\":\"https:\\\/\\\/renatodias.online\\\/movimento\\\/\"},{\"@type\":\"ListItem\",\"position\":2,\"name\":\"PT inicia forma\u00e7\u00e3o de Federa\u00e7\u00e3o\"}]},{\"@type\":\"WebSite\",\"@id\":\"https:\\\/\\\/renatodias.online\\\/movimento\\\/#website\",\"url\":\"https:\\\/\\\/renatodias.online\\\/movimento\\\/\",\"name\":\"\",\"description\":\"\",\"publisher\":{\"@id\":\"https:\\\/\\\/renatodias.online\\\/movimento\\\/#\\\/schema\\\/person\\\/bbab28833b1725a20f4083f49f1fb2a9\"},\"potentialAction\":[{\"@type\":\"SearchAction\",\"target\":{\"@type\":\"EntryPoint\",\"urlTemplate\":\"https:\\\/\\\/renatodias.online\\\/movimento\\\/?s={search_term_string}\"},\"query-input\":{\"@type\":\"PropertyValueSpecification\",\"valueRequired\":true,\"valueName\":\"search_term_string\"}}],\"inLanguage\":\"pt-BR\"},{\"@type\":[\"Person\",\"Organization\"],\"@id\":\"https:\\\/\\\/renatodias.online\\\/movimento\\\/#\\\/schema\\\/person\\\/bbab28833b1725a20f4083f49f1fb2a9\",\"name\":\"Renato Dias\",\"image\":{\"@type\":\"ImageObject\",\"inLanguage\":\"pt-BR\",\"@id\":\"https:\\\/\\\/renatodias.online\\\/movimento\\\/wp-content\\\/uploads\\\/2023\\\/03\\\/cropped-cropped-cropped-logofinal.jpeg\",\"url\":\"https:\\\/\\\/renatodias.online\\\/movimento\\\/wp-content\\\/uploads\\\/2023\\\/03\\\/cropped-cropped-cropped-logofinal.jpeg\",\"contentUrl\":\"https:\\\/\\\/renatodias.online\\\/movimento\\\/wp-content\\\/uploads\\\/2023\\\/03\\\/cropped-cropped-cropped-logofinal.jpeg\",\"width\":1280,\"height\":219,\"caption\":\"Renato Dias\"},\"logo\":{\"@id\":\"https:\\\/\\\/renatodias.online\\\/movimento\\\/wp-content\\\/uploads\\\/2023\\\/03\\\/cropped-cropped-cropped-logofinal.jpeg\"},\"description\":\"Renato Dias, 58 anos, \u00e9 graduado em Jornalismo, formado em Ci\u00eancias Sociais, com p\u00f3s-gradua\u00e7\u00e3o em Pol\u00edticas P\u00fablicas, mestre em Direito e Rela\u00e7\u00f5es Internacionais, ex-aluno extraordin\u00e1rio do Doutorado em Psicologia Social, ex-estudante do Curso de Psican\u00e1lise do Centro de Estudos Psicanal\u00edticos do Estado de Goi\u00e1s, ministrado pelo m\u00e9dico psiquiatra e psicanalista Daniel Em\u00eddio de Souza. \u00c9 autor de 30 livros-reportagem, oito document\u00e1rios, ganhou 30 pr\u00eamios e \u00e9 torcedor apaixonado do maior do Centro-Oeste, o Vila Nova Futebol Clube. Casado com Meirilane Dias, \u00e9 pai de Juliana Dias, jornalista; Daniel Dias, economista; e Maria Rosa Dias, estudante antifascista, socialista e trotskista.\u00a0Com tr\u00eas pets: Porquinho [Bull Dog Franc\u00eas], Dalila [Basset Hound] e Geleia [Basset Hound]. Al\u00e9m do eterno gato Tutuquinho, que virou estrela.\",\"sameAs\":[\"https:\\\/\\\/www.facebook.com\\\/renato.dias.37\",\"#breve\",\"https:\\\/\\\/renatodias.tumblr.com\\\/\"],\"url\":\"https:\\\/\\\/renatodias.online\\\/movimento\\\/author\\\/renatodias\\\/\"}]}<\/script>\n<!-- \/ Yoast SEO plugin. -->","yoast_head_json":{"title":"PT inicia forma\u00e7\u00e3o de Federa\u00e7\u00e3o -","robots":{"index":"index","follow":"follow","max-snippet":"max-snippet:-1","max-image-preview":"max-image-preview:large","max-video-preview":"max-video-preview:-1"},"canonical":"https:\/\/renatodias.online\/movimento\/2021\/12\/16\/pt-inicia-formacao-de-federacao\/","og_locale":"pt_BR","og_type":"article","og_title":"PT inicia forma\u00e7\u00e3o de Federa\u00e7\u00e3o -","og_description":"\u00a0Ideia \u00e9 incluir PT, Psol, PC do B, PSB e PV Alian\u00e7a de 2022 a fevereiro de 2027 Renato Dias A executiva nacional do PT est\u00e1 autorizada a estabelecer conversa\u00e7\u00f5es para a forma\u00e7\u00e3o de Federa\u00e7\u00e3o com Psol, PC do B, PSB e PV. \u00c9 o que definiu o Diret\u00f3rio Nacional da legenda Alian\u00e7a estrat\u00e9gica A","og_url":"https:\/\/renatodias.online\/movimento\/2021\/12\/16\/pt-inicia-formacao-de-federacao\/","article_publisher":"https:\/\/www.facebook.com\/renato.dias.37","article_author":"https:\/\/www.facebook.com\/renato.dias.37","article_published_time":"2021-12-17T01:33:03+00:00","article_modified_time":"2021-12-17T01:34:07+00:00","og_image":[{"width":440,"height":526,"url":"https:\/\/renatodias.online\/movimento\/wp-content\/uploads\/2021\/03\/Luiz-Inacio-Lula-da-Silva.jpg","type":"image\/jpeg"}],"author":"Renato Dias","twitter_card":"summary_large_image","twitter_creator":"@RenatoDiasBat","twitter_site":"@RenatoDiasBat","twitter_misc":{"Escrito por":"Renato Dias","Est. tempo de leitura":"1 minuto"},"schema":{"@context":"https:\/\/schema.org","@graph":[{"@type":"Article","@id":"https:\/\/renatodias.online\/movimento\/2021\/12\/16\/pt-inicia-formacao-de-federacao\/#article","isPartOf":{"@id":"https:\/\/renatodias.online\/movimento\/2021\/12\/16\/pt-inicia-formacao-de-federacao\/"},"author":{"name":"Renato Dias","@id":"https:\/\/renatodias.online\/movimento\/#\/schema\/person\/bbab28833b1725a20f4083f49f1fb2a9"},"headline":"PT inicia forma\u00e7\u00e3o de Federa\u00e7\u00e3o","datePublished":"2021-12-17T01:33:03+00:00","dateModified":"2021-12-17T01:34:07+00:00","mainEntityOfPage":{"@id":"https:\/\/renatodias.online\/movimento\/2021\/12\/16\/pt-inicia-formacao-de-federacao\/"},"wordCount":197,"commentCount":0,"publisher":{"@id":"https:\/\/renatodias.online\/movimento\/#\/schema\/person\/bbab28833b1725a20f4083f49f1fb2a9"},"image":{"@id":"https:\/\/renatodias.online\/movimento\/2021\/12\/16\/pt-inicia-formacao-de-federacao\/#primaryimage"},"thumbnailUrl":"https:\/\/renatodias.online\/movimento\/wp-content\/uploads\/2021\/03\/Luiz-Inacio-Lula-da-Silva.jpg","articleSection":["Pol\u00edtica"],"inLanguage":"pt-BR","potentialAction":[{"@type":"CommentAction","name":"Comment","target":["https:\/\/renatodias.online\/movimento\/2021\/12\/16\/pt-inicia-formacao-de-federacao\/#respond"]}]},{"@type":"WebPage","@id":"https:\/\/renatodias.online\/movimento\/2021\/12\/16\/pt-inicia-formacao-de-federacao\/","url":"https:\/\/renatodias.online\/movimento\/2021\/12\/16\/pt-inicia-formacao-de-federacao\/","name":"PT inicia forma\u00e7\u00e3o de Federa\u00e7\u00e3o -","isPartOf":{"@id":"https:\/\/renatodias.online\/movimento\/#website"},"primaryImageOfPage":{"@id":"https:\/\/renatodias.online\/movimento\/2021\/12\/16\/pt-inicia-formacao-de-federacao\/#primaryimage"},"image":{"@id":"https:\/\/renatodias.online\/movimento\/2021\/12\/16\/pt-inicia-formacao-de-federacao\/#primaryimage"},"thumbnailUrl":"https:\/\/renatodias.online\/movimento\/wp-content\/uploads\/2021\/03\/Luiz-Inacio-Lula-da-Silva.jpg","datePublished":"2021-12-17T01:33:03+00:00","dateModified":"2021-12-17T01:34:07+00:00","breadcrumb":{"@id":"https:\/\/renatodias.online\/movimento\/2021\/12\/16\/pt-inicia-formacao-de-federacao\/#breadcrumb"},"inLanguage":"pt-BR","potentialAction":[{"@type":"ReadAction","target":["https:\/\/renatodias.online\/movimento\/2021\/12\/16\/pt-inicia-formacao-de-federacao\/"]}]},{"@type":"ImageObject","inLanguage":"pt-BR","@id":"https:\/\/renatodias.online\/movimento\/2021\/12\/16\/pt-inicia-formacao-de-federacao\/#primaryimage","url":"https:\/\/renatodias.online\/movimento\/wp-content\/uploads\/2021\/03\/Luiz-Inacio-Lula-da-Silva.jpg","contentUrl":"https:\/\/renatodias.online\/movimento\/wp-content\/uploads\/2021\/03\/Luiz-Inacio-Lula-da-Silva.jpg","width":440,"height":526,"caption":"Luiz In\u00e1cio Lula da Silva"},{"@type":"BreadcrumbList","@id":"https:\/\/renatodias.online\/movimento\/2021\/12\/16\/pt-inicia-formacao-de-federacao\/#breadcrumb","itemListElement":[{"@type":"ListItem","position":1,"name":"In\u00edcio","item":"https:\/\/renatodias.online\/movimento\/"},{"@type":"ListItem","position":2,"name":"PT inicia forma\u00e7\u00e3o de Federa\u00e7\u00e3o"}]},{"@type":"WebSite","@id":"https:\/\/renatodias.online\/movimento\/#website","url":"https:\/\/renatodias.online\/movimento\/","name":"","description":"","publisher":{"@id":"https:\/\/renatodias.online\/movimento\/#\/schema\/person\/bbab28833b1725a20f4083f49f1fb2a9"},"potentialAction":[{"@type":"SearchAction","target":{"@type":"EntryPoint","urlTemplate":"https:\/\/renatodias.online\/movimento\/?s={search_term_string}"},"query-input":{"@type":"PropertyValueSpecification","valueRequired":true,"valueName":"search_term_string"}}],"inLanguage":"pt-BR"},{"@type":["Person","Organization"],"@id":"https:\/\/renatodias.online\/movimento\/#\/schema\/person\/bbab28833b1725a20f4083f49f1fb2a9","name":"Renato Dias","image":{"@type":"ImageObject","inLanguage":"pt-BR","@id":"https:\/\/renatodias.online\/movimento\/wp-content\/uploads\/2023\/03\/cropped-cropped-cropped-logofinal.jpeg","url":"https:\/\/renatodias.online\/movimento\/wp-content\/uploads\/2023\/03\/cropped-cropped-cropped-logofinal.jpeg","contentUrl":"https:\/\/renatodias.online\/movimento\/wp-content\/uploads\/2023\/03\/cropped-cropped-cropped-logofinal.jpeg","width":1280,"height":219,"caption":"Renato Dias"},"logo":{"@id":"https:\/\/renatodias.online\/movimento\/wp-content\/uploads\/2023\/03\/cropped-cropped-cropped-logofinal.jpeg"},"description":"Renato Dias, 58 anos, \u00e9 graduado em Jornalismo, formado em Ci\u00eancias Sociais, com p\u00f3s-gradua\u00e7\u00e3o em Pol\u00edticas P\u00fablicas, mestre em Direito e Rela\u00e7\u00f5es Internacionais, ex-aluno extraordin\u00e1rio do Doutorado em Psicologia Social, ex-estudante do Curso de Psican\u00e1lise do Centro de Estudos Psicanal\u00edticos do Estado de Goi\u00e1s, ministrado pelo m\u00e9dico psiquiatra e psicanalista Daniel Em\u00eddio de Souza. \u00c9 autor de 30 livros-reportagem, oito document\u00e1rios, ganhou 30 pr\u00eamios e \u00e9 torcedor apaixonado do maior do Centro-Oeste, o Vila Nova Futebol Clube. Casado com Meirilane Dias, \u00e9 pai de Juliana Dias, jornalista; Daniel Dias, economista; e Maria Rosa Dias, estudante antifascista, socialista e trotskista.\u00a0Com tr\u00eas pets: Porquinho [Bull Dog Franc\u00eas], Dalila [Basset Hound] e Geleia [Basset Hound]. Al\u00e9m do eterno gato Tutuquinho, que virou estrela.","sameAs":["https:\/\/www.facebook.com\/renato.dias.37","#breve","https:\/\/renatodias.tumblr.com\/"],"url":"https:\/\/renatodias.online\/movimento\/author\/renatodias\/"}]}},"_links":{"self":[{"href":"https:\/\/renatodias.online\/movimento\/wp-json\/wp\/v2\/posts\/10224","targetHints":{"allow":["GET"]}}],"collection":[{"href":"https:\/\/renatodias.online\/movimento\/wp-json\/wp\/v2\/posts"}],"about":[{"href":"https:\/\/renatodias.online\/movimento\/wp-json\/wp\/v2\/types\/post"}],"author":[{"embeddable":true,"href":"https:\/\/renatodias.online\/movimento\/wp-json\/wp\/v2\/users\/2"}],"replies":[{"embeddable":true,"href":"https:\/\/renatodias.online\/movimento\/wp-json\/wp\/v2\/comments?post=10224"}],"version-history":[{"count":2,"href":"https:\/\/renatodias.online\/movimento\/wp-json\/wp\/v2\/posts\/10224\/revisions"}],"predecessor-version":[{"id":10227,"href":"https:\/\/renatodias.online\/movimento\/wp-json\/wp\/v2\/posts\/10224\/revisions\/10227"}],"wp:featuredmedia":[{"embeddable":true,"href":"https:\/\/renatodias.online\/movimento\/wp-json\/wp\/v2\/media\/5403"}],"wp:attachment":[{"href":"https:\/\/renatodias.online\/movimento\/wp-json\/wp\/v2\/media?parent=10224"}],"wp:term":[{"taxonomy":"category","embeddable":true,"href":"https:\/\/renatodias.online\/movimento\/wp-json\/wp\/v2\/categories?post=10224"},{"taxonomy":"post_tag","embeddable":true,"href":"https:\/\/renatodias.online\/movimento\/wp-json\/wp\/v2\/tags?post=10224"}],"curies":[{"name":"wp","href":"https:\/\/api.w.org\/{rel}","templated":true}]}}