{"id":10129,"date":"2021-12-09T19:45:21","date_gmt":"2021-12-09T22:45:21","guid":{"rendered":"https:\/\/renatodias.online\/movimento\/?p=10129"},"modified":"2021-12-09T19:45:21","modified_gmt":"2021-12-09T22:45:21","slug":"safatle-che-e-legitimo-cubano","status":"publish","type":"post","link":"https:\/\/renatodias.online\/movimento\/2021\/12\/09\/safatle-che-e-legitimo-cubano\/","title":{"rendered":"Safatle, Che e leg\u00edtimo cubano"},"content":{"rendered":"<figure id=\"attachment_9274\" aria-describedby=\"caption-attachment-9274\" style=\"width: 1280px\" class=\"wp-caption alignnone\"><img loading=\"lazy\" decoding=\"async\" class=\"size-full wp-image-9274\" src=\"https:\/\/renatodias.online\/movimento\/wp-content\/uploads\/2021\/10\/Ernesto-Che-Guevara.jpeg\" alt=\"\" width=\"1280\" height=\"720\" \/><figcaption id=\"caption-attachment-9274\" class=\"wp-caption-text\"><strong>Ernesto Che Guevara<\/strong><\/figcaption><\/figure>\n<p><img loading=\"lazy\" decoding=\"async\" class=\"alignnone size-full wp-image-4871\" src=\"https:\/\/renatodias.online\/movimento\/wp-content\/uploads\/2020\/11\/Alto-da-p\u00e1gina-Banner-Exclusivo.png\" alt=\"\" width=\"1224\" height=\"372\" \/><\/p>\n<h1 style=\"text-align: center;\"><span style=\"color: #ff0000;\"><strong>Economista est\u00e1 com Franchesco Farrugia<\/strong><\/span><\/h1>\n<h2 style=\"text-align: left;\"><span style=\"color: #808000;\"><strong> <img loading=\"lazy\" decoding=\"async\" class=\"size-full wp-image-5929 aligncenter\" src=\"https:\/\/renatodias.online\/movimento\/wp-content\/uploads\/2021\/04\/Especial.jpg\" alt=\"\" width=\"200\" height=\"200\" srcset=\"https:\/\/renatodias.online\/movimento\/wp-content\/uploads\/2021\/04\/Especial.jpg 200w, https:\/\/renatodias.online\/movimento\/wp-content\/uploads\/2021\/04\/Especial-150x150.jpg 150w\" sizes=\"auto, (max-width: 200px) 100vw, 200px\" \/><\/strong><\/span><\/h2>\n<h2 style=\"text-align: left;\"><span style=\"color: #808000;\"><strong>D<\/strong><strong>ono da casa, em Rosario, Argentina, onde nasceu Che Guevara<\/strong><\/span><\/h2>\n<p><strong>\u00a0<\/strong><\/p>\n<p><strong>Renato Dias<\/strong><\/p>\n<p><span style=\"color: #ff0000;\"><strong>1968<\/strong><\/span>, o ano que n\u00e3o terminou, <strong>Fernando Safatle<\/strong> opta pela luta armada sob a ditadura civil e militar. Organiza\u00e7\u00e3o: A\u00e7\u00e3o Libertadora Nacional [ALN]. Fundada pelo carbon\u00e1rio baiano <span style=\"color: #ff0000;\"><strong>Carlos Marighella<\/strong> <\/span>e <strong><span style=\"color: #ff0000;\">Joaquim C\u00e2mara Ferreira<\/span><\/strong>. Exilado no Chile, o economista sobreviveu aos anos de chumbo e de ouro.<\/p>\n<figure id=\"attachment_9547\" aria-describedby=\"caption-attachment-9547\" style=\"width: 700px\" class=\"wp-caption aligncenter\"><img loading=\"lazy\" decoding=\"async\" class=\"size-full wp-image-9547\" src=\"https:\/\/renatodias.online\/movimento\/wp-content\/uploads\/2021\/11\/Carlos-Marighella-Fragmentos.jpg\" alt=\"\" width=\"700\" height=\"466\" srcset=\"https:\/\/renatodias.online\/movimento\/wp-content\/uploads\/2021\/11\/Carlos-Marighella-Fragmentos.jpg 700w, https:\/\/renatodias.online\/movimento\/wp-content\/uploads\/2021\/11\/Carlos-Marighella-Fragmentos-300x200.jpg 300w, https:\/\/renatodias.online\/movimento\/wp-content\/uploads\/2021\/11\/Carlos-Marighella-Fragmentos-360x240.jpg 360w\" sizes=\"auto, (max-width: 700px) 100vw, 700px\" \/><figcaption id=\"caption-attachment-9547\" class=\"wp-caption-text\"><strong>Carlos Marighella<\/strong><\/figcaption><\/figure>\n<p>Fundador do <span style=\"color: #ff0000;\"><strong>Partido dos Trabalhadores [PT]<\/strong><\/span>, a legenda da estrela vermelha, ele exerceu miss\u00f5es estrat\u00e9gicas republicanas e n\u00e3o patrimonialistas: ex-secret\u00e1rio de Estado de Planejamento, ex &#8211; membro do Governo Federal, ex-assessor especial da Prefeitura de Catal\u00e3o.\u00a0 De ex-guerrilheiro urbano a\u00a0 escritor, hoje.<\/p>\n<figure id=\"attachment_8352\" aria-describedby=\"caption-attachment-8352\" style=\"width: 444px\" class=\"wp-caption aligncenter\"><img loading=\"lazy\" decoding=\"async\" class=\"size-full wp-image-8352\" src=\"https:\/\/renatodias.online\/movimento\/wp-content\/uploads\/2021\/08\/Estrela-do-PT.jpg\" alt=\"\" width=\"444\" height=\"465\" \/><figcaption id=\"caption-attachment-8352\" class=\"wp-caption-text\"><strong>Estrela do PT<\/strong><\/figcaption><\/figure>\n<p><span style=\"color: #ff0000;\"><strong>Fernando Safatle<\/strong> <\/span>diz ao <span style=\"color: #ff0000;\"><strong>Portal de Not\u00edcias <a style=\"color: #ff0000;\" href=\"http:\/\/www.renatodias.online\">www.renatodias.online<\/a> <\/strong><\/span>estar na casa de praia do italiano-argentino <span style=\"color: #ff0000;\"><strong>Franchesco Farrugia<\/strong><\/span>, na Bahia.\u00a0 Trata-se do dono da casa onde <strong>Ernesto Guevara de La Serna, El Che<\/strong>, nasceu em Rosario. O velho revolucion\u00e1rio degusta leg\u00edtimo cubano ofertado pelo anfitri\u00e3o.<\/p>\n<figure id=\"attachment_10131\" aria-describedby=\"caption-attachment-10131\" style=\"width: 864px\" class=\"wp-caption alignnone\"><img loading=\"lazy\" decoding=\"async\" class=\"size-full wp-image-10131\" src=\"https:\/\/renatodias.online\/movimento\/wp-content\/uploads\/2021\/12\/Fernando-Safatle-na-Bahia.jpg\" alt=\"\" width=\"864\" height=\"1536\" srcset=\"https:\/\/renatodias.online\/movimento\/wp-content\/uploads\/2021\/12\/Fernando-Safatle-na-Bahia.jpg 864w, https:\/\/renatodias.online\/movimento\/wp-content\/uploads\/2021\/12\/Fernando-Safatle-na-Bahia-169x300.jpg 169w, https:\/\/renatodias.online\/movimento\/wp-content\/uploads\/2021\/12\/Fernando-Safatle-na-Bahia-576x1024.jpg 576w, https:\/\/renatodias.online\/movimento\/wp-content\/uploads\/2021\/12\/Fernando-Safatle-na-Bahia-768x1365.jpg 768w, https:\/\/renatodias.online\/movimento\/wp-content\/uploads\/2021\/12\/Fernando-Safatle-na-Bahia-750x1333.jpg 750w\" sizes=\"auto, (max-width: 864px) 100vw, 864px\" \/><figcaption id=\"caption-attachment-10131\" class=\"wp-caption-text\"><strong>Fernando Safatle, na Bahia: Hay que endurecer sin perder la ternura jamas<\/strong><\/figcaption><\/figure>\n","protected":false},"excerpt":{"rendered":"<p>Economista est\u00e1 com Franchesco Farrugia Dono da casa, em Rosario, Argentina, onde nasceu Che Guevara \u00a0 Renato Dias 1968, o ano que n\u00e3o terminou, Fernando Safatle opta pela luta armada sob a ditadura civil e militar. Organiza\u00e7\u00e3o: A\u00e7\u00e3o Libertadora Nacional [ALN]. Fundada pelo carbon\u00e1rio baiano Carlos Marighella e Joaquim C\u00e2mara Ferreira. Exilado no Chile, o<\/p>\n","protected":false},"author":2,"featured_media":10130,"comment_status":"open","ping_status":"open","sticky":false,"template":"","format":"standard","meta":{"_acf_changed":false,"_monsterinsights_skip_tracking":false,"_monsterinsights_sitenote_active":false,"_monsterinsights_sitenote_note":"","_monsterinsights_sitenote_category":0,"footnotes":""},"categories":[1],"tags":[],"class_list":["post-10129","post","type-post","status-publish","format-standard","has-post-thumbnail","hentry","category-cinema"],"acf":[],"yoast_head":"<!-- This site is optimized with the Yoast SEO plugin v27.4 - https:\/\/yoast.com\/product\/yoast-seo-wordpress\/ -->\n<title>Safatle, Che e leg\u00edtimo cubano -<\/title>\n<meta name=\"robots\" content=\"index, follow, max-snippet:-1, max-image-preview:large, max-video-preview:-1\" \/>\n<link rel=\"canonical\" href=\"https:\/\/renatodias.online\/movimento\/2021\/12\/09\/safatle-che-e-legitimo-cubano\/\" \/>\n<meta property=\"og:locale\" content=\"pt_BR\" \/>\n<meta property=\"og:type\" content=\"article\" \/>\n<meta property=\"og:title\" content=\"Safatle, Che e leg\u00edtimo cubano -\" \/>\n<meta property=\"og:description\" content=\"Economista est\u00e1 com Franchesco Farrugia Dono da casa, em Rosario, Argentina, onde nasceu Che Guevara \u00a0 Renato Dias 1968, o ano que n\u00e3o terminou, Fernando Safatle opta pela luta armada sob a ditadura civil e militar. Organiza\u00e7\u00e3o: A\u00e7\u00e3o Libertadora Nacional [ALN]. Fundada pelo carbon\u00e1rio baiano Carlos Marighella e Joaquim C\u00e2mara Ferreira. Exilado no Chile, o\" \/>\n<meta property=\"og:url\" content=\"https:\/\/renatodias.online\/movimento\/2021\/12\/09\/safatle-che-e-legitimo-cubano\/\" \/>\n<meta property=\"article:publisher\" content=\"https:\/\/www.facebook.com\/renato.dias.37\" \/>\n<meta property=\"article:author\" content=\"https:\/\/www.facebook.com\/renato.dias.37\" \/>\n<meta property=\"article:published_time\" content=\"2021-12-09T22:45:21+00:00\" \/>\n<meta property=\"og:image\" content=\"https:\/\/renatodias.online\/movimento\/wp-content\/uploads\/2021\/12\/Fernando-Safatle-e1639089557315.jpg\" \/>\n\t<meta property=\"og:image:width\" content=\"400\" \/>\n\t<meta property=\"og:image:height\" content=\"400\" \/>\n\t<meta property=\"og:image:type\" content=\"image\/jpeg\" \/>\n<meta name=\"author\" content=\"Renato Dias\" \/>\n<meta name=\"twitter:card\" content=\"summary_large_image\" \/>\n<meta name=\"twitter:creator\" content=\"@RenatoDiasBat\" \/>\n<meta name=\"twitter:site\" content=\"@RenatoDiasBat\" \/>\n<meta name=\"twitter:label1\" content=\"Escrito por\" \/>\n\t<meta name=\"twitter:data1\" content=\"Renato Dias\" \/>\n\t<meta name=\"twitter:label2\" content=\"Est. tempo de leitura\" \/>\n\t<meta name=\"twitter:data2\" content=\"1 minuto\" \/>\n<script type=\"application\/ld+json\" class=\"yoast-schema-graph\">{\"@context\":\"https:\\\/\\\/schema.org\",\"@graph\":[{\"@type\":\"Article\",\"@id\":\"https:\\\/\\\/renatodias.online\\\/movimento\\\/2021\\\/12\\\/09\\\/safatle-che-e-legitimo-cubano\\\/#article\",\"isPartOf\":{\"@id\":\"https:\\\/\\\/renatodias.online\\\/movimento\\\/2021\\\/12\\\/09\\\/safatle-che-e-legitimo-cubano\\\/\"},\"author\":{\"name\":\"Renato Dias\",\"@id\":\"https:\\\/\\\/renatodias.online\\\/movimento\\\/#\\\/schema\\\/person\\\/bbab28833b1725a20f4083f49f1fb2a9\"},\"headline\":\"Safatle, Che e leg\u00edtimo cubano\",\"datePublished\":\"2021-12-09T22:45:21+00:00\",\"mainEntityOfPage\":{\"@id\":\"https:\\\/\\\/renatodias.online\\\/movimento\\\/2021\\\/12\\\/09\\\/safatle-che-e-legitimo-cubano\\\/\"},\"wordCount\":219,\"commentCount\":0,\"publisher\":{\"@id\":\"https:\\\/\\\/renatodias.online\\\/movimento\\\/#\\\/schema\\\/person\\\/bbab28833b1725a20f4083f49f1fb2a9\"},\"image\":{\"@id\":\"https:\\\/\\\/renatodias.online\\\/movimento\\\/2021\\\/12\\\/09\\\/safatle-che-e-legitimo-cubano\\\/#primaryimage\"},\"thumbnailUrl\":\"https:\\\/\\\/renatodias.online\\\/movimento\\\/wp-content\\\/uploads\\\/2021\\\/12\\\/Fernando-Safatle-e1639089557315.jpg\",\"articleSection\":[\"Cinema\"],\"inLanguage\":\"pt-BR\",\"potentialAction\":[{\"@type\":\"CommentAction\",\"name\":\"Comment\",\"target\":[\"https:\\\/\\\/renatodias.online\\\/movimento\\\/2021\\\/12\\\/09\\\/safatle-che-e-legitimo-cubano\\\/#respond\"]}]},{\"@type\":\"WebPage\",\"@id\":\"https:\\\/\\\/renatodias.online\\\/movimento\\\/2021\\\/12\\\/09\\\/safatle-che-e-legitimo-cubano\\\/\",\"url\":\"https:\\\/\\\/renatodias.online\\\/movimento\\\/2021\\\/12\\\/09\\\/safatle-che-e-legitimo-cubano\\\/\",\"name\":\"Safatle, Che e leg\u00edtimo cubano -\",\"isPartOf\":{\"@id\":\"https:\\\/\\\/renatodias.online\\\/movimento\\\/#website\"},\"primaryImageOfPage\":{\"@id\":\"https:\\\/\\\/renatodias.online\\\/movimento\\\/2021\\\/12\\\/09\\\/safatle-che-e-legitimo-cubano\\\/#primaryimage\"},\"image\":{\"@id\":\"https:\\\/\\\/renatodias.online\\\/movimento\\\/2021\\\/12\\\/09\\\/safatle-che-e-legitimo-cubano\\\/#primaryimage\"},\"thumbnailUrl\":\"https:\\\/\\\/renatodias.online\\\/movimento\\\/wp-content\\\/uploads\\\/2021\\\/12\\\/Fernando-Safatle-e1639089557315.jpg\",\"datePublished\":\"2021-12-09T22:45:21+00:00\",\"breadcrumb\":{\"@id\":\"https:\\\/\\\/renatodias.online\\\/movimento\\\/2021\\\/12\\\/09\\\/safatle-che-e-legitimo-cubano\\\/#breadcrumb\"},\"inLanguage\":\"pt-BR\",\"potentialAction\":[{\"@type\":\"ReadAction\",\"target\":[\"https:\\\/\\\/renatodias.online\\\/movimento\\\/2021\\\/12\\\/09\\\/safatle-che-e-legitimo-cubano\\\/\"]}]},{\"@type\":\"ImageObject\",\"inLanguage\":\"pt-BR\",\"@id\":\"https:\\\/\\\/renatodias.online\\\/movimento\\\/2021\\\/12\\\/09\\\/safatle-che-e-legitimo-cubano\\\/#primaryimage\",\"url\":\"https:\\\/\\\/renatodias.online\\\/movimento\\\/wp-content\\\/uploads\\\/2021\\\/12\\\/Fernando-Safatle-e1639089557315.jpg\",\"contentUrl\":\"https:\\\/\\\/renatodias.online\\\/movimento\\\/wp-content\\\/uploads\\\/2021\\\/12\\\/Fernando-Safatle-e1639089557315.jpg\",\"width\":400,\"height\":400,\"caption\":\"Fernando Safatle\"},{\"@type\":\"BreadcrumbList\",\"@id\":\"https:\\\/\\\/renatodias.online\\\/movimento\\\/2021\\\/12\\\/09\\\/safatle-che-e-legitimo-cubano\\\/#breadcrumb\",\"itemListElement\":[{\"@type\":\"ListItem\",\"position\":1,\"name\":\"In\u00edcio\",\"item\":\"https:\\\/\\\/renatodias.online\\\/movimento\\\/\"},{\"@type\":\"ListItem\",\"position\":2,\"name\":\"Safatle, Che e leg\u00edtimo cubano\"}]},{\"@type\":\"WebSite\",\"@id\":\"https:\\\/\\\/renatodias.online\\\/movimento\\\/#website\",\"url\":\"https:\\\/\\\/renatodias.online\\\/movimento\\\/\",\"name\":\"\",\"description\":\"\",\"publisher\":{\"@id\":\"https:\\\/\\\/renatodias.online\\\/movimento\\\/#\\\/schema\\\/person\\\/bbab28833b1725a20f4083f49f1fb2a9\"},\"potentialAction\":[{\"@type\":\"SearchAction\",\"target\":{\"@type\":\"EntryPoint\",\"urlTemplate\":\"https:\\\/\\\/renatodias.online\\\/movimento\\\/?s={search_term_string}\"},\"query-input\":{\"@type\":\"PropertyValueSpecification\",\"valueRequired\":true,\"valueName\":\"search_term_string\"}}],\"inLanguage\":\"pt-BR\"},{\"@type\":[\"Person\",\"Organization\"],\"@id\":\"https:\\\/\\\/renatodias.online\\\/movimento\\\/#\\\/schema\\\/person\\\/bbab28833b1725a20f4083f49f1fb2a9\",\"name\":\"Renato Dias\",\"image\":{\"@type\":\"ImageObject\",\"inLanguage\":\"pt-BR\",\"@id\":\"https:\\\/\\\/renatodias.online\\\/movimento\\\/wp-content\\\/uploads\\\/2023\\\/03\\\/cropped-cropped-cropped-logofinal.jpeg\",\"url\":\"https:\\\/\\\/renatodias.online\\\/movimento\\\/wp-content\\\/uploads\\\/2023\\\/03\\\/cropped-cropped-cropped-logofinal.jpeg\",\"contentUrl\":\"https:\\\/\\\/renatodias.online\\\/movimento\\\/wp-content\\\/uploads\\\/2023\\\/03\\\/cropped-cropped-cropped-logofinal.jpeg\",\"width\":1280,\"height\":219,\"caption\":\"Renato Dias\"},\"logo\":{\"@id\":\"https:\\\/\\\/renatodias.online\\\/movimento\\\/wp-content\\\/uploads\\\/2023\\\/03\\\/cropped-cropped-cropped-logofinal.jpeg\"},\"description\":\"Renato Dias, 58 anos, \u00e9 graduado em Jornalismo, formado em Ci\u00eancias Sociais, com p\u00f3s-gradua\u00e7\u00e3o em Pol\u00edticas P\u00fablicas, mestre em Direito e Rela\u00e7\u00f5es Internacionais, ex-aluno extraordin\u00e1rio do Doutorado em Psicologia Social, ex-estudante do Curso de Psican\u00e1lise do Centro de Estudos Psicanal\u00edticos do Estado de Goi\u00e1s, ministrado pelo m\u00e9dico psiquiatra e psicanalista Daniel Em\u00eddio de Souza. \u00c9 autor de 30 livros-reportagem, oito document\u00e1rios, ganhou 30 pr\u00eamios e \u00e9 torcedor apaixonado do maior do Centro-Oeste, o Vila Nova Futebol Clube. Casado com Meirilane Dias, \u00e9 pai de Juliana Dias, jornalista; Daniel Dias, economista; e Maria Rosa Dias, estudante antifascista, socialista e trotskista.\u00a0Com tr\u00eas pets: Porquinho [Bull Dog Franc\u00eas], Dalila [Basset Hound] e Geleia [Basset Hound]. Al\u00e9m do eterno gato Tutuquinho, que virou estrela.\",\"sameAs\":[\"https:\\\/\\\/www.facebook.com\\\/renato.dias.37\",\"#breve\",\"https:\\\/\\\/renatodias.tumblr.com\\\/\"],\"url\":\"https:\\\/\\\/renatodias.online\\\/movimento\\\/author\\\/renatodias\\\/\"}]}<\/script>\n<!-- \/ Yoast SEO plugin. -->","yoast_head_json":{"title":"Safatle, Che e leg\u00edtimo cubano -","robots":{"index":"index","follow":"follow","max-snippet":"max-snippet:-1","max-image-preview":"max-image-preview:large","max-video-preview":"max-video-preview:-1"},"canonical":"https:\/\/renatodias.online\/movimento\/2021\/12\/09\/safatle-che-e-legitimo-cubano\/","og_locale":"pt_BR","og_type":"article","og_title":"Safatle, Che e leg\u00edtimo cubano -","og_description":"Economista est\u00e1 com Franchesco Farrugia Dono da casa, em Rosario, Argentina, onde nasceu Che Guevara \u00a0 Renato Dias 1968, o ano que n\u00e3o terminou, Fernando Safatle opta pela luta armada sob a ditadura civil e militar. Organiza\u00e7\u00e3o: A\u00e7\u00e3o Libertadora Nacional [ALN]. Fundada pelo carbon\u00e1rio baiano Carlos Marighella e Joaquim C\u00e2mara Ferreira. Exilado no Chile, o","og_url":"https:\/\/renatodias.online\/movimento\/2021\/12\/09\/safatle-che-e-legitimo-cubano\/","article_publisher":"https:\/\/www.facebook.com\/renato.dias.37","article_author":"https:\/\/www.facebook.com\/renato.dias.37","article_published_time":"2021-12-09T22:45:21+00:00","og_image":[{"width":400,"height":400,"url":"https:\/\/renatodias.online\/movimento\/wp-content\/uploads\/2021\/12\/Fernando-Safatle-e1639089557315.jpg","type":"image\/jpeg"}],"author":"Renato Dias","twitter_card":"summary_large_image","twitter_creator":"@RenatoDiasBat","twitter_site":"@RenatoDiasBat","twitter_misc":{"Escrito por":"Renato Dias","Est. tempo de leitura":"1 minuto"},"schema":{"@context":"https:\/\/schema.org","@graph":[{"@type":"Article","@id":"https:\/\/renatodias.online\/movimento\/2021\/12\/09\/safatle-che-e-legitimo-cubano\/#article","isPartOf":{"@id":"https:\/\/renatodias.online\/movimento\/2021\/12\/09\/safatle-che-e-legitimo-cubano\/"},"author":{"name":"Renato Dias","@id":"https:\/\/renatodias.online\/movimento\/#\/schema\/person\/bbab28833b1725a20f4083f49f1fb2a9"},"headline":"Safatle, Che e leg\u00edtimo cubano","datePublished":"2021-12-09T22:45:21+00:00","mainEntityOfPage":{"@id":"https:\/\/renatodias.online\/movimento\/2021\/12\/09\/safatle-che-e-legitimo-cubano\/"},"wordCount":219,"commentCount":0,"publisher":{"@id":"https:\/\/renatodias.online\/movimento\/#\/schema\/person\/bbab28833b1725a20f4083f49f1fb2a9"},"image":{"@id":"https:\/\/renatodias.online\/movimento\/2021\/12\/09\/safatle-che-e-legitimo-cubano\/#primaryimage"},"thumbnailUrl":"https:\/\/renatodias.online\/movimento\/wp-content\/uploads\/2021\/12\/Fernando-Safatle-e1639089557315.jpg","articleSection":["Cinema"],"inLanguage":"pt-BR","potentialAction":[{"@type":"CommentAction","name":"Comment","target":["https:\/\/renatodias.online\/movimento\/2021\/12\/09\/safatle-che-e-legitimo-cubano\/#respond"]}]},{"@type":"WebPage","@id":"https:\/\/renatodias.online\/movimento\/2021\/12\/09\/safatle-che-e-legitimo-cubano\/","url":"https:\/\/renatodias.online\/movimento\/2021\/12\/09\/safatle-che-e-legitimo-cubano\/","name":"Safatle, Che e leg\u00edtimo cubano -","isPartOf":{"@id":"https:\/\/renatodias.online\/movimento\/#website"},"primaryImageOfPage":{"@id":"https:\/\/renatodias.online\/movimento\/2021\/12\/09\/safatle-che-e-legitimo-cubano\/#primaryimage"},"image":{"@id":"https:\/\/renatodias.online\/movimento\/2021\/12\/09\/safatle-che-e-legitimo-cubano\/#primaryimage"},"thumbnailUrl":"https:\/\/renatodias.online\/movimento\/wp-content\/uploads\/2021\/12\/Fernando-Safatle-e1639089557315.jpg","datePublished":"2021-12-09T22:45:21+00:00","breadcrumb":{"@id":"https:\/\/renatodias.online\/movimento\/2021\/12\/09\/safatle-che-e-legitimo-cubano\/#breadcrumb"},"inLanguage":"pt-BR","potentialAction":[{"@type":"ReadAction","target":["https:\/\/renatodias.online\/movimento\/2021\/12\/09\/safatle-che-e-legitimo-cubano\/"]}]},{"@type":"ImageObject","inLanguage":"pt-BR","@id":"https:\/\/renatodias.online\/movimento\/2021\/12\/09\/safatle-che-e-legitimo-cubano\/#primaryimage","url":"https:\/\/renatodias.online\/movimento\/wp-content\/uploads\/2021\/12\/Fernando-Safatle-e1639089557315.jpg","contentUrl":"https:\/\/renatodias.online\/movimento\/wp-content\/uploads\/2021\/12\/Fernando-Safatle-e1639089557315.jpg","width":400,"height":400,"caption":"Fernando Safatle"},{"@type":"BreadcrumbList","@id":"https:\/\/renatodias.online\/movimento\/2021\/12\/09\/safatle-che-e-legitimo-cubano\/#breadcrumb","itemListElement":[{"@type":"ListItem","position":1,"name":"In\u00edcio","item":"https:\/\/renatodias.online\/movimento\/"},{"@type":"ListItem","position":2,"name":"Safatle, Che e leg\u00edtimo cubano"}]},{"@type":"WebSite","@id":"https:\/\/renatodias.online\/movimento\/#website","url":"https:\/\/renatodias.online\/movimento\/","name":"","description":"","publisher":{"@id":"https:\/\/renatodias.online\/movimento\/#\/schema\/person\/bbab28833b1725a20f4083f49f1fb2a9"},"potentialAction":[{"@type":"SearchAction","target":{"@type":"EntryPoint","urlTemplate":"https:\/\/renatodias.online\/movimento\/?s={search_term_string}"},"query-input":{"@type":"PropertyValueSpecification","valueRequired":true,"valueName":"search_term_string"}}],"inLanguage":"pt-BR"},{"@type":["Person","Organization"],"@id":"https:\/\/renatodias.online\/movimento\/#\/schema\/person\/bbab28833b1725a20f4083f49f1fb2a9","name":"Renato Dias","image":{"@type":"ImageObject","inLanguage":"pt-BR","@id":"https:\/\/renatodias.online\/movimento\/wp-content\/uploads\/2023\/03\/cropped-cropped-cropped-logofinal.jpeg","url":"https:\/\/renatodias.online\/movimento\/wp-content\/uploads\/2023\/03\/cropped-cropped-cropped-logofinal.jpeg","contentUrl":"https:\/\/renatodias.online\/movimento\/wp-content\/uploads\/2023\/03\/cropped-cropped-cropped-logofinal.jpeg","width":1280,"height":219,"caption":"Renato Dias"},"logo":{"@id":"https:\/\/renatodias.online\/movimento\/wp-content\/uploads\/2023\/03\/cropped-cropped-cropped-logofinal.jpeg"},"description":"Renato Dias, 58 anos, \u00e9 graduado em Jornalismo, formado em Ci\u00eancias Sociais, com p\u00f3s-gradua\u00e7\u00e3o em Pol\u00edticas P\u00fablicas, mestre em Direito e Rela\u00e7\u00f5es Internacionais, ex-aluno extraordin\u00e1rio do Doutorado em Psicologia Social, ex-estudante do Curso de Psican\u00e1lise do Centro de Estudos Psicanal\u00edticos do Estado de Goi\u00e1s, ministrado pelo m\u00e9dico psiquiatra e psicanalista Daniel Em\u00eddio de Souza. \u00c9 autor de 30 livros-reportagem, oito document\u00e1rios, ganhou 30 pr\u00eamios e \u00e9 torcedor apaixonado do maior do Centro-Oeste, o Vila Nova Futebol Clube. Casado com Meirilane Dias, \u00e9 pai de Juliana Dias, jornalista; Daniel Dias, economista; e Maria Rosa Dias, estudante antifascista, socialista e trotskista.\u00a0Com tr\u00eas pets: Porquinho [Bull Dog Franc\u00eas], Dalila [Basset Hound] e Geleia [Basset Hound]. Al\u00e9m do eterno gato Tutuquinho, que virou estrela.","sameAs":["https:\/\/www.facebook.com\/renato.dias.37","#breve","https:\/\/renatodias.tumblr.com\/"],"url":"https:\/\/renatodias.online\/movimento\/author\/renatodias\/"}]}},"_links":{"self":[{"href":"https:\/\/renatodias.online\/movimento\/wp-json\/wp\/v2\/posts\/10129","targetHints":{"allow":["GET"]}}],"collection":[{"href":"https:\/\/renatodias.online\/movimento\/wp-json\/wp\/v2\/posts"}],"about":[{"href":"https:\/\/renatodias.online\/movimento\/wp-json\/wp\/v2\/types\/post"}],"author":[{"embeddable":true,"href":"https:\/\/renatodias.online\/movimento\/wp-json\/wp\/v2\/users\/2"}],"replies":[{"embeddable":true,"href":"https:\/\/renatodias.online\/movimento\/wp-json\/wp\/v2\/comments?post=10129"}],"version-history":[{"count":1,"href":"https:\/\/renatodias.online\/movimento\/wp-json\/wp\/v2\/posts\/10129\/revisions"}],"predecessor-version":[{"id":10132,"href":"https:\/\/renatodias.online\/movimento\/wp-json\/wp\/v2\/posts\/10129\/revisions\/10132"}],"wp:featuredmedia":[{"embeddable":true,"href":"https:\/\/renatodias.online\/movimento\/wp-json\/wp\/v2\/media\/10130"}],"wp:attachment":[{"href":"https:\/\/renatodias.online\/movimento\/wp-json\/wp\/v2\/media?parent=10129"}],"wp:term":[{"taxonomy":"category","embeddable":true,"href":"https:\/\/renatodias.online\/movimento\/wp-json\/wp\/v2\/categories?post=10129"},{"taxonomy":"post_tag","embeddable":true,"href":"https:\/\/renatodias.online\/movimento\/wp-json\/wp\/v2\/tags?post=10129"}],"curies":[{"name":"wp","href":"https:\/\/api.w.org\/{rel}","templated":true}]}}