{"id":10124,"date":"2021-12-09T19:36:44","date_gmt":"2021-12-09T22:36:44","guid":{"rendered":"https:\/\/renatodias.online\/movimento\/?p=10124"},"modified":"2021-12-09T19:36:44","modified_gmt":"2021-12-09T22:36:44","slug":"nadia-pires-em-movimento","status":"publish","type":"post","link":"https:\/\/renatodias.online\/movimento\/2021\/12\/09\/nadia-pires-em-movimento\/","title":{"rendered":"N\u00e1dia Pires em movimento"},"content":{"rendered":"<p><strong><img loading=\"lazy\" decoding=\"async\" class=\"alignnone size-full wp-image-10125\" src=\"https:\/\/renatodias.online\/movimento\/wp-content\/uploads\/2021\/12\/Card-Nadia-Pires.jpg\" alt=\"\" width=\"1600\" height=\"1130\" srcset=\"https:\/\/renatodias.online\/movimento\/wp-content\/uploads\/2021\/12\/Card-Nadia-Pires.jpg 1600w, https:\/\/renatodias.online\/movimento\/wp-content\/uploads\/2021\/12\/Card-Nadia-Pires-300x212.jpg 300w, https:\/\/renatodias.online\/movimento\/wp-content\/uploads\/2021\/12\/Card-Nadia-Pires-1450x1024.jpg 1450w, https:\/\/renatodias.online\/movimento\/wp-content\/uploads\/2021\/12\/Card-Nadia-Pires-768x542.jpg 768w, https:\/\/renatodias.online\/movimento\/wp-content\/uploads\/2021\/12\/Card-Nadia-Pires-1536x1085.jpg 1536w, https:\/\/renatodias.online\/movimento\/wp-content\/uploads\/2021\/12\/Card-Nadia-Pires-165x116.jpg 165w, https:\/\/renatodias.online\/movimento\/wp-content\/uploads\/2021\/12\/Card-Nadia-Pires-750x530.jpg 750w, https:\/\/renatodias.online\/movimento\/wp-content\/uploads\/2021\/12\/Card-Nadia-Pires-85x60.jpg 85w\" sizes=\"auto, (max-width: 1600px) 100vw, 1600px\" \/><\/strong><\/p>\n<p><strong> <img loading=\"lazy\" decoding=\"async\" class=\"size-full wp-image-8316 aligncenter\" src=\"https:\/\/renatodias.online\/movimento\/wp-content\/uploads\/2021\/08\/Exclusivo-Logomarca.png\" alt=\"\" width=\"225\" height=\"225\" srcset=\"https:\/\/renatodias.online\/movimento\/wp-content\/uploads\/2021\/08\/Exclusivo-Logomarca.png 225w, https:\/\/renatodias.online\/movimento\/wp-content\/uploads\/2021\/08\/Exclusivo-Logomarca-150x150.png 150w\" sizes=\"auto, (max-width: 225px) 100vw, 225px\" \/><\/strong><\/p>\n<h1 style=\"text-align: center;\"><span style=\"color: #ff0000;\"><strong>Ativista cultural e de defesa dos direitos humanos<\/strong><\/span><\/h1>\n<figure id=\"attachment_10126\" aria-describedby=\"caption-attachment-10126\" style=\"width: 638px\" class=\"wp-caption aligncenter\"><img loading=\"lazy\" decoding=\"async\" class=\"size-full wp-image-10126\" src=\"https:\/\/renatodias.online\/movimento\/wp-content\/uploads\/2021\/12\/Nadia-Pires.jpg\" alt=\"\" width=\"638\" height=\"960\" srcset=\"https:\/\/renatodias.online\/movimento\/wp-content\/uploads\/2021\/12\/Nadia-Pires.jpg 638w, https:\/\/renatodias.online\/movimento\/wp-content\/uploads\/2021\/12\/Nadia-Pires-199x300.jpg 199w\" sizes=\"auto, (max-width: 638px) 100vw, 638px\" \/><figcaption id=\"caption-attachment-10126\" class=\"wp-caption-text\"><strong>N\u00e1dia Pires<\/strong><\/figcaption><\/figure>\n<h1 style=\"text-align: center;\"><strong>Mauro Rubem \u00e9 autor da proposta<\/strong><\/h1>\n<p><strong>Renato Dias<\/strong><\/p>\n<p>Professora de Educa\u00e7\u00e3o F\u00edsica, ela \u00e9 adepta das ideias da educa\u00e7\u00e3o libertadora de Paulo Freire.\u00a0 Uma escritora inventiva. Com um raro talento liter\u00e1rio. \u00c9 cantora de marchas e de samba. Trata-se da ativista cultural <span style=\"color: #ff00ff;\"><strong>N\u00e1dia Pires<\/strong><\/span>. Nascida na Cidade de Goi\u00e1s, tombada patrim\u00f4nio hist\u00f3rico da humanidade. Ela\u00a0 receber\u00e1 nesta sexta-feira, 10 de dezembro de 2021, o <span style=\"color: #ff6600;\"><strong>Diploma de Honra ao M\u00e9rito<\/strong><\/span>. De <span style=\"color: #666699;\"><strong>Defesa dos Direitos Humanos<\/strong><\/span>. A ser concedido \u00e0s 9h, pelo C\u00e2mara Municipal de Goi\u00e2nia. Uma proposta do vereador <span style=\"color: #993300;\"><strong>Mauro Rubem de Menezes [PT]<\/strong>.<\/span><\/p>\n<p>&nbsp;<\/p>\n<figure id=\"attachment_9960\" aria-describedby=\"caption-attachment-9960\" style=\"width: 1280px\" class=\"wp-caption alignnone\"><img loading=\"lazy\" decoding=\"async\" class=\"size-full wp-image-9960\" src=\"https:\/\/renatodias.online\/movimento\/wp-content\/uploads\/2021\/12\/Mauro-Rubem.jpg\" alt=\"\" width=\"1280\" height=\"720\" \/><figcaption id=\"caption-attachment-9960\" class=\"wp-caption-text\"><strong>Mauro Rubem, vereador do PT, em Goi\u00e2nia<\/strong><\/figcaption><\/figure>\n","protected":false},"excerpt":{"rendered":"<p>Ativista cultural e de defesa dos direitos humanos Mauro Rubem \u00e9 autor da proposta Renato Dias Professora de Educa\u00e7\u00e3o F\u00edsica, ela \u00e9 adepta das ideias da educa\u00e7\u00e3o libertadora de Paulo Freire.\u00a0 Uma escritora inventiva. Com um raro talento liter\u00e1rio. \u00c9 cantora de marchas e de samba. Trata-se da ativista cultural N\u00e1dia Pires. Nascida na Cidade<\/p>\n","protected":false},"author":2,"featured_media":10127,"comment_status":"open","ping_status":"open","sticky":false,"template":"","format":"standard","meta":{"_acf_changed":false,"_monsterinsights_skip_tracking":false,"_monsterinsights_sitenote_active":false,"_monsterinsights_sitenote_note":"","_monsterinsights_sitenote_category":0,"footnotes":""},"categories":[2],"tags":[],"class_list":["post-10124","post","type-post","status-publish","format-standard","has-post-thumbnail","hentry","category-arte"],"acf":[],"yoast_head":"<!-- This site is optimized with the Yoast SEO plugin v27.4 - https:\/\/yoast.com\/product\/yoast-seo-wordpress\/ -->\n<title>N\u00e1dia Pires em movimento -<\/title>\n<meta name=\"robots\" content=\"index, follow, max-snippet:-1, max-image-preview:large, max-video-preview:-1\" \/>\n<link rel=\"canonical\" href=\"https:\/\/renatodias.online\/movimento\/2021\/12\/09\/nadia-pires-em-movimento\/\" \/>\n<meta property=\"og:locale\" content=\"pt_BR\" \/>\n<meta property=\"og:type\" content=\"article\" \/>\n<meta property=\"og:title\" content=\"N\u00e1dia Pires em movimento -\" \/>\n<meta property=\"og:description\" content=\"Ativista cultural e de defesa dos direitos humanos Mauro Rubem \u00e9 autor da proposta Renato Dias Professora de Educa\u00e7\u00e3o F\u00edsica, ela \u00e9 adepta das ideias da educa\u00e7\u00e3o libertadora de Paulo Freire.\u00a0 Uma escritora inventiva. Com um raro talento liter\u00e1rio. \u00c9 cantora de marchas e de samba. Trata-se da ativista cultural N\u00e1dia Pires. Nascida na Cidade\" \/>\n<meta property=\"og:url\" content=\"https:\/\/renatodias.online\/movimento\/2021\/12\/09\/nadia-pires-em-movimento\/\" \/>\n<meta property=\"article:publisher\" content=\"https:\/\/www.facebook.com\/renato.dias.37\" \/>\n<meta property=\"article:author\" content=\"https:\/\/www.facebook.com\/renato.dias.37\" \/>\n<meta property=\"article:published_time\" content=\"2021-12-09T22:36:44+00:00\" \/>\n<meta property=\"og:image\" content=\"https:\/\/renatodias.online\/movimento\/wp-content\/uploads\/2021\/12\/Nadia-Pires-especial-e1639089387579.jpg\" \/>\n\t<meta property=\"og:image:width\" content=\"400\" \/>\n\t<meta property=\"og:image:height\" content=\"300\" \/>\n\t<meta property=\"og:image:type\" content=\"image\/jpeg\" \/>\n<meta name=\"author\" content=\"Renato Dias\" \/>\n<meta name=\"twitter:card\" content=\"summary_large_image\" \/>\n<meta name=\"twitter:creator\" content=\"@RenatoDiasBat\" \/>\n<meta name=\"twitter:site\" content=\"@RenatoDiasBat\" \/>\n<meta name=\"twitter:label1\" content=\"Escrito por\" \/>\n\t<meta name=\"twitter:data1\" content=\"Renato Dias\" \/>\n\t<meta name=\"twitter:label2\" content=\"Est. tempo de leitura\" \/>\n\t<meta name=\"twitter:data2\" content=\"1 minuto\" \/>\n<script type=\"application\/ld+json\" class=\"yoast-schema-graph\">{\"@context\":\"https:\\\/\\\/schema.org\",\"@graph\":[{\"@type\":\"Article\",\"@id\":\"https:\\\/\\\/renatodias.online\\\/movimento\\\/2021\\\/12\\\/09\\\/nadia-pires-em-movimento\\\/#article\",\"isPartOf\":{\"@id\":\"https:\\\/\\\/renatodias.online\\\/movimento\\\/2021\\\/12\\\/09\\\/nadia-pires-em-movimento\\\/\"},\"author\":{\"name\":\"Renato Dias\",\"@id\":\"https:\\\/\\\/renatodias.online\\\/movimento\\\/#\\\/schema\\\/person\\\/bbab28833b1725a20f4083f49f1fb2a9\"},\"headline\":\"N\u00e1dia Pires em movimento\",\"datePublished\":\"2021-12-09T22:36:44+00:00\",\"mainEntityOfPage\":{\"@id\":\"https:\\\/\\\/renatodias.online\\\/movimento\\\/2021\\\/12\\\/09\\\/nadia-pires-em-movimento\\\/\"},\"wordCount\":138,\"commentCount\":0,\"publisher\":{\"@id\":\"https:\\\/\\\/renatodias.online\\\/movimento\\\/#\\\/schema\\\/person\\\/bbab28833b1725a20f4083f49f1fb2a9\"},\"image\":{\"@id\":\"https:\\\/\\\/renatodias.online\\\/movimento\\\/2021\\\/12\\\/09\\\/nadia-pires-em-movimento\\\/#primaryimage\"},\"thumbnailUrl\":\"https:\\\/\\\/renatodias.online\\\/movimento\\\/wp-content\\\/uploads\\\/2021\\\/12\\\/Nadia-Pires-especial-e1639089387579.jpg\",\"articleSection\":[\"Arte\"],\"inLanguage\":\"pt-BR\",\"potentialAction\":[{\"@type\":\"CommentAction\",\"name\":\"Comment\",\"target\":[\"https:\\\/\\\/renatodias.online\\\/movimento\\\/2021\\\/12\\\/09\\\/nadia-pires-em-movimento\\\/#respond\"]}]},{\"@type\":\"WebPage\",\"@id\":\"https:\\\/\\\/renatodias.online\\\/movimento\\\/2021\\\/12\\\/09\\\/nadia-pires-em-movimento\\\/\",\"url\":\"https:\\\/\\\/renatodias.online\\\/movimento\\\/2021\\\/12\\\/09\\\/nadia-pires-em-movimento\\\/\",\"name\":\"N\u00e1dia Pires em movimento -\",\"isPartOf\":{\"@id\":\"https:\\\/\\\/renatodias.online\\\/movimento\\\/#website\"},\"primaryImageOfPage\":{\"@id\":\"https:\\\/\\\/renatodias.online\\\/movimento\\\/2021\\\/12\\\/09\\\/nadia-pires-em-movimento\\\/#primaryimage\"},\"image\":{\"@id\":\"https:\\\/\\\/renatodias.online\\\/movimento\\\/2021\\\/12\\\/09\\\/nadia-pires-em-movimento\\\/#primaryimage\"},\"thumbnailUrl\":\"https:\\\/\\\/renatodias.online\\\/movimento\\\/wp-content\\\/uploads\\\/2021\\\/12\\\/Nadia-Pires-especial-e1639089387579.jpg\",\"datePublished\":\"2021-12-09T22:36:44+00:00\",\"breadcrumb\":{\"@id\":\"https:\\\/\\\/renatodias.online\\\/movimento\\\/2021\\\/12\\\/09\\\/nadia-pires-em-movimento\\\/#breadcrumb\"},\"inLanguage\":\"pt-BR\",\"potentialAction\":[{\"@type\":\"ReadAction\",\"target\":[\"https:\\\/\\\/renatodias.online\\\/movimento\\\/2021\\\/12\\\/09\\\/nadia-pires-em-movimento\\\/\"]}]},{\"@type\":\"ImageObject\",\"inLanguage\":\"pt-BR\",\"@id\":\"https:\\\/\\\/renatodias.online\\\/movimento\\\/2021\\\/12\\\/09\\\/nadia-pires-em-movimento\\\/#primaryimage\",\"url\":\"https:\\\/\\\/renatodias.online\\\/movimento\\\/wp-content\\\/uploads\\\/2021\\\/12\\\/Nadia-Pires-especial-e1639089387579.jpg\",\"contentUrl\":\"https:\\\/\\\/renatodias.online\\\/movimento\\\/wp-content\\\/uploads\\\/2021\\\/12\\\/Nadia-Pires-especial-e1639089387579.jpg\",\"width\":400,\"height\":300,\"caption\":\"N\u00e1dia Pires - especial\"},{\"@type\":\"BreadcrumbList\",\"@id\":\"https:\\\/\\\/renatodias.online\\\/movimento\\\/2021\\\/12\\\/09\\\/nadia-pires-em-movimento\\\/#breadcrumb\",\"itemListElement\":[{\"@type\":\"ListItem\",\"position\":1,\"name\":\"In\u00edcio\",\"item\":\"https:\\\/\\\/renatodias.online\\\/movimento\\\/\"},{\"@type\":\"ListItem\",\"position\":2,\"name\":\"N\u00e1dia Pires em movimento\"}]},{\"@type\":\"WebSite\",\"@id\":\"https:\\\/\\\/renatodias.online\\\/movimento\\\/#website\",\"url\":\"https:\\\/\\\/renatodias.online\\\/movimento\\\/\",\"name\":\"\",\"description\":\"\",\"publisher\":{\"@id\":\"https:\\\/\\\/renatodias.online\\\/movimento\\\/#\\\/schema\\\/person\\\/bbab28833b1725a20f4083f49f1fb2a9\"},\"potentialAction\":[{\"@type\":\"SearchAction\",\"target\":{\"@type\":\"EntryPoint\",\"urlTemplate\":\"https:\\\/\\\/renatodias.online\\\/movimento\\\/?s={search_term_string}\"},\"query-input\":{\"@type\":\"PropertyValueSpecification\",\"valueRequired\":true,\"valueName\":\"search_term_string\"}}],\"inLanguage\":\"pt-BR\"},{\"@type\":[\"Person\",\"Organization\"],\"@id\":\"https:\\\/\\\/renatodias.online\\\/movimento\\\/#\\\/schema\\\/person\\\/bbab28833b1725a20f4083f49f1fb2a9\",\"name\":\"Renato Dias\",\"image\":{\"@type\":\"ImageObject\",\"inLanguage\":\"pt-BR\",\"@id\":\"https:\\\/\\\/renatodias.online\\\/movimento\\\/wp-content\\\/uploads\\\/2023\\\/03\\\/cropped-cropped-cropped-logofinal.jpeg\",\"url\":\"https:\\\/\\\/renatodias.online\\\/movimento\\\/wp-content\\\/uploads\\\/2023\\\/03\\\/cropped-cropped-cropped-logofinal.jpeg\",\"contentUrl\":\"https:\\\/\\\/renatodias.online\\\/movimento\\\/wp-content\\\/uploads\\\/2023\\\/03\\\/cropped-cropped-cropped-logofinal.jpeg\",\"width\":1280,\"height\":219,\"caption\":\"Renato Dias\"},\"logo\":{\"@id\":\"https:\\\/\\\/renatodias.online\\\/movimento\\\/wp-content\\\/uploads\\\/2023\\\/03\\\/cropped-cropped-cropped-logofinal.jpeg\"},\"description\":\"Renato Dias, 58 anos, \u00e9 graduado em Jornalismo, formado em Ci\u00eancias Sociais, com p\u00f3s-gradua\u00e7\u00e3o em Pol\u00edticas P\u00fablicas, mestre em Direito e Rela\u00e7\u00f5es Internacionais, ex-aluno extraordin\u00e1rio do Doutorado em Psicologia Social, ex-estudante do Curso de Psican\u00e1lise do Centro de Estudos Psicanal\u00edticos do Estado de Goi\u00e1s, ministrado pelo m\u00e9dico psiquiatra e psicanalista Daniel Em\u00eddio de Souza. \u00c9 autor de 30 livros-reportagem, oito document\u00e1rios, ganhou 30 pr\u00eamios e \u00e9 torcedor apaixonado do maior do Centro-Oeste, o Vila Nova Futebol Clube. Casado com Meirilane Dias, \u00e9 pai de Juliana Dias, jornalista; Daniel Dias, economista; e Maria Rosa Dias, estudante antifascista, socialista e trotskista.\u00a0Com tr\u00eas pets: Porquinho [Bull Dog Franc\u00eas], Dalila [Basset Hound] e Geleia [Basset Hound]. Al\u00e9m do eterno gato Tutuquinho, que virou estrela.\",\"sameAs\":[\"https:\\\/\\\/www.facebook.com\\\/renato.dias.37\",\"#breve\",\"https:\\\/\\\/renatodias.tumblr.com\\\/\"],\"url\":\"https:\\\/\\\/renatodias.online\\\/movimento\\\/author\\\/renatodias\\\/\"}]}<\/script>\n<!-- \/ Yoast SEO plugin. -->","yoast_head_json":{"title":"N\u00e1dia Pires em movimento -","robots":{"index":"index","follow":"follow","max-snippet":"max-snippet:-1","max-image-preview":"max-image-preview:large","max-video-preview":"max-video-preview:-1"},"canonical":"https:\/\/renatodias.online\/movimento\/2021\/12\/09\/nadia-pires-em-movimento\/","og_locale":"pt_BR","og_type":"article","og_title":"N\u00e1dia Pires em movimento -","og_description":"Ativista cultural e de defesa dos direitos humanos Mauro Rubem \u00e9 autor da proposta Renato Dias Professora de Educa\u00e7\u00e3o F\u00edsica, ela \u00e9 adepta das ideias da educa\u00e7\u00e3o libertadora de Paulo Freire.\u00a0 Uma escritora inventiva. Com um raro talento liter\u00e1rio. \u00c9 cantora de marchas e de samba. Trata-se da ativista cultural N\u00e1dia Pires. Nascida na Cidade","og_url":"https:\/\/renatodias.online\/movimento\/2021\/12\/09\/nadia-pires-em-movimento\/","article_publisher":"https:\/\/www.facebook.com\/renato.dias.37","article_author":"https:\/\/www.facebook.com\/renato.dias.37","article_published_time":"2021-12-09T22:36:44+00:00","og_image":[{"width":400,"height":300,"url":"https:\/\/renatodias.online\/movimento\/wp-content\/uploads\/2021\/12\/Nadia-Pires-especial-e1639089387579.jpg","type":"image\/jpeg"}],"author":"Renato Dias","twitter_card":"summary_large_image","twitter_creator":"@RenatoDiasBat","twitter_site":"@RenatoDiasBat","twitter_misc":{"Escrito por":"Renato Dias","Est. tempo de leitura":"1 minuto"},"schema":{"@context":"https:\/\/schema.org","@graph":[{"@type":"Article","@id":"https:\/\/renatodias.online\/movimento\/2021\/12\/09\/nadia-pires-em-movimento\/#article","isPartOf":{"@id":"https:\/\/renatodias.online\/movimento\/2021\/12\/09\/nadia-pires-em-movimento\/"},"author":{"name":"Renato Dias","@id":"https:\/\/renatodias.online\/movimento\/#\/schema\/person\/bbab28833b1725a20f4083f49f1fb2a9"},"headline":"N\u00e1dia Pires em movimento","datePublished":"2021-12-09T22:36:44+00:00","mainEntityOfPage":{"@id":"https:\/\/renatodias.online\/movimento\/2021\/12\/09\/nadia-pires-em-movimento\/"},"wordCount":138,"commentCount":0,"publisher":{"@id":"https:\/\/renatodias.online\/movimento\/#\/schema\/person\/bbab28833b1725a20f4083f49f1fb2a9"},"image":{"@id":"https:\/\/renatodias.online\/movimento\/2021\/12\/09\/nadia-pires-em-movimento\/#primaryimage"},"thumbnailUrl":"https:\/\/renatodias.online\/movimento\/wp-content\/uploads\/2021\/12\/Nadia-Pires-especial-e1639089387579.jpg","articleSection":["Arte"],"inLanguage":"pt-BR","potentialAction":[{"@type":"CommentAction","name":"Comment","target":["https:\/\/renatodias.online\/movimento\/2021\/12\/09\/nadia-pires-em-movimento\/#respond"]}]},{"@type":"WebPage","@id":"https:\/\/renatodias.online\/movimento\/2021\/12\/09\/nadia-pires-em-movimento\/","url":"https:\/\/renatodias.online\/movimento\/2021\/12\/09\/nadia-pires-em-movimento\/","name":"N\u00e1dia Pires em movimento -","isPartOf":{"@id":"https:\/\/renatodias.online\/movimento\/#website"},"primaryImageOfPage":{"@id":"https:\/\/renatodias.online\/movimento\/2021\/12\/09\/nadia-pires-em-movimento\/#primaryimage"},"image":{"@id":"https:\/\/renatodias.online\/movimento\/2021\/12\/09\/nadia-pires-em-movimento\/#primaryimage"},"thumbnailUrl":"https:\/\/renatodias.online\/movimento\/wp-content\/uploads\/2021\/12\/Nadia-Pires-especial-e1639089387579.jpg","datePublished":"2021-12-09T22:36:44+00:00","breadcrumb":{"@id":"https:\/\/renatodias.online\/movimento\/2021\/12\/09\/nadia-pires-em-movimento\/#breadcrumb"},"inLanguage":"pt-BR","potentialAction":[{"@type":"ReadAction","target":["https:\/\/renatodias.online\/movimento\/2021\/12\/09\/nadia-pires-em-movimento\/"]}]},{"@type":"ImageObject","inLanguage":"pt-BR","@id":"https:\/\/renatodias.online\/movimento\/2021\/12\/09\/nadia-pires-em-movimento\/#primaryimage","url":"https:\/\/renatodias.online\/movimento\/wp-content\/uploads\/2021\/12\/Nadia-Pires-especial-e1639089387579.jpg","contentUrl":"https:\/\/renatodias.online\/movimento\/wp-content\/uploads\/2021\/12\/Nadia-Pires-especial-e1639089387579.jpg","width":400,"height":300,"caption":"N\u00e1dia Pires - especial"},{"@type":"BreadcrumbList","@id":"https:\/\/renatodias.online\/movimento\/2021\/12\/09\/nadia-pires-em-movimento\/#breadcrumb","itemListElement":[{"@type":"ListItem","position":1,"name":"In\u00edcio","item":"https:\/\/renatodias.online\/movimento\/"},{"@type":"ListItem","position":2,"name":"N\u00e1dia Pires em movimento"}]},{"@type":"WebSite","@id":"https:\/\/renatodias.online\/movimento\/#website","url":"https:\/\/renatodias.online\/movimento\/","name":"","description":"","publisher":{"@id":"https:\/\/renatodias.online\/movimento\/#\/schema\/person\/bbab28833b1725a20f4083f49f1fb2a9"},"potentialAction":[{"@type":"SearchAction","target":{"@type":"EntryPoint","urlTemplate":"https:\/\/renatodias.online\/movimento\/?s={search_term_string}"},"query-input":{"@type":"PropertyValueSpecification","valueRequired":true,"valueName":"search_term_string"}}],"inLanguage":"pt-BR"},{"@type":["Person","Organization"],"@id":"https:\/\/renatodias.online\/movimento\/#\/schema\/person\/bbab28833b1725a20f4083f49f1fb2a9","name":"Renato Dias","image":{"@type":"ImageObject","inLanguage":"pt-BR","@id":"https:\/\/renatodias.online\/movimento\/wp-content\/uploads\/2023\/03\/cropped-cropped-cropped-logofinal.jpeg","url":"https:\/\/renatodias.online\/movimento\/wp-content\/uploads\/2023\/03\/cropped-cropped-cropped-logofinal.jpeg","contentUrl":"https:\/\/renatodias.online\/movimento\/wp-content\/uploads\/2023\/03\/cropped-cropped-cropped-logofinal.jpeg","width":1280,"height":219,"caption":"Renato Dias"},"logo":{"@id":"https:\/\/renatodias.online\/movimento\/wp-content\/uploads\/2023\/03\/cropped-cropped-cropped-logofinal.jpeg"},"description":"Renato Dias, 58 anos, \u00e9 graduado em Jornalismo, formado em Ci\u00eancias Sociais, com p\u00f3s-gradua\u00e7\u00e3o em Pol\u00edticas P\u00fablicas, mestre em Direito e Rela\u00e7\u00f5es Internacionais, ex-aluno extraordin\u00e1rio do Doutorado em Psicologia Social, ex-estudante do Curso de Psican\u00e1lise do Centro de Estudos Psicanal\u00edticos do Estado de Goi\u00e1s, ministrado pelo m\u00e9dico psiquiatra e psicanalista Daniel Em\u00eddio de Souza. \u00c9 autor de 30 livros-reportagem, oito document\u00e1rios, ganhou 30 pr\u00eamios e \u00e9 torcedor apaixonado do maior do Centro-Oeste, o Vila Nova Futebol Clube. Casado com Meirilane Dias, \u00e9 pai de Juliana Dias, jornalista; Daniel Dias, economista; e Maria Rosa Dias, estudante antifascista, socialista e trotskista.\u00a0Com tr\u00eas pets: Porquinho [Bull Dog Franc\u00eas], Dalila [Basset Hound] e Geleia [Basset Hound]. Al\u00e9m do eterno gato Tutuquinho, que virou estrela.","sameAs":["https:\/\/www.facebook.com\/renato.dias.37","#breve","https:\/\/renatodias.tumblr.com\/"],"url":"https:\/\/renatodias.online\/movimento\/author\/renatodias\/"}]}},"_links":{"self":[{"href":"https:\/\/renatodias.online\/movimento\/wp-json\/wp\/v2\/posts\/10124","targetHints":{"allow":["GET"]}}],"collection":[{"href":"https:\/\/renatodias.online\/movimento\/wp-json\/wp\/v2\/posts"}],"about":[{"href":"https:\/\/renatodias.online\/movimento\/wp-json\/wp\/v2\/types\/post"}],"author":[{"embeddable":true,"href":"https:\/\/renatodias.online\/movimento\/wp-json\/wp\/v2\/users\/2"}],"replies":[{"embeddable":true,"href":"https:\/\/renatodias.online\/movimento\/wp-json\/wp\/v2\/comments?post=10124"}],"version-history":[{"count":1,"href":"https:\/\/renatodias.online\/movimento\/wp-json\/wp\/v2\/posts\/10124\/revisions"}],"predecessor-version":[{"id":10128,"href":"https:\/\/renatodias.online\/movimento\/wp-json\/wp\/v2\/posts\/10124\/revisions\/10128"}],"wp:featuredmedia":[{"embeddable":true,"href":"https:\/\/renatodias.online\/movimento\/wp-json\/wp\/v2\/media\/10127"}],"wp:attachment":[{"href":"https:\/\/renatodias.online\/movimento\/wp-json\/wp\/v2\/media?parent=10124"}],"wp:term":[{"taxonomy":"category","embeddable":true,"href":"https:\/\/renatodias.online\/movimento\/wp-json\/wp\/v2\/categories?post=10124"},{"taxonomy":"post_tag","embeddable":true,"href":"https:\/\/renatodias.online\/movimento\/wp-json\/wp\/v2\/tags?post=10124"}],"curies":[{"name":"wp","href":"https:\/\/api.w.org\/{rel}","templated":true}]}}