{"id":10064,"date":"2021-12-06T11:45:21","date_gmt":"2021-12-06T14:45:21","guid":{"rendered":"https:\/\/renatodias.online\/movimento\/?p=10064"},"modified":"2021-12-06T13:08:05","modified_gmt":"2021-12-06T16:08:05","slug":"renato-dias-ganha-premio-latino-americano","status":"publish","type":"post","link":"https:\/\/renatodias.online\/movimento\/2021\/12\/06\/renato-dias-ganha-premio-latino-americano\/","title":{"rendered":"Renato Dias ganha pr\u00eamio latino-americano"},"content":{"rendered":"<p><img loading=\"lazy\" decoding=\"async\" class=\"alignnone size-full wp-image-5007\" src=\"https:\/\/renatodias.online\/movimento\/wp-content\/uploads\/2021\/01\/Alto-da-p\u00e1gina-Banner-Exclusivo.png\" alt=\"\" width=\"1224\" height=\"372\" \/><\/p>\n<h1><\/h1>\n<h1 style=\"text-align: center;\"><span style=\"color: #ff0000;\"><strong>Livro-reportagem<\/strong><\/span><\/h1>\n<figure id=\"attachment_10076\" aria-describedby=\"caption-attachment-10076\" style=\"width: 343px\" class=\"wp-caption aligncenter\"><img loading=\"lazy\" decoding=\"async\" class=\"size-full wp-image-10076\" src=\"https:\/\/renatodias.online\/movimento\/wp-content\/uploads\/2021\/12\/Arno-Preiss-Molipo.png\" alt=\"\" width=\"343\" height=\"512\" srcset=\"https:\/\/renatodias.online\/movimento\/wp-content\/uploads\/2021\/12\/Arno-Preiss-Molipo.png 343w, https:\/\/renatodias.online\/movimento\/wp-content\/uploads\/2021\/12\/Arno-Preiss-Molipo-201x300.png 201w\" sizes=\"auto, (max-width: 343px) 100vw, 343px\" \/><figcaption id=\"caption-attachment-10076\" class=\"wp-caption-text\"><strong>Arno Preiss &#8211; Molipo<\/strong><\/figcaption><\/figure>\n<p>&nbsp;<\/p>\n<p style=\"text-align: center;\"><span style=\"color: #008000;\"><strong>Jornalista de Goi\u00e2nia \u00e9 agraciado por \u00c0 queima-roupa, <\/strong><\/span><\/p>\n<p style=\"text-align: center;\"><span style=\"color: #008000;\"><strong>a hist\u00f3ria tr\u00e1gica de Arno Preiss, militante do Molipo<\/strong><\/span><\/p>\n<p>&nbsp;<\/p>\n<p><img loading=\"lazy\" decoding=\"async\" class=\"size-full wp-image-10074 aligncenter\" src=\"https:\/\/renatodias.online\/movimento\/wp-content\/uploads\/2021\/12\/Arno-Preiss-1.jpg\" alt=\"\" width=\"400\" height=\"315\" srcset=\"https:\/\/renatodias.online\/movimento\/wp-content\/uploads\/2021\/12\/Arno-Preiss-1.jpg 400w, https:\/\/renatodias.online\/movimento\/wp-content\/uploads\/2021\/12\/Arno-Preiss-1-300x236.jpg 300w\" sizes=\"auto, (max-width: 400px) 100vw, 400px\" \/><\/p>\n<p style=\"text-align: center;\"><span style=\"color: #ff00ff;\"><strong>Natalia Viana, com Dano Colateral, e Eliane Brum, por Banzeiro \u00f2k\u00f2t\u00f3, foram premiadas<\/strong><\/span><\/p>\n<p>&nbsp;<\/p>\n<p>O jornalista e soci\u00f3logo de Goi\u00e2nia, <strong>Renato Dias<\/strong>, obteve <strong>Men\u00e7\u00e3o Honrosa<\/strong> na Categoria Especial de <strong>Livro-Reportagem<\/strong> no <strong>38\u00ba Pr\u00eamio Latino-Americano de Jornalismo em Direito Humanos<\/strong>. O t\u00edtulo da obra \u00e9 <strong>Luta Armada \u2013 \u00c0 queima-roupa<\/strong>, 2021. Criada em 1984, a premia\u00e7\u00e3o \u00e9 organizada pelo Movimento de Justi\u00e7a e Direitos Humanos [MJDH]. Com sede em Porto Alegre. Al\u00e9m da Ordem dos Advogados do Brasil, se\u00e7\u00e3o Rio Grande do Sul, Associa\u00e7\u00e3o dos Rep\u00f3rteres Fotogr\u00e1ficos e Cinematogr\u00e1ficos [ARFOC-RS]. Assim como a Regional Latino-americana da Uni\u00e3o Internacional dos Trabalhadores da Alimenta\u00e7\u00e3o [Rel-UITA], Union to Union, institui\u00e7\u00e3o sueca pelo fortalecimento dos sindicatos de trabalhadores no mundo, e a Caixa de Assist\u00eancia dos Advogados [RS].<\/p>\n<p><strong>\u00a0<\/strong><\/p>\n<p style=\"text-align: center;\"><span style=\"color: #ff0000;\"><strong>T\u00edtulo da obra \u00e9<\/strong><\/span><\/p>\n<p style=\"text-align: center;\"><span style=\"color: #ff0000;\"><strong>Luta Armada<\/strong><\/span><\/p>\n<p style=\"text-align: center;\"><span style=\"color: #ff0000;\"><strong>\u00c0 queima-roupa<\/strong><\/span><\/p>\n<p style=\"text-align: center;\"><span style=\"color: #ff0000;\"><strong>Vida de Arno Preiss<\/strong><\/span><\/p>\n<p>&nbsp;<\/p>\n<figure id=\"attachment_10070\" aria-describedby=\"caption-attachment-10070\" style=\"width: 948px\" class=\"wp-caption alignnone\"><img loading=\"lazy\" decoding=\"async\" class=\"size-full wp-image-10070\" src=\"https:\/\/renatodias.online\/movimento\/wp-content\/uploads\/2021\/12\/Embrulho-especial-do-livro-A-queima-roupa.jpg\" alt=\"\" width=\"948\" height=\"1280\" srcset=\"https:\/\/renatodias.online\/movimento\/wp-content\/uploads\/2021\/12\/Embrulho-especial-do-livro-A-queima-roupa.jpg 948w, https:\/\/renatodias.online\/movimento\/wp-content\/uploads\/2021\/12\/Embrulho-especial-do-livro-A-queima-roupa-222x300.jpg 222w, https:\/\/renatodias.online\/movimento\/wp-content\/uploads\/2021\/12\/Embrulho-especial-do-livro-A-queima-roupa-758x1024.jpg 758w, https:\/\/renatodias.online\/movimento\/wp-content\/uploads\/2021\/12\/Embrulho-especial-do-livro-A-queima-roupa-768x1037.jpg 768w, https:\/\/renatodias.online\/movimento\/wp-content\/uploads\/2021\/12\/Embrulho-especial-do-livro-A-queima-roupa-750x1013.jpg 750w\" sizes=\"auto, (max-width: 948px) 100vw, 948px\" \/><figcaption id=\"caption-attachment-10070\" class=\"wp-caption-text\">E<strong>mbrulho especial do livro \u00c0 queima-roupa<\/strong><\/figcaption><\/figure>\n<p>&nbsp;<\/p>\n<p>&nbsp;<\/p>\n<figure id=\"attachment_10069\" aria-describedby=\"caption-attachment-10069\" style=\"width: 988px\" class=\"wp-caption alignnone\"><img loading=\"lazy\" decoding=\"async\" class=\"size-full wp-image-10069\" src=\"https:\/\/renatodias.online\/movimento\/wp-content\/uploads\/2021\/12\/Capa-do-Livro-A-queima-roupa.jpg\" alt=\"\" width=\"988\" height=\"1280\" srcset=\"https:\/\/renatodias.online\/movimento\/wp-content\/uploads\/2021\/12\/Capa-do-Livro-A-queima-roupa.jpg 988w, https:\/\/renatodias.online\/movimento\/wp-content\/uploads\/2021\/12\/Capa-do-Livro-A-queima-roupa-232x300.jpg 232w, https:\/\/renatodias.online\/movimento\/wp-content\/uploads\/2021\/12\/Capa-do-Livro-A-queima-roupa-790x1024.jpg 790w, https:\/\/renatodias.online\/movimento\/wp-content\/uploads\/2021\/12\/Capa-do-Livro-A-queima-roupa-768x995.jpg 768w, https:\/\/renatodias.online\/movimento\/wp-content\/uploads\/2021\/12\/Capa-do-Livro-A-queima-roupa-750x972.jpg 750w\" sizes=\"auto, (max-width: 988px) 100vw, 988px\" \/><figcaption id=\"caption-attachment-10069\" class=\"wp-caption-text\"><strong>Capa do Livro \u00c0 queima-roupa<\/strong><\/figcaption><\/figure>\n<p><strong>Renato Dias<\/strong> \u00e9 graduado em Jornalismo, na Alfa, formado no curso de Ci\u00eancias Sociais, pela Universidade Federal de Goi\u00e1s [UFG], especialista em Pol\u00edticas P\u00fablicas [UFG], mestre em Direito e Rela\u00e7\u00f5es Internacionais [PUC-GO], aluno extraordin\u00e1rio, com duas disciplinas aprovadas, no doutorado em Psicologia Social [PUC-GO]. Um estudioso da Psican\u00e1lise. A inven\u00e7\u00e3o de Sigmund Freud. Ele \u00e9 autor de 20 livros-reportagem e sete document\u00e1rios. O pesquisador obteve mais de 20 premia\u00e7\u00f5es. O livro <strong>Luta Armada \u2013 \u00c0 queima-roupa <\/strong>possui o design gr\u00e1fico e editorial de <strong>Eric Damasceno Kaji.<\/strong> Edi\u00e7\u00e3o de luxo. Um papel de presente com la\u00e7o vermelho envolve-o estampado com imagens de jornais envelhecidos com reportagens \u00e0 \u00e9poca da ditadura civil e militar no Brasil.<\/p>\n<p>&nbsp;<\/p>\n<figure id=\"attachment_10067\" aria-describedby=\"caption-attachment-10067\" style=\"width: 960px\" class=\"wp-caption alignnone\"><img loading=\"lazy\" decoding=\"async\" class=\"size-full wp-image-10067\" src=\"https:\/\/renatodias.online\/movimento\/wp-content\/uploads\/2021\/12\/Renato-Dias-38-Premio-latino-americano.jpg\" alt=\"\" width=\"960\" height=\"1280\" \/><figcaption id=\"caption-attachment-10067\" class=\"wp-caption-text\"><strong>Renato Dias &#8211; 38\u00ba Pr\u00eamio latino-americano &#8211; 10 de dezembro de 2021, \u00e0s 20h, YouTube<br \/><\/strong><\/figcaption><\/figure>\n<p style=\"text-align: center;\"><span style=\"color: #ff0000;\"><strong>As escritoras<\/strong><\/span><\/p>\n<p style=\"text-align: center;\"><span style=\"color: #ff0000;\"><strong>Nat\u00e1lia Viana<\/strong><\/span><\/p>\n<p style=\"text-align: center;\"><span style=\"color: #ff0000;\"><strong>e Eliane Brum<\/strong><\/span><\/p>\n<p style=\"text-align: center;\"><span style=\"color: #ff0000;\"><strong>foram premiadas<\/strong><\/span><\/p>\n<figure id=\"attachment_10066\" aria-describedby=\"caption-attachment-10066\" style=\"width: 768px\" class=\"wp-caption aligncenter\"><img loading=\"lazy\" decoding=\"async\" class=\"size-full wp-image-10066\" src=\"https:\/\/renatodias.online\/movimento\/wp-content\/uploads\/2021\/12\/Natalia-Viana.jpg\" alt=\"\" width=\"768\" height=\"768\" srcset=\"https:\/\/renatodias.online\/movimento\/wp-content\/uploads\/2021\/12\/Natalia-Viana.jpg 768w, https:\/\/renatodias.online\/movimento\/wp-content\/uploads\/2021\/12\/Natalia-Viana-300x300.jpg 300w, https:\/\/renatodias.online\/movimento\/wp-content\/uploads\/2021\/12\/Natalia-Viana-150x150.jpg 150w, https:\/\/renatodias.online\/movimento\/wp-content\/uploads\/2021\/12\/Natalia-Viana-750x750.jpg 750w\" sizes=\"auto, (max-width: 768px) 100vw, 768px\" \/><figcaption id=\"caption-attachment-10066\" class=\"wp-caption-text\"><strong>Nat\u00e1lia Viana<\/strong><\/figcaption><\/figure>\n<p>Integra a lista dos vencedores na mesma categoria, livro-reportagem, a jornalista <strong>Nat\u00e1lia Viana<\/strong>, primeiro lugar, com <strong>Dano Colateral<\/strong>, Editora Objetiva, 2021. Graduada na PUC [SP], com mestrado em r\u00e1diojornalismo no Goldsmiths College, University of London, em Londres. Em 2021 \u00e9 pesquisadora na Universidade de Harvard, com bolsa da Funda\u00e7\u00e3o Nieman. Mais:\u00a0 diretora da Ag\u00eancia P\u00fablica de Jornalismo Investigativo. Ela celebrou parceria com <strong>Julian Assange<\/strong>, o fundador do <strong>Wikileaks<\/strong>, preso na Inglaterra por divulgar segredos das guerras dos EUA, no Afeganist\u00e3o e Iraque. J\u00e1 conquistou os conceituados pr\u00eamios Vladimir Herzog de Direitos Humanos, Comunique-se, Trof\u00e9u Mulher Imprensa, Gabriel Garc\u00eda M\u00e1rquez e Ortega y Gasset, ano de 2020.<\/p>\n<p>&nbsp;<\/p>\n<figure id=\"attachment_10065\" aria-describedby=\"caption-attachment-10065\" style=\"width: 1039px\" class=\"wp-caption alignnone\"><img loading=\"lazy\" decoding=\"async\" class=\"size-full wp-image-10065\" src=\"https:\/\/renatodias.online\/movimento\/wp-content\/uploads\/2021\/12\/Eliane-Brum-Premio.jpg\" alt=\"\" width=\"1039\" height=\"1600\" srcset=\"https:\/\/renatodias.online\/movimento\/wp-content\/uploads\/2021\/12\/Eliane-Brum-Premio.jpg 1039w, https:\/\/renatodias.online\/movimento\/wp-content\/uploads\/2021\/12\/Eliane-Brum-Premio-195x300.jpg 195w, https:\/\/renatodias.online\/movimento\/wp-content\/uploads\/2021\/12\/Eliane-Brum-Premio-665x1024.jpg 665w, https:\/\/renatodias.online\/movimento\/wp-content\/uploads\/2021\/12\/Eliane-Brum-Premio-768x1183.jpg 768w, https:\/\/renatodias.online\/movimento\/wp-content\/uploads\/2021\/12\/Eliane-Brum-Premio-997x1536.jpg 997w, https:\/\/renatodias.online\/movimento\/wp-content\/uploads\/2021\/12\/Eliane-Brum-Premio-750x1155.jpg 750w\" sizes=\"auto, (max-width: 1039px) 100vw, 1039px\" \/><figcaption id=\"caption-attachment-10065\" class=\"wp-caption-text\"><strong>Eliane Brum &#8211; Pr\u00eamio<\/strong><\/figcaption><\/figure>\n<p>Escritora, jornalista e documentarista, <strong>Eliane Brum<\/strong> conquistou o segundo pr\u00eamio de livro-reportagem com <strong>Banzeiro \u00f2k\u00f2t\u00f3: uma viagem \u00e0 Amaz\u00f4nia centro do mundo<\/strong>, Companhia das Letras &#8211; S\u00e3o Paulo, 2021.\u00a0 Graduada pela <a href=\"https:\/\/pt.wikipedia.org\/wiki\/Pontif%C3%ADcia_Universidade_Cat%C3%B3lica_do_Rio_Grande_do_Sul\">Pontif\u00edcia Universidade Cat\u00f3lica do Rio Grande do Sul<\/a>, em 1988, ganhou mais de 40 <a href=\"https:\/\/pt.wikipedia.org\/wiki\/Pr%C3%AAmio\">pr\u00eamios<\/a> nacionais e internacionais de <a href=\"https:\/\/pt.wikipedia.org\/wiki\/Reportagem\">reportagem<\/a>. Trabalhou 11 anos como rep\u00f3rter do jornal <a href=\"https:\/\/pt.wikipedia.org\/wiki\/Zero_Hora\">Zero Hora<\/a>, de Porto Alegre, e 10 como rep\u00f3rter especial da Revista \u00c9poca, em S\u00e3o Paulo. Documentarista, \u00e9 realizadora de <a href=\"https:\/\/pt.wikipedia.org\/wiki\/Uma_Hist%C3%B3ria_Severina\">Uma Hist\u00f3ria Severina<\/a> [Em parceria com Debora Diniz]; Gretchen Filme Estrada [codire\u00e7\u00e3o em parceria com Paschoal Samora]; <a href=\"https:\/\/pt.wikipedia.org\/wiki\/Laerte-se\">Laerte-se<\/a> [codire\u00e7\u00e3o com Lygia Barbosa da Silva]; Eu+1: Uma jornada de sa\u00fade mental na Amaz\u00f4nia.<\/p>\n<p>&nbsp;<\/p>\n<p style=\"text-align: center;\"><span style=\"color: #ff0000;\"><strong>Vin\u00edcius <\/strong><strong>Schmidt,<\/strong><\/span><\/p>\n<p style=\"text-align: center;\"><span style=\"color: #ff0000;\"><strong>de Goi\u00e2nia, ganha<\/strong><\/span><\/p>\n<p style=\"text-align: center;\"><span style=\"color: #ff0000;\"><strong>men\u00e7\u00e3o honrosa, na<\/strong><\/span><\/p>\n<p style=\"text-align: center;\"><span style=\"color: #ff0000;\"><strong>Categoria Fotografia<\/strong><\/span><\/p>\n<p>&nbsp;<\/p>\n<figure id=\"attachment_10073\" aria-describedby=\"caption-attachment-10073\" style=\"width: 483px\" class=\"wp-caption aligncenter\"><img loading=\"lazy\" decoding=\"async\" class=\"size-full wp-image-10073\" src=\"https:\/\/renatodias.online\/movimento\/wp-content\/uploads\/2021\/12\/Vinicius-Schmidt-Premio.jpg\" alt=\"\" width=\"483\" height=\"291\" srcset=\"https:\/\/renatodias.online\/movimento\/wp-content\/uploads\/2021\/12\/Vinicius-Schmidt-Premio.jpg 483w, https:\/\/renatodias.online\/movimento\/wp-content\/uploads\/2021\/12\/Vinicius-Schmidt-Premio-300x181.jpg 300w\" sizes=\"auto, (max-width: 483px) 100vw, 483px\" \/><figcaption id=\"caption-attachment-10073\" class=\"wp-caption-text\"><strong>Vin\u00edcius Schmidt, fot\u00f3grafo do site Metr\u00f3poles<\/strong><\/figcaption><\/figure>\n<p>&nbsp;<\/p>\n<p>&nbsp;<\/p>\n<p>Na <strong>Categoria Fotografia Trof\u00e9u Paulo Dias<\/strong>, men\u00e7\u00e3o honrosa, \u00e0 imagem <strong>Enterro coletivo Covid 19<\/strong>, veiculada no <strong>Portal Metr\u00f3poles<\/strong>, de autoria de <strong>Vin\u00edcius Schmidt<\/strong>, de Goi\u00e2nia. O presidente do Movimento de Justi\u00e7a e Direitos Humanos [MJDH], <strong>Jair Krishke<\/strong>, informa que o 38\u00ba Pr\u00eamio Latino-Americano de Jornalismo em Direitos Humanos avalia que, para a premia\u00e7\u00e3o dos trabalhos inscritos, os valores \u00e9ticos e profissionais refletidos na produ\u00e7\u00e3o jornal\u00edstica. Registro: a qualidade do texto ou da imagem, a Investiga\u00e7\u00e3o original dos fatos, a profundidade no tratamento da informa\u00e7\u00e3o, a abordagem de temas socialmente relevantes. A solenidade de entrega virtual dos pr\u00eamios ser\u00e1 dia 10 de dezembro de 2021, \u00e0s 20h, pelo Youtube <a href=\"https:\/\/youtu.be\/jIsxnaCt4D8\">https:\/\/youtu.be\/jIsxnaCt4D8<\/a><\/p>\n<p>&nbsp;<\/p>\n<figure id=\"attachment_9357\" aria-describedby=\"caption-attachment-9357\" style=\"width: 2400px\" class=\"wp-caption alignnone\"><img loading=\"lazy\" decoding=\"async\" class=\"size-full wp-image-9357\" src=\"https:\/\/renatodias.online\/movimento\/wp-content\/uploads\/2021\/10\/Jair-Krischke.jpg\" alt=\"\" width=\"2400\" height=\"1600\" srcset=\"https:\/\/renatodias.online\/movimento\/wp-content\/uploads\/2021\/10\/Jair-Krischke.jpg 2400w, https:\/\/renatodias.online\/movimento\/wp-content\/uploads\/2021\/10\/Jair-Krischke-300x200.jpg 300w, https:\/\/renatodias.online\/movimento\/wp-content\/uploads\/2021\/10\/Jair-Krischke-1536x1024.jpg 1536w, https:\/\/renatodias.online\/movimento\/wp-content\/uploads\/2021\/10\/Jair-Krischke-768x512.jpg 768w, https:\/\/renatodias.online\/movimento\/wp-content\/uploads\/2021\/10\/Jair-Krischke-2048x1365.jpg 2048w, https:\/\/renatodias.online\/movimento\/wp-content\/uploads\/2021\/10\/Jair-Krischke-360x240.jpg 360w, https:\/\/renatodias.online\/movimento\/wp-content\/uploads\/2021\/10\/Jair-Krischke-750x500.jpg 750w\" sizes=\"auto, (max-width: 2400px) 100vw, 2400px\" \/><figcaption id=\"caption-attachment-9357\" class=\"wp-caption-text\"><strong>Jair Krischke<\/strong><\/figcaption><\/figure>\n<p>&nbsp;<\/p>\n<h1 style=\"text-align: center;\"><a href=\"https:\/\/renatodias.online\/movimento\/wp-content\/uploads\/2021\/12\/Lista-dos-ganhadores.pdf\"><span style=\"color: #ff0000;\">Lista dos ganhadores<\/span><\/a><\/h1>\n<h1 style=\"text-align: center;\"><a href=\"https:\/\/renatodias.online\/movimento\/wp-content\/uploads\/2021\/12\/Pagina-diagramada-do-38-Premio.pdf\">P\u00e1gina diagramada do 38 Pr\u00eamio<\/a><a href=\"https:\/\/renatodias.online\/movimento\/wp-content\/uploads\/2021\/12\/Pagina-diagramda-do-Premio.pdf\"><\/a><\/h1>\n","protected":false},"excerpt":{"rendered":"<p>Livro-reportagem &nbsp; Jornalista de Goi\u00e2nia \u00e9 agraciado por \u00c0 queima-roupa, a hist\u00f3ria tr\u00e1gica de Arno Preiss, militante do Molipo &nbsp; Natalia Viana, com Dano Colateral, e Eliane Brum, por Banzeiro \u00f2k\u00f2t\u00f3, foram premiadas &nbsp; O jornalista e soci\u00f3logo de Goi\u00e2nia, Renato Dias, obteve Men\u00e7\u00e3o Honrosa na Categoria Especial de Livro-Reportagem no 38\u00ba Pr\u00eamio Latino-Americano de<\/p>\n","protected":false},"author":2,"featured_media":10067,"comment_status":"open","ping_status":"open","sticky":false,"template":"","format":"standard","meta":{"_acf_changed":false,"_monsterinsights_skip_tracking":false,"_monsterinsights_sitenote_active":false,"_monsterinsights_sitenote_note":"","_monsterinsights_sitenote_category":0,"footnotes":""},"categories":[28],"tags":[],"class_list":["post-10064","post","type-post","status-publish","format-standard","has-post-thumbnail","hentry","category-cultura"],"acf":[],"yoast_head":"<!-- This site is optimized with the Yoast SEO plugin v27.4 - https:\/\/yoast.com\/product\/yoast-seo-wordpress\/ -->\n<title>Renato Dias ganha pr\u00eamio latino-americano -<\/title>\n<meta name=\"robots\" content=\"index, follow, max-snippet:-1, max-image-preview:large, max-video-preview:-1\" \/>\n<link rel=\"canonical\" href=\"https:\/\/renatodias.online\/movimento\/2021\/12\/06\/renato-dias-ganha-premio-latino-americano\/\" \/>\n<meta property=\"og:locale\" content=\"pt_BR\" \/>\n<meta property=\"og:type\" content=\"article\" \/>\n<meta property=\"og:title\" content=\"Renato Dias ganha pr\u00eamio latino-americano -\" \/>\n<meta property=\"og:description\" content=\"Livro-reportagem &nbsp; Jornalista de Goi\u00e2nia \u00e9 agraciado por \u00c0 queima-roupa, a hist\u00f3ria tr\u00e1gica de Arno Preiss, militante do Molipo &nbsp; Natalia Viana, com Dano Colateral, e Eliane Brum, por Banzeiro \u00f2k\u00f2t\u00f3, foram premiadas &nbsp; O jornalista e soci\u00f3logo de Goi\u00e2nia, Renato Dias, obteve Men\u00e7\u00e3o Honrosa na Categoria Especial de Livro-Reportagem no 38\u00ba Pr\u00eamio Latino-Americano de\" \/>\n<meta property=\"og:url\" content=\"https:\/\/renatodias.online\/movimento\/2021\/12\/06\/renato-dias-ganha-premio-latino-americano\/\" \/>\n<meta property=\"article:publisher\" content=\"https:\/\/www.facebook.com\/renato.dias.37\" \/>\n<meta property=\"article:author\" content=\"https:\/\/www.facebook.com\/renato.dias.37\" \/>\n<meta property=\"article:published_time\" content=\"2021-12-06T14:45:21+00:00\" \/>\n<meta property=\"article:modified_time\" content=\"2021-12-06T16:08:05+00:00\" \/>\n<meta property=\"og:image\" content=\"https:\/\/renatodias.online\/movimento\/wp-content\/uploads\/2021\/12\/Renato-Dias-38-Premio-latino-americano-e1667103180573.jpg\" \/>\n\t<meta property=\"og:image:width\" content=\"290\" \/>\n\t<meta property=\"og:image:height\" content=\"386\" \/>\n\t<meta property=\"og:image:type\" content=\"image\/jpeg\" \/>\n<meta name=\"author\" content=\"Renato Dias\" \/>\n<meta name=\"twitter:card\" content=\"summary_large_image\" \/>\n<meta name=\"twitter:creator\" content=\"@RenatoDiasBat\" \/>\n<meta name=\"twitter:site\" content=\"@RenatoDiasBat\" \/>\n<meta name=\"twitter:label1\" content=\"Escrito por\" \/>\n\t<meta name=\"twitter:data1\" content=\"Renato Dias\" \/>\n\t<meta name=\"twitter:label2\" content=\"Est. tempo de leitura\" \/>\n\t<meta name=\"twitter:data2\" content=\"4 minutos\" \/>\n<script type=\"application\/ld+json\" class=\"yoast-schema-graph\">{\"@context\":\"https:\\\/\\\/schema.org\",\"@graph\":[{\"@type\":\"Article\",\"@id\":\"https:\\\/\\\/renatodias.online\\\/movimento\\\/2021\\\/12\\\/06\\\/renato-dias-ganha-premio-latino-americano\\\/#article\",\"isPartOf\":{\"@id\":\"https:\\\/\\\/renatodias.online\\\/movimento\\\/2021\\\/12\\\/06\\\/renato-dias-ganha-premio-latino-americano\\\/\"},\"author\":{\"name\":\"Renato Dias\",\"@id\":\"https:\\\/\\\/renatodias.online\\\/movimento\\\/#\\\/schema\\\/person\\\/bbab28833b1725a20f4083f49f1fb2a9\"},\"headline\":\"Renato Dias ganha pr\u00eamio latino-americano\",\"datePublished\":\"2021-12-06T14:45:21+00:00\",\"dateModified\":\"2021-12-06T16:08:05+00:00\",\"mainEntityOfPage\":{\"@id\":\"https:\\\/\\\/renatodias.online\\\/movimento\\\/2021\\\/12\\\/06\\\/renato-dias-ganha-premio-latino-americano\\\/\"},\"wordCount\":787,\"commentCount\":0,\"publisher\":{\"@id\":\"https:\\\/\\\/renatodias.online\\\/movimento\\\/#\\\/schema\\\/person\\\/bbab28833b1725a20f4083f49f1fb2a9\"},\"image\":{\"@id\":\"https:\\\/\\\/renatodias.online\\\/movimento\\\/2021\\\/12\\\/06\\\/renato-dias-ganha-premio-latino-americano\\\/#primaryimage\"},\"thumbnailUrl\":\"https:\\\/\\\/renatodias.online\\\/movimento\\\/wp-content\\\/uploads\\\/2021\\\/12\\\/Renato-Dias-38-Premio-latino-americano-e1667103180573.jpg\",\"articleSection\":[\"Cultura\"],\"inLanguage\":\"pt-BR\",\"potentialAction\":[{\"@type\":\"CommentAction\",\"name\":\"Comment\",\"target\":[\"https:\\\/\\\/renatodias.online\\\/movimento\\\/2021\\\/12\\\/06\\\/renato-dias-ganha-premio-latino-americano\\\/#respond\"]}]},{\"@type\":\"WebPage\",\"@id\":\"https:\\\/\\\/renatodias.online\\\/movimento\\\/2021\\\/12\\\/06\\\/renato-dias-ganha-premio-latino-americano\\\/\",\"url\":\"https:\\\/\\\/renatodias.online\\\/movimento\\\/2021\\\/12\\\/06\\\/renato-dias-ganha-premio-latino-americano\\\/\",\"name\":\"Renato Dias ganha pr\u00eamio latino-americano -\",\"isPartOf\":{\"@id\":\"https:\\\/\\\/renatodias.online\\\/movimento\\\/#website\"},\"primaryImageOfPage\":{\"@id\":\"https:\\\/\\\/renatodias.online\\\/movimento\\\/2021\\\/12\\\/06\\\/renato-dias-ganha-premio-latino-americano\\\/#primaryimage\"},\"image\":{\"@id\":\"https:\\\/\\\/renatodias.online\\\/movimento\\\/2021\\\/12\\\/06\\\/renato-dias-ganha-premio-latino-americano\\\/#primaryimage\"},\"thumbnailUrl\":\"https:\\\/\\\/renatodias.online\\\/movimento\\\/wp-content\\\/uploads\\\/2021\\\/12\\\/Renato-Dias-38-Premio-latino-americano-e1667103180573.jpg\",\"datePublished\":\"2021-12-06T14:45:21+00:00\",\"dateModified\":\"2021-12-06T16:08:05+00:00\",\"breadcrumb\":{\"@id\":\"https:\\\/\\\/renatodias.online\\\/movimento\\\/2021\\\/12\\\/06\\\/renato-dias-ganha-premio-latino-americano\\\/#breadcrumb\"},\"inLanguage\":\"pt-BR\",\"potentialAction\":[{\"@type\":\"ReadAction\",\"target\":[\"https:\\\/\\\/renatodias.online\\\/movimento\\\/2021\\\/12\\\/06\\\/renato-dias-ganha-premio-latino-americano\\\/\"]}]},{\"@type\":\"ImageObject\",\"inLanguage\":\"pt-BR\",\"@id\":\"https:\\\/\\\/renatodias.online\\\/movimento\\\/2021\\\/12\\\/06\\\/renato-dias-ganha-premio-latino-americano\\\/#primaryimage\",\"url\":\"https:\\\/\\\/renatodias.online\\\/movimento\\\/wp-content\\\/uploads\\\/2021\\\/12\\\/Renato-Dias-38-Premio-latino-americano-e1667103180573.jpg\",\"contentUrl\":\"https:\\\/\\\/renatodias.online\\\/movimento\\\/wp-content\\\/uploads\\\/2021\\\/12\\\/Renato-Dias-38-Premio-latino-americano-e1667103180573.jpg\",\"width\":290,\"height\":386,\"caption\":\"Renato Dias - 38\u00ba Pr\u00eamio latino-americano\"},{\"@type\":\"BreadcrumbList\",\"@id\":\"https:\\\/\\\/renatodias.online\\\/movimento\\\/2021\\\/12\\\/06\\\/renato-dias-ganha-premio-latino-americano\\\/#breadcrumb\",\"itemListElement\":[{\"@type\":\"ListItem\",\"position\":1,\"name\":\"In\u00edcio\",\"item\":\"https:\\\/\\\/renatodias.online\\\/movimento\\\/\"},{\"@type\":\"ListItem\",\"position\":2,\"name\":\"Renato Dias ganha pr\u00eamio latino-americano\"}]},{\"@type\":\"WebSite\",\"@id\":\"https:\\\/\\\/renatodias.online\\\/movimento\\\/#website\",\"url\":\"https:\\\/\\\/renatodias.online\\\/movimento\\\/\",\"name\":\"\",\"description\":\"\",\"publisher\":{\"@id\":\"https:\\\/\\\/renatodias.online\\\/movimento\\\/#\\\/schema\\\/person\\\/bbab28833b1725a20f4083f49f1fb2a9\"},\"potentialAction\":[{\"@type\":\"SearchAction\",\"target\":{\"@type\":\"EntryPoint\",\"urlTemplate\":\"https:\\\/\\\/renatodias.online\\\/movimento\\\/?s={search_term_string}\"},\"query-input\":{\"@type\":\"PropertyValueSpecification\",\"valueRequired\":true,\"valueName\":\"search_term_string\"}}],\"inLanguage\":\"pt-BR\"},{\"@type\":[\"Person\",\"Organization\"],\"@id\":\"https:\\\/\\\/renatodias.online\\\/movimento\\\/#\\\/schema\\\/person\\\/bbab28833b1725a20f4083f49f1fb2a9\",\"name\":\"Renato Dias\",\"image\":{\"@type\":\"ImageObject\",\"inLanguage\":\"pt-BR\",\"@id\":\"https:\\\/\\\/renatodias.online\\\/movimento\\\/wp-content\\\/uploads\\\/2023\\\/03\\\/cropped-cropped-cropped-logofinal.jpeg\",\"url\":\"https:\\\/\\\/renatodias.online\\\/movimento\\\/wp-content\\\/uploads\\\/2023\\\/03\\\/cropped-cropped-cropped-logofinal.jpeg\",\"contentUrl\":\"https:\\\/\\\/renatodias.online\\\/movimento\\\/wp-content\\\/uploads\\\/2023\\\/03\\\/cropped-cropped-cropped-logofinal.jpeg\",\"width\":1280,\"height\":219,\"caption\":\"Renato Dias\"},\"logo\":{\"@id\":\"https:\\\/\\\/renatodias.online\\\/movimento\\\/wp-content\\\/uploads\\\/2023\\\/03\\\/cropped-cropped-cropped-logofinal.jpeg\"},\"description\":\"Renato Dias, 58 anos, \u00e9 graduado em Jornalismo, formado em Ci\u00eancias Sociais, com p\u00f3s-gradua\u00e7\u00e3o em Pol\u00edticas P\u00fablicas, mestre em Direito e Rela\u00e7\u00f5es Internacionais, ex-aluno extraordin\u00e1rio do Doutorado em Psicologia Social, ex-estudante do Curso de Psican\u00e1lise do Centro de Estudos Psicanal\u00edticos do Estado de Goi\u00e1s, ministrado pelo m\u00e9dico psiquiatra e psicanalista Daniel Em\u00eddio de Souza. \u00c9 autor de 30 livros-reportagem, oito document\u00e1rios, ganhou 30 pr\u00eamios e \u00e9 torcedor apaixonado do maior do Centro-Oeste, o Vila Nova Futebol Clube. Casado com Meirilane Dias, \u00e9 pai de Juliana Dias, jornalista; Daniel Dias, economista; e Maria Rosa Dias, estudante antifascista, socialista e trotskista.\u00a0Com tr\u00eas pets: Porquinho [Bull Dog Franc\u00eas], Dalila [Basset Hound] e Geleia [Basset Hound]. Al\u00e9m do eterno gato Tutuquinho, que virou estrela.\",\"sameAs\":[\"https:\\\/\\\/www.facebook.com\\\/renato.dias.37\",\"#breve\",\"https:\\\/\\\/renatodias.tumblr.com\\\/\"],\"url\":\"https:\\\/\\\/renatodias.online\\\/movimento\\\/author\\\/renatodias\\\/\"}]}<\/script>\n<!-- \/ Yoast SEO plugin. -->","yoast_head_json":{"title":"Renato Dias ganha pr\u00eamio latino-americano -","robots":{"index":"index","follow":"follow","max-snippet":"max-snippet:-1","max-image-preview":"max-image-preview:large","max-video-preview":"max-video-preview:-1"},"canonical":"https:\/\/renatodias.online\/movimento\/2021\/12\/06\/renato-dias-ganha-premio-latino-americano\/","og_locale":"pt_BR","og_type":"article","og_title":"Renato Dias ganha pr\u00eamio latino-americano -","og_description":"Livro-reportagem &nbsp; Jornalista de Goi\u00e2nia \u00e9 agraciado por \u00c0 queima-roupa, a hist\u00f3ria tr\u00e1gica de Arno Preiss, militante do Molipo &nbsp; Natalia Viana, com Dano Colateral, e Eliane Brum, por Banzeiro \u00f2k\u00f2t\u00f3, foram premiadas &nbsp; O jornalista e soci\u00f3logo de Goi\u00e2nia, Renato Dias, obteve Men\u00e7\u00e3o Honrosa na Categoria Especial de Livro-Reportagem no 38\u00ba Pr\u00eamio Latino-Americano de","og_url":"https:\/\/renatodias.online\/movimento\/2021\/12\/06\/renato-dias-ganha-premio-latino-americano\/","article_publisher":"https:\/\/www.facebook.com\/renato.dias.37","article_author":"https:\/\/www.facebook.com\/renato.dias.37","article_published_time":"2021-12-06T14:45:21+00:00","article_modified_time":"2021-12-06T16:08:05+00:00","og_image":[{"width":290,"height":386,"url":"https:\/\/renatodias.online\/movimento\/wp-content\/uploads\/2021\/12\/Renato-Dias-38-Premio-latino-americano-e1667103180573.jpg","type":"image\/jpeg"}],"author":"Renato Dias","twitter_card":"summary_large_image","twitter_creator":"@RenatoDiasBat","twitter_site":"@RenatoDiasBat","twitter_misc":{"Escrito por":"Renato Dias","Est. tempo de leitura":"4 minutos"},"schema":{"@context":"https:\/\/schema.org","@graph":[{"@type":"Article","@id":"https:\/\/renatodias.online\/movimento\/2021\/12\/06\/renato-dias-ganha-premio-latino-americano\/#article","isPartOf":{"@id":"https:\/\/renatodias.online\/movimento\/2021\/12\/06\/renato-dias-ganha-premio-latino-americano\/"},"author":{"name":"Renato Dias","@id":"https:\/\/renatodias.online\/movimento\/#\/schema\/person\/bbab28833b1725a20f4083f49f1fb2a9"},"headline":"Renato Dias ganha pr\u00eamio latino-americano","datePublished":"2021-12-06T14:45:21+00:00","dateModified":"2021-12-06T16:08:05+00:00","mainEntityOfPage":{"@id":"https:\/\/renatodias.online\/movimento\/2021\/12\/06\/renato-dias-ganha-premio-latino-americano\/"},"wordCount":787,"commentCount":0,"publisher":{"@id":"https:\/\/renatodias.online\/movimento\/#\/schema\/person\/bbab28833b1725a20f4083f49f1fb2a9"},"image":{"@id":"https:\/\/renatodias.online\/movimento\/2021\/12\/06\/renato-dias-ganha-premio-latino-americano\/#primaryimage"},"thumbnailUrl":"https:\/\/renatodias.online\/movimento\/wp-content\/uploads\/2021\/12\/Renato-Dias-38-Premio-latino-americano-e1667103180573.jpg","articleSection":["Cultura"],"inLanguage":"pt-BR","potentialAction":[{"@type":"CommentAction","name":"Comment","target":["https:\/\/renatodias.online\/movimento\/2021\/12\/06\/renato-dias-ganha-premio-latino-americano\/#respond"]}]},{"@type":"WebPage","@id":"https:\/\/renatodias.online\/movimento\/2021\/12\/06\/renato-dias-ganha-premio-latino-americano\/","url":"https:\/\/renatodias.online\/movimento\/2021\/12\/06\/renato-dias-ganha-premio-latino-americano\/","name":"Renato Dias ganha pr\u00eamio latino-americano -","isPartOf":{"@id":"https:\/\/renatodias.online\/movimento\/#website"},"primaryImageOfPage":{"@id":"https:\/\/renatodias.online\/movimento\/2021\/12\/06\/renato-dias-ganha-premio-latino-americano\/#primaryimage"},"image":{"@id":"https:\/\/renatodias.online\/movimento\/2021\/12\/06\/renato-dias-ganha-premio-latino-americano\/#primaryimage"},"thumbnailUrl":"https:\/\/renatodias.online\/movimento\/wp-content\/uploads\/2021\/12\/Renato-Dias-38-Premio-latino-americano-e1667103180573.jpg","datePublished":"2021-12-06T14:45:21+00:00","dateModified":"2021-12-06T16:08:05+00:00","breadcrumb":{"@id":"https:\/\/renatodias.online\/movimento\/2021\/12\/06\/renato-dias-ganha-premio-latino-americano\/#breadcrumb"},"inLanguage":"pt-BR","potentialAction":[{"@type":"ReadAction","target":["https:\/\/renatodias.online\/movimento\/2021\/12\/06\/renato-dias-ganha-premio-latino-americano\/"]}]},{"@type":"ImageObject","inLanguage":"pt-BR","@id":"https:\/\/renatodias.online\/movimento\/2021\/12\/06\/renato-dias-ganha-premio-latino-americano\/#primaryimage","url":"https:\/\/renatodias.online\/movimento\/wp-content\/uploads\/2021\/12\/Renato-Dias-38-Premio-latino-americano-e1667103180573.jpg","contentUrl":"https:\/\/renatodias.online\/movimento\/wp-content\/uploads\/2021\/12\/Renato-Dias-38-Premio-latino-americano-e1667103180573.jpg","width":290,"height":386,"caption":"Renato Dias - 38\u00ba Pr\u00eamio latino-americano"},{"@type":"BreadcrumbList","@id":"https:\/\/renatodias.online\/movimento\/2021\/12\/06\/renato-dias-ganha-premio-latino-americano\/#breadcrumb","itemListElement":[{"@type":"ListItem","position":1,"name":"In\u00edcio","item":"https:\/\/renatodias.online\/movimento\/"},{"@type":"ListItem","position":2,"name":"Renato Dias ganha pr\u00eamio latino-americano"}]},{"@type":"WebSite","@id":"https:\/\/renatodias.online\/movimento\/#website","url":"https:\/\/renatodias.online\/movimento\/","name":"","description":"","publisher":{"@id":"https:\/\/renatodias.online\/movimento\/#\/schema\/person\/bbab28833b1725a20f4083f49f1fb2a9"},"potentialAction":[{"@type":"SearchAction","target":{"@type":"EntryPoint","urlTemplate":"https:\/\/renatodias.online\/movimento\/?s={search_term_string}"},"query-input":{"@type":"PropertyValueSpecification","valueRequired":true,"valueName":"search_term_string"}}],"inLanguage":"pt-BR"},{"@type":["Person","Organization"],"@id":"https:\/\/renatodias.online\/movimento\/#\/schema\/person\/bbab28833b1725a20f4083f49f1fb2a9","name":"Renato Dias","image":{"@type":"ImageObject","inLanguage":"pt-BR","@id":"https:\/\/renatodias.online\/movimento\/wp-content\/uploads\/2023\/03\/cropped-cropped-cropped-logofinal.jpeg","url":"https:\/\/renatodias.online\/movimento\/wp-content\/uploads\/2023\/03\/cropped-cropped-cropped-logofinal.jpeg","contentUrl":"https:\/\/renatodias.online\/movimento\/wp-content\/uploads\/2023\/03\/cropped-cropped-cropped-logofinal.jpeg","width":1280,"height":219,"caption":"Renato Dias"},"logo":{"@id":"https:\/\/renatodias.online\/movimento\/wp-content\/uploads\/2023\/03\/cropped-cropped-cropped-logofinal.jpeg"},"description":"Renato Dias, 58 anos, \u00e9 graduado em Jornalismo, formado em Ci\u00eancias Sociais, com p\u00f3s-gradua\u00e7\u00e3o em Pol\u00edticas P\u00fablicas, mestre em Direito e Rela\u00e7\u00f5es Internacionais, ex-aluno extraordin\u00e1rio do Doutorado em Psicologia Social, ex-estudante do Curso de Psican\u00e1lise do Centro de Estudos Psicanal\u00edticos do Estado de Goi\u00e1s, ministrado pelo m\u00e9dico psiquiatra e psicanalista Daniel Em\u00eddio de Souza. \u00c9 autor de 30 livros-reportagem, oito document\u00e1rios, ganhou 30 pr\u00eamios e \u00e9 torcedor apaixonado do maior do Centro-Oeste, o Vila Nova Futebol Clube. Casado com Meirilane Dias, \u00e9 pai de Juliana Dias, jornalista; Daniel Dias, economista; e Maria Rosa Dias, estudante antifascista, socialista e trotskista.\u00a0Com tr\u00eas pets: Porquinho [Bull Dog Franc\u00eas], Dalila [Basset Hound] e Geleia [Basset Hound]. Al\u00e9m do eterno gato Tutuquinho, que virou estrela.","sameAs":["https:\/\/www.facebook.com\/renato.dias.37","#breve","https:\/\/renatodias.tumblr.com\/"],"url":"https:\/\/renatodias.online\/movimento\/author\/renatodias\/"}]}},"_links":{"self":[{"href":"https:\/\/renatodias.online\/movimento\/wp-json\/wp\/v2\/posts\/10064","targetHints":{"allow":["GET"]}}],"collection":[{"href":"https:\/\/renatodias.online\/movimento\/wp-json\/wp\/v2\/posts"}],"about":[{"href":"https:\/\/renatodias.online\/movimento\/wp-json\/wp\/v2\/types\/post"}],"author":[{"embeddable":true,"href":"https:\/\/renatodias.online\/movimento\/wp-json\/wp\/v2\/users\/2"}],"replies":[{"embeddable":true,"href":"https:\/\/renatodias.online\/movimento\/wp-json\/wp\/v2\/comments?post=10064"}],"version-history":[{"count":1,"href":"https:\/\/renatodias.online\/movimento\/wp-json\/wp\/v2\/posts\/10064\/revisions"}],"predecessor-version":[{"id":10077,"href":"https:\/\/renatodias.online\/movimento\/wp-json\/wp\/v2\/posts\/10064\/revisions\/10077"}],"wp:featuredmedia":[{"embeddable":true,"href":"https:\/\/renatodias.online\/movimento\/wp-json\/wp\/v2\/media\/10067"}],"wp:attachment":[{"href":"https:\/\/renatodias.online\/movimento\/wp-json\/wp\/v2\/media?parent=10064"}],"wp:term":[{"taxonomy":"category","embeddable":true,"href":"https:\/\/renatodias.online\/movimento\/wp-json\/wp\/v2\/categories?post=10064"},{"taxonomy":"post_tag","embeddable":true,"href":"https:\/\/renatodias.online\/movimento\/wp-json\/wp\/v2\/tags?post=10064"}],"curies":[{"name":"wp","href":"https:\/\/api.w.org\/{rel}","templated":true}]}}