{"id":10055,"date":"2021-12-06T10:53:05","date_gmt":"2021-12-06T13:53:05","guid":{"rendered":"https:\/\/renatodias.online\/movimento\/?p=10055"},"modified":"2021-12-06T10:53:05","modified_gmt":"2021-12-06T13:53:05","slug":"eleicao-a-casa-verde-pega-fogo","status":"publish","type":"post","link":"https:\/\/renatodias.online\/movimento\/2021\/12\/06\/eleicao-a-casa-verde-pega-fogo\/","title":{"rendered":"Elei\u00e7\u00e3o \u00e0 Casa Verde pega fogo"},"content":{"rendered":"<p><strong> <img loading=\"lazy\" decoding=\"async\" class=\"alignnone size-full wp-image-5007\" src=\"https:\/\/renatodias.online\/movimento\/wp-content\/uploads\/2021\/01\/Alto-da-p\u00e1gina-Banner-Exclusivo.png\" alt=\"\" width=\"1224\" height=\"372\" \/><\/strong><\/p>\n<h1 style=\"text-align: center;\"><span style=\"color: #0000ff;\"><strong>Elei\u00e7\u00e3o \u00e0 Casa Verde pega fogo<\/strong><\/span><\/h1>\n<h2><span style=\"color: #ff00ff;\"><strong>Caiado disputa reelei\u00e7\u00e3o, Gustavo Mendanha no p\u00e1reo, Marconi Perillo quer voltar, Wolmir Amado \u00e9 o palanque de Lula, em Goi\u00e1s<\/strong><\/span><\/h2>\n<figure id=\"attachment_4510\" aria-describedby=\"caption-attachment-4510\" style=\"width: 1000px\" class=\"wp-caption alignnone\"><img loading=\"lazy\" decoding=\"async\" class=\"size-full wp-image-4510\" src=\"https:\/\/renatodias.online\/movimento\/wp-content\/uploads\/2020\/09\/Pal\u00e1cio-das-Esmeeraldas-2.jpg\" alt=\"\" width=\"1000\" height=\"750\" \/><figcaption id=\"caption-attachment-4510\" class=\"wp-caption-text\"><strong>Pal\u00e1cio das Esmeraldas<\/strong><\/figcaption><\/figure>\n<h1 style=\"text-align: center;\"><span style=\"color: #008000;\"><strong>Com cheiro j\u00e1 de 2\u00b0 turno e de alian\u00e7as<\/strong><\/span><\/h1>\n<h1 style=\"text-align: center;\"><span style=\"color: #ff00ff;\"><strong>\u00a0<\/strong><strong>2022 j\u00e1 chegou<\/strong><\/span><\/h1>\n<p><strong> <img loading=\"lazy\" decoding=\"async\" class=\"size-full wp-image-10059 aligncenter\" src=\"https:\/\/renatodias.online\/movimento\/wp-content\/uploads\/2021\/12\/2022.jpeg\" alt=\"\" width=\"600\" height=\"300\" srcset=\"https:\/\/renatodias.online\/movimento\/wp-content\/uploads\/2021\/12\/2022.jpeg 600w, https:\/\/renatodias.online\/movimento\/wp-content\/uploads\/2021\/12\/2022-300x150.jpeg 300w, https:\/\/renatodias.online\/movimento\/wp-content\/uploads\/2021\/12\/2022-555x278.jpeg 555w\" sizes=\"auto, (max-width: 600px) 100vw, 600px\" \/><\/strong><\/p>\n<p><strong>Renato Dias<\/strong><\/p>\n<p>Professor de Direito Constitucional, Vilmar Rocha [PSD] afirma ao <span style=\"color: #ff0000;\"><strong>Portal de Not\u00edcias www.renatodias.online<\/strong><\/span> que a tradi\u00e7\u00e3o do eleitor na corrida ao Pal\u00e1cio das Esmeraldas\u00a0 \u00e9 de optar em 33% pela chapa da situa\u00e7\u00e3o, 33% na oposi\u00e7\u00e3o e 34% definiriam o voto na reta final. Com m\u00faltiplas candidaturas e sinais claros de segundo turno.<\/p>\n<figure id=\"attachment_3176\" aria-describedby=\"caption-attachment-3176\" style=\"width: 680px\" class=\"wp-caption aligncenter\"><img loading=\"lazy\" decoding=\"async\" class=\"size-full wp-image-3176\" src=\"https:\/\/renatodias.online\/movimento\/wp-content\/uploads\/2020\/03\/Urnas-eletr\u00f4nicas.png\" alt=\"\" width=\"680\" height=\"453\" srcset=\"https:\/\/renatodias.online\/movimento\/wp-content\/uploads\/2020\/03\/Urnas-eletr\u00f4nicas.png 680w, https:\/\/renatodias.online\/movimento\/wp-content\/uploads\/2020\/03\/Urnas-eletr\u00f4nicas-300x200.png 300w, https:\/\/renatodias.online\/movimento\/wp-content\/uploads\/2020\/03\/Urnas-eletr\u00f4nicas-360x240.png 360w\" sizes=\"auto, (max-width: 680px) 100vw, 680px\" \/><figcaption id=\"caption-attachment-3176\" class=\"wp-caption-text\"><strong>Urnas eletr\u00f4nicas &#8211; Foto: Reprodu\u00e7\u00e3o<\/strong><\/figcaption><\/figure>\n<p>O atual inquilino da Casa Verde, Ronaldo Caiado, disputar\u00e1 a reelei\u00e7\u00e3o. Ele j\u00e1 escolheu o ex-deputado federal Daniel Vilela [MDB] \u00e0 sua vice. Apenas a vaga ao Senado da Rep\u00fablica est\u00e1 aberta. O MDB est\u00e1 sem os seus quadros hist\u00f3ricos: Maguito Vilela e Iris Rezende Machado. Eles morreram. Em 2020 2 2021. Sem deixarem herdeiros.<\/p>\n<figure id=\"attachment_3316\" aria-describedby=\"caption-attachment-3316\" style=\"width: 2560px\" class=\"wp-caption alignnone\"><img loading=\"lazy\" decoding=\"async\" class=\"size-full wp-image-3316\" src=\"https:\/\/renatodias.online\/movimento\/wp-content\/uploads\/2020\/04\/Ronaldo-Caiado-Pandemia.jpg\" alt=\"\" width=\"2560\" height=\"1842\" \/><figcaption id=\"caption-attachment-3316\" class=\"wp-caption-text\"><strong>Ronaldo Caiado<\/strong><\/figcaption><\/figure>\n<p>&nbsp;<\/p>\n<p>O PT quer criar, hoje, baseado em programa, uma frente org\u00e2nica, de quatro anos, com Psol, PC do B, Rede, PSB e PV. O Ex-reitor da Pontif\u00edcia Universidade Cat\u00f3lica de Goi\u00e1s [PUC-GO] <strong>Wolmir Amado<\/strong> \u00e9 a op\u00e7\u00e3o ao Governo do Estado de Goi\u00e1s. Com a montagem de um amplo palanque eleitoral a <strong>Luiz In\u00e1cio Lula da Silva<\/strong>.<\/p>\n<figure id=\"attachment_9628\" aria-describedby=\"caption-attachment-9628\" style=\"width: 1280px\" class=\"wp-caption alignnone\"><img loading=\"lazy\" decoding=\"async\" class=\"size-full wp-image-9628\" src=\"https:\/\/renatodias.online\/movimento\/wp-content\/uploads\/2021\/11\/Wolmir-Amado.jpeg\" alt=\"\" width=\"1280\" height=\"853\" \/><figcaption id=\"caption-attachment-9628\" class=\"wp-caption-text\"><strong>Wolmir Therezio Amado<\/strong><\/figcaption><\/figure>\n<p>O prefeito de Aparecida de Goi\u00e2nia, <strong>Gustavo Mendanha<\/strong>, deve participar do pleito. De outubro do ano de 2022. Com densidade pol\u00edtica e eleitoral. Na Regi\u00e3o Metropolitana. Formada por 17 munic\u00edpios. A legenda n\u00e3o est\u00e1 definida. A certeza \u00e9 a sua postula\u00e7\u00e3o.<\/p>\n<figure id=\"attachment_7837\" aria-describedby=\"caption-attachment-7837\" style=\"width: 800px\" class=\"wp-caption alignnone\"><img loading=\"lazy\" decoding=\"async\" class=\"size-full wp-image-7837\" src=\"https:\/\/renatodias.online\/movimento\/wp-content\/uploads\/2021\/07\/Gustavo-Mendanha.jpg\" alt=\"\" width=\"800\" height=\"1200\" srcset=\"https:\/\/renatodias.online\/movimento\/wp-content\/uploads\/2021\/07\/Gustavo-Mendanha.jpg 800w, https:\/\/renatodias.online\/movimento\/wp-content\/uploads\/2021\/07\/Gustavo-Mendanha-200x300.jpg 200w, https:\/\/renatodias.online\/movimento\/wp-content\/uploads\/2021\/07\/Gustavo-Mendanha-683x1024.jpg 683w, https:\/\/renatodias.online\/movimento\/wp-content\/uploads\/2021\/07\/Gustavo-Mendanha-768x1152.jpg 768w, https:\/\/renatodias.online\/movimento\/wp-content\/uploads\/2021\/07\/Gustavo-Mendanha-750x1125.jpg 750w\" sizes=\"auto, (max-width: 800px) 100vw, 800px\" \/><figcaption id=\"caption-attachment-7837\" class=\"wp-caption-text\"><strong>Gustavo Mendanha, prefeito de Aparecida de Goi\u00e2nia [OJC]<br \/><\/strong><\/figcaption><\/figure>\n<p><img loading=\"lazy\" decoding=\"async\" class=\"alignnone size-full wp-image-8379\" src=\"https:\/\/renatodias.online\/movimento\/wp-content\/uploads\/2021\/08\/Especial-Principal.png\" alt=\"\" width=\"1531\" height=\"515\" \/><\/p>\n<figure id=\"attachment_5231\" aria-describedby=\"caption-attachment-5231\" style=\"width: 1280px\" class=\"wp-caption alignnone\"><img loading=\"lazy\" decoding=\"async\" class=\"size-full wp-image-5231\" src=\"https:\/\/renatodias.online\/movimento\/wp-content\/uploads\/2021\/02\/marconiperilo.jpeg\" alt=\"\" width=\"1280\" height=\"853\" srcset=\"https:\/\/renatodias.online\/movimento\/wp-content\/uploads\/2021\/02\/marconiperilo.jpeg 1280w, https:\/\/renatodias.online\/movimento\/wp-content\/uploads\/2021\/02\/marconiperilo-300x200.jpeg 300w, https:\/\/renatodias.online\/movimento\/wp-content\/uploads\/2021\/02\/marconiperilo-1024x682.jpeg 1024w, https:\/\/renatodias.online\/movimento\/wp-content\/uploads\/2021\/02\/marconiperilo-768x512.jpeg 768w, https:\/\/renatodias.online\/movimento\/wp-content\/uploads\/2021\/02\/marconiperilo-360x240.jpeg 360w, https:\/\/renatodias.online\/movimento\/wp-content\/uploads\/2021\/02\/marconiperilo-750x500.jpeg 750w\" sizes=\"auto, (max-width: 1280px) 100vw, 1280px\" \/><figcaption id=\"caption-attachment-5231\" class=\"wp-caption-text\"><strong>Marconi Perillo<\/strong><\/figcaption><\/figure>\n<h1><img loading=\"lazy\" decoding=\"async\" class=\"size-full wp-image-2542 aligncenter\" src=\"https:\/\/renatodias.online\/movimento\/wp-content\/uploads\/2019\/09\/Tucano-e1637493554237.gif\" alt=\"\" width=\"200\" height=\"200\" \/><\/h1>\n<h1 style=\"text-align: center;\"><span style=\"color: #0000ff;\"><strong>Marconi Perillo quer voltar<\/strong><\/span><\/h1>\n<h1 style=\"text-align: center;\"><span style=\"color: #666699;\"><strong>Vou avaliar, diz cardeal tucano<\/strong><\/span><\/h1>\n<p><strong>Renato Dias<\/strong><\/p>\n<p>O PSDB faz uma convoca\u00e7\u00e3o a Marconi Perillo, admite <strong>Jardel Sebba<\/strong>. O ex-presidente da Assembleia Legislativa lembra que o recall de suas quatro gest\u00f5es lhe d\u00e1 capilaridade pol\u00edtica, eleitoral e social nos 246 munic\u00edpios do Estado de Goi\u00e1s. Carinhoso, ele governa com o cora\u00e7\u00e3o, diz.<\/p>\n<p><strong>_ \u00c9 poss\u00edvel atrair novos e velhos aliados, hoje do lado de l\u00e1.<\/strong><\/p>\n<figure id=\"attachment_3317\" aria-describedby=\"caption-attachment-3317\" style=\"width: 2500px\" class=\"wp-caption alignnone\"><img loading=\"lazy\" decoding=\"async\" class=\"size-full wp-image-3317\" src=\"https:\/\/renatodias.online\/movimento\/wp-content\/uploads\/2020\/04\/Jardel-Sebba.jpg\" alt=\"Jardel Sebba\" width=\"2500\" height=\"1678\" srcset=\"https:\/\/renatodias.online\/movimento\/wp-content\/uploads\/2020\/04\/Jardel-Sebba.jpg 2500w, https:\/\/renatodias.online\/movimento\/wp-content\/uploads\/2020\/04\/Jardel-Sebba-300x201.jpg 300w, https:\/\/renatodias.online\/movimento\/wp-content\/uploads\/2020\/04\/Jardel-Sebba-768x515.jpg 768w, https:\/\/renatodias.online\/movimento\/wp-content\/uploads\/2020\/04\/Jardel-Sebba-1024x687.jpg 1024w, https:\/\/renatodias.online\/movimento\/wp-content\/uploads\/2020\/04\/Jardel-Sebba-750x503.jpg 750w\" sizes=\"auto, (max-width: 2500px) 100vw, 2500px\" \/><figcaption id=\"caption-attachment-3317\" class=\"wp-caption-text\"><strong>Jardel Sebba<\/strong><\/figcaption><\/figure>\n<p><strong>Guilherme Freitas Souza, <\/strong>ex-presidente do Departamento Estadual de Tr\u00e2nsito [Detran]<strong>,<\/strong> observa que Marconi Perillo tem recall \u00e0 sucess\u00e3o. Com solidez de trabalho, Goi\u00e1s experimentou salto de crescimento em suas gest\u00f5es, confidencia. O eleitor percebeu o engano na elei\u00e7\u00e3o de Ronaldo Caiado, frisa. Trucul\u00eancia n\u00e3o gera voto, cr\u00ea.<\/p>\n<figure id=\"attachment_10057\" aria-describedby=\"caption-attachment-10057\" style=\"width: 1909px\" class=\"wp-caption alignnone\"><img loading=\"lazy\" decoding=\"async\" class=\"size-full wp-image-10057\" src=\"https:\/\/renatodias.online\/movimento\/wp-content\/uploads\/2021\/12\/Guilherme-Freitas-De-chapeu-a-direita.jpg\" alt=\"\" width=\"1909\" height=\"1910\" srcset=\"https:\/\/renatodias.online\/movimento\/wp-content\/uploads\/2021\/12\/Guilherme-Freitas-De-chapeu-a-direita.jpg 1909w, https:\/\/renatodias.online\/movimento\/wp-content\/uploads\/2021\/12\/Guilherme-Freitas-De-chapeu-a-direita-300x300.jpg 300w, https:\/\/renatodias.online\/movimento\/wp-content\/uploads\/2021\/12\/Guilherme-Freitas-De-chapeu-a-direita-1023x1024.jpg 1023w, https:\/\/renatodias.online\/movimento\/wp-content\/uploads\/2021\/12\/Guilherme-Freitas-De-chapeu-a-direita-150x150.jpg 150w, https:\/\/renatodias.online\/movimento\/wp-content\/uploads\/2021\/12\/Guilherme-Freitas-De-chapeu-a-direita-768x768.jpg 768w, https:\/\/renatodias.online\/movimento\/wp-content\/uploads\/2021\/12\/Guilherme-Freitas-De-chapeu-a-direita-1536x1536.jpg 1536w, https:\/\/renatodias.online\/movimento\/wp-content\/uploads\/2021\/12\/Guilherme-Freitas-De-chapeu-a-direita-750x750.jpg 750w\" sizes=\"auto, (max-width: 1909px) 100vw, 1909px\" \/><figcaption id=\"caption-attachment-10057\" class=\"wp-caption-text\"><strong>Guilherme Freitas Souza, de chap\u00e9u, \u00e0 direita<\/strong><\/figcaption><\/figure>\n<p>Graduada, mestre e doutora em Educa\u00e7\u00e3o, <strong>Jacqueline Cunha<\/strong> aponta que Marconi Perillo \u00e9 o nome natural do PSDB. Com legado como o Renda Cidad\u00e3, sublinha. Em 1999, ao assumir o primeiro mandato, 64% dos professores das escolas p\u00fablicas n\u00e3o possu\u00edam curso superior e apenas 2% tinham licenciatura, ressalta.<\/p>\n<p>&nbsp;<\/p>\n<figure id=\"attachment_8103\" aria-describedby=\"caption-attachment-8103\" style=\"width: 960px\" class=\"wp-caption alignnone\"><img loading=\"lazy\" decoding=\"async\" class=\"size-full wp-image-8103\" src=\"https:\/\/renatodias.online\/movimento\/wp-content\/uploads\/2021\/07\/Jacqueline-Cunha.jpg\" alt=\"\" width=\"960\" height=\"720\" srcset=\"https:\/\/renatodias.online\/movimento\/wp-content\/uploads\/2021\/07\/Jacqueline-Cunha.jpg 960w, https:\/\/renatodias.online\/movimento\/wp-content\/uploads\/2021\/07\/Jacqueline-Cunha-300x225.jpg 300w, https:\/\/renatodias.online\/movimento\/wp-content\/uploads\/2021\/07\/Jacqueline-Cunha-768x576.jpg 768w, https:\/\/renatodias.online\/movimento\/wp-content\/uploads\/2021\/07\/Jacqueline-Cunha-750x563.jpg 750w\" sizes=\"auto, (max-width: 960px) 100vw, 960px\" \/><figcaption id=\"caption-attachment-8103\" class=\"wp-caption-text\"><strong>Jacqueline Cunha<\/strong><\/figcaption><\/figure>\n<p>O PSDB adotou a\u00e7\u00f5es como Proforma\u00e7\u00e3o, cursos de Licenciatura Plena Parcelada, 20 Polos da UEG, Bolsa Universit\u00e1ria, narra. O investimento na forma\u00e7\u00e3o profissional resultou em\u00a0 2019, que 90% dos professores conclu\u00edram curso superior em licenciatura, 1.873 s\u00e3o mestres e 409 doutores, relata a educadora.<\/p>\n<p><strong>_ Goi\u00e1s se mant\u00e9m nos primeiros lugares no \u00cdndice de Desenvolvimento da Educa\u00e7\u00e3o B\u00e1sica, o IDEB.<\/strong><\/p>\n<figure id=\"attachment_3686\" aria-describedby=\"caption-attachment-3686\" style=\"width: 810px\" class=\"wp-caption alignnone\"><img loading=\"lazy\" decoding=\"async\" class=\"size-full wp-image-3686\" src=\"https:\/\/renatodias.online\/movimento\/wp-content\/uploads\/2020\/05\/GustavoSebba2.jpg\" alt=\"\" width=\"810\" height=\"540\" \/><figcaption id=\"caption-attachment-3686\" class=\"wp-caption-text\"><strong>Gustavo Sebba, deputado estadual<\/strong><\/figcaption><\/figure>\n<p>O deputado estadual <strong>Gustavo Sebba<\/strong> diz ao <strong>Portal de Not\u00edcias www.renatodias.online<\/strong> que Marconi Perillo \u00e9 o nome do PSDB\u00a0 \u00a0para as urnas eletr\u00f4nicas de outubro do ano de 2022. Com uma plataforma de oposi\u00e7\u00e3o democr\u00e1tica, republicana e n\u00e3o patrimonialista, dispara o parlamentar.<\/p>\n<figure id=\"attachment_6368\" aria-describedby=\"caption-attachment-6368\" style=\"width: 748px\" class=\"wp-caption aligncenter\"><img loading=\"lazy\" decoding=\"async\" class=\"size-full wp-image-6368\" src=\"https:\/\/renatodias.online\/movimento\/wp-content\/uploads\/2021\/04\/A-queda-do-PIB-no-Brasil.jpg\" alt=\"\" width=\"748\" height=\"498\" srcset=\"https:\/\/renatodias.online\/movimento\/wp-content\/uploads\/2021\/04\/A-queda-do-PIB-no-Brasil.jpg 748w, https:\/\/renatodias.online\/movimento\/wp-content\/uploads\/2021\/04\/A-queda-do-PIB-no-Brasil-300x200.jpg 300w, https:\/\/renatodias.online\/movimento\/wp-content\/uploads\/2021\/04\/A-queda-do-PIB-no-Brasil-360x240.jpg 360w\" sizes=\"auto, (max-width: 748px) 100vw, 748px\" \/><figcaption id=\"caption-attachment-6368\" class=\"wp-caption-text\"><strong>Goi\u00e1s enfrenta crises <br \/><\/strong><\/figcaption><\/figure>\n<p>\u00c9 novo e com experi\u00eancia administrativa, insiste. Os servidores p\u00fablicos do Estado est\u00e3o decepcionados, reclama. O agroneg\u00f3cio, a ind\u00fastria e a \u00e1rea de servi\u00e7os n\u00e3o param de formular cr\u00edticas a Ronaldo Caiado, governador do Estado de Goi\u00e1s exp\u00f5e o l\u00edder tucano.<\/p>\n<h1><strong>O retorno<\/strong><\/h1>\n<p>Com aus\u00eancia de planejamento estrat\u00e9gico e gest\u00e3o, sem obras de infraestrutura e programas modernos, desabafa <strong>Gustavo Sebba<\/strong>. Ex-diretora da Agecom, <strong>Abadia Lima<\/strong> defende o retorno de Marconi Perillo e v\u00ea o seu crescimento expressivo nas 246 cidades.<\/p>\n<figure id=\"attachment_9181\" aria-describedby=\"caption-attachment-9181\" style=\"width: 401px\" class=\"wp-caption aligncenter\"><img loading=\"lazy\" decoding=\"async\" class=\"size-full wp-image-9181\" src=\"https:\/\/renatodias.online\/movimento\/wp-content\/uploads\/2021\/10\/Abadia-Lima.jpg\" alt=\"\" width=\"401\" height=\"400\" srcset=\"https:\/\/renatodias.online\/movimento\/wp-content\/uploads\/2021\/10\/Abadia-Lima.jpg 401w, https:\/\/renatodias.online\/movimento\/wp-content\/uploads\/2021\/10\/Abadia-Lima-300x300.jpg 300w, https:\/\/renatodias.online\/movimento\/wp-content\/uploads\/2021\/10\/Abadia-Lima-150x150.jpg 150w\" sizes=\"auto, (max-width: 401px) 100vw, 401px\" \/><figcaption id=\"caption-attachment-9181\" class=\"wp-caption-text\"><strong>Abadia Lima<\/strong><\/figcaption><\/figure>\n<p><strong>\u00a0<\/strong><\/p>\n<p><strong>\u00a0<\/strong><\/p>\n<p><strong>\u00a0<\/strong><\/p>\n<figure id=\"attachment_8967\" aria-describedby=\"caption-attachment-8967\" style=\"width: 1024px\" class=\"wp-caption alignnone\"><img loading=\"lazy\" decoding=\"async\" class=\"size-full wp-image-8967\" src=\"https:\/\/renatodias.online\/movimento\/wp-content\/uploads\/2021\/09\/Explosivo-1.jpg\" alt=\"\" width=\"1024\" height=\"536\" \/><figcaption id=\"caption-attachment-8967\" class=\"wp-caption-text\"><strong>Vire \u00e0 esquerda: a revolu\u00e7\u00e3o na hist\u00f3ria<\/strong><\/figcaption><\/figure>\n<h1 style=\"text-align: center;\"><span style=\"color: #ff0000;\"><strong>Extrema-esquerda<\/strong><\/span><\/h1>\n<figure id=\"attachment_10056\" aria-describedby=\"caption-attachment-10056\" style=\"width: 1086px\" class=\"wp-caption alignnone\"><img loading=\"lazy\" decoding=\"async\" class=\"size-full wp-image-10056\" src=\"https:\/\/renatodias.online\/movimento\/wp-content\/uploads\/2021\/12\/Extrema-esquerda.jpg\" alt=\"\" width=\"1086\" height=\"652\" srcset=\"https:\/\/renatodias.online\/movimento\/wp-content\/uploads\/2021\/12\/Extrema-esquerda.jpg 1086w, https:\/\/renatodias.online\/movimento\/wp-content\/uploads\/2021\/12\/Extrema-esquerda-300x180.jpg 300w, https:\/\/renatodias.online\/movimento\/wp-content\/uploads\/2021\/12\/Extrema-esquerda-768x461.jpg 768w, https:\/\/renatodias.online\/movimento\/wp-content\/uploads\/2021\/12\/Extrema-esquerda-750x450.jpg 750w\" sizes=\"auto, (max-width: 1086px) 100vw, 1086px\" \/><figcaption id=\"caption-attachment-10056\" class=\"wp-caption-text\"><strong>\u00c0s ruas<\/strong><\/figcaption><\/figure>\n<h1 style=\"text-align: center;\"><span style=\"color: #ff0000;\"><strong>PSTU faz polo revolucion\u00e1rio.<\/strong><\/span><\/h1>\n<h1 style=\"text-align: center;\"><span style=\"color: #ff0000;\"><strong>PCB e UP querem alternativas<\/strong><\/span><\/h1>\n<p><strong>Renato Dias<\/strong><\/p>\n<p>Nada de Luiz In\u00e1cio Lula da Silva ou de uma Federa\u00e7\u00e3o de Centro-Esquerda. Para as urnas de outubro de 2022. O Partido Socialista dos Trabalhadores Unificado [PSTU], com 27 anos de Hist\u00f3ria, quer construir um <span style=\"color: #ff0000;\"><strong>polo revolucion\u00e1rio<\/strong><\/span>. Extra- parlamentar. Sem ilus\u00f5es em institui\u00e7\u00f5es do Estado burgu\u00eas no Brasil.<\/p>\n<figure id=\"attachment_7064\" aria-describedby=\"caption-attachment-7064\" style=\"width: 810px\" class=\"wp-caption alignnone\"><img loading=\"lazy\" decoding=\"async\" class=\"size-full wp-image-7064\" src=\"https:\/\/renatodias.online\/movimento\/wp-content\/uploads\/2021\/06\/PSTU-Link.jpg\" alt=\"\" width=\"810\" height=\"1080\" srcset=\"https:\/\/renatodias.online\/movimento\/wp-content\/uploads\/2021\/06\/PSTU-Link.jpg 810w, https:\/\/renatodias.online\/movimento\/wp-content\/uploads\/2021\/06\/PSTU-Link-225x300.jpg 225w, https:\/\/renatodias.online\/movimento\/wp-content\/uploads\/2021\/06\/PSTU-Link-768x1024.jpg 768w, https:\/\/renatodias.online\/movimento\/wp-content\/uploads\/2021\/06\/PSTU-Link-750x1000.jpg 750w\" sizes=\"auto, (max-width: 810px) 100vw, 810px\" \/><figcaption id=\"caption-attachment-7064\" class=\"wp-caption-text\"><strong>Rubens Donizetti<\/strong><\/figcaption><\/figure>\n<p>Um manifesto circula, hoje, nas redes sociais. Mais amplo que a sigla, que \u00e9 vinculada \u00e0 Liga Internacional dos Trabalhadores. A central mundial da revolu\u00e7\u00e3o socialista. Adepta das ideias de Leon Trotski e Nahuel Moreno. O principal nome, em Goi\u00e1s, \u00e9 do advogado <strong>Rubens Donizetti<\/strong>. De extrema-esquerda.<\/p>\n<figure id=\"attachment_9659\" aria-describedby=\"caption-attachment-9659\" style=\"width: 1600px\" class=\"wp-caption alignnone\"><img loading=\"lazy\" decoding=\"async\" class=\"size-full wp-image-9659\" src=\"https:\/\/renatodias.online\/movimento\/wp-content\/uploads\/2021\/11\/PCB.jpg\" alt=\"\" width=\"1600\" height=\"1200\" \/><figcaption id=\"caption-attachment-9659\" class=\"wp-caption-text\"><strong>Bandeira do PCB<\/strong><\/figcaption><\/figure>\n<h1><span style=\"color: #ff0000;\"><strong>UP e PCB em 2022<\/strong><\/span><\/h1>\n<p>Rec\u00e9m-fundada, a Unidade Popular, UP, que abriga o Partido Comunista Revolucion\u00e1rio, o PCR, pode lan\u00e7ar <strong>L\u00e9o Pericles<\/strong> \u00e0 presid\u00eancia da Rep\u00fablica e um nome ao Governo do Estado de Goi\u00e1s. <strong>Altenir Santos<\/strong> \u00e9 o dirigente da UP no Estado. O PCB n\u00e3o definiu a t\u00e1tica e a estrat\u00e9gia para o ano de 2022 em Goi\u00e1s.<\/p>\n<figure id=\"attachment_8532\" aria-describedby=\"caption-attachment-8532\" style=\"width: 900px\" class=\"wp-caption alignnone\"><img loading=\"lazy\" decoding=\"async\" class=\"size-full wp-image-8532\" src=\"https:\/\/renatodias.online\/movimento\/wp-content\/uploads\/2021\/08\/Leonardo-Pericles-2.jpg\" alt=\"\" width=\"900\" height=\"600\" srcset=\"https:\/\/renatodias.online\/movimento\/wp-content\/uploads\/2021\/08\/Leonardo-Pericles-2.jpg 900w, https:\/\/renatodias.online\/movimento\/wp-content\/uploads\/2021\/08\/Leonardo-Pericles-2-300x200.jpg 300w, https:\/\/renatodias.online\/movimento\/wp-content\/uploads\/2021\/08\/Leonardo-Pericles-2-768x512.jpg 768w, https:\/\/renatodias.online\/movimento\/wp-content\/uploads\/2021\/08\/Leonardo-Pericles-2-360x240.jpg 360w, https:\/\/renatodias.online\/movimento\/wp-content\/uploads\/2021\/08\/Leonardo-Pericles-2-750x500.jpg 750w\" sizes=\"auto, (max-width: 900px) 100vw, 900px\" \/><figcaption id=\"caption-attachment-8532\" class=\"wp-caption-text\"><strong>Leonardo P\u00e9ricles, Unidade Popular<\/strong><\/figcaption><\/figure>\n<p>&nbsp;<\/p>\n","protected":false},"excerpt":{"rendered":"<p>Elei\u00e7\u00e3o \u00e0 Casa Verde pega fogo Caiado disputa reelei\u00e7\u00e3o, Gustavo Mendanha no p\u00e1reo, Marconi Perillo quer voltar, Wolmir Amado \u00e9 o palanque de Lula, em Goi\u00e1s Com cheiro j\u00e1 de 2\u00b0 turno e de alian\u00e7as \u00a02022 j\u00e1 chegou Renato Dias Professor de Direito Constitucional, Vilmar Rocha [PSD] afirma ao Portal de Not\u00edcias www.renatodias.online que a<\/p>\n","protected":false},"author":2,"featured_media":5232,"comment_status":"open","ping_status":"open","sticky":false,"template":"","format":"standard","meta":{"_acf_changed":false,"_monsterinsights_skip_tracking":false,"_monsterinsights_sitenote_active":false,"_monsterinsights_sitenote_note":"","_monsterinsights_sitenote_category":0,"footnotes":""},"categories":[4],"tags":[],"class_list":["post-10055","post","type-post","status-publish","format-standard","has-post-thumbnail","hentry","category-politica"],"acf":[],"yoast_head":"<!-- This site is optimized with the Yoast SEO plugin v27.4 - https:\/\/yoast.com\/product\/yoast-seo-wordpress\/ -->\n<title>Elei\u00e7\u00e3o \u00e0 Casa Verde pega fogo -<\/title>\n<meta name=\"robots\" content=\"index, follow, max-snippet:-1, max-image-preview:large, max-video-preview:-1\" \/>\n<link rel=\"canonical\" href=\"https:\/\/renatodias.online\/movimento\/2021\/12\/06\/eleicao-a-casa-verde-pega-fogo\/\" \/>\n<meta property=\"og:locale\" content=\"pt_BR\" \/>\n<meta property=\"og:type\" content=\"article\" \/>\n<meta property=\"og:title\" content=\"Elei\u00e7\u00e3o \u00e0 Casa Verde pega fogo -\" \/>\n<meta property=\"og:description\" content=\"Elei\u00e7\u00e3o \u00e0 Casa Verde pega fogo Caiado disputa reelei\u00e7\u00e3o, Gustavo Mendanha no p\u00e1reo, Marconi Perillo quer voltar, Wolmir Amado \u00e9 o palanque de Lula, em Goi\u00e1s Com cheiro j\u00e1 de 2\u00b0 turno e de alian\u00e7as \u00a02022 j\u00e1 chegou Renato Dias Professor de Direito Constitucional, Vilmar Rocha [PSD] afirma ao Portal de Not\u00edcias www.renatodias.online que a\" \/>\n<meta property=\"og:url\" content=\"https:\/\/renatodias.online\/movimento\/2021\/12\/06\/eleicao-a-casa-verde-pega-fogo\/\" \/>\n<meta property=\"article:publisher\" content=\"https:\/\/www.facebook.com\/renato.dias.37\" \/>\n<meta property=\"article:author\" content=\"https:\/\/www.facebook.com\/renato.dias.37\" \/>\n<meta property=\"article:published_time\" content=\"2021-12-06T13:53:05+00:00\" \/>\n<meta property=\"og:image\" content=\"https:\/\/renatodias.online\/movimento\/wp-content\/uploads\/2021\/02\/palaciodasesmeraldas-e1638798759941.jpeg\" \/>\n\t<meta property=\"og:image:width\" content=\"400\" \/>\n\t<meta property=\"og:image:height\" content=\"261\" \/>\n\t<meta property=\"og:image:type\" content=\"image\/jpeg\" \/>\n<meta name=\"author\" content=\"Renato Dias\" \/>\n<meta name=\"twitter:card\" content=\"summary_large_image\" \/>\n<meta name=\"twitter:creator\" content=\"@RenatoDiasBat\" \/>\n<meta name=\"twitter:site\" content=\"@RenatoDiasBat\" \/>\n<meta name=\"twitter:label1\" content=\"Escrito por\" \/>\n\t<meta name=\"twitter:data1\" content=\"Renato Dias\" \/>\n\t<meta name=\"twitter:label2\" content=\"Est. tempo de leitura\" \/>\n\t<meta name=\"twitter:data2\" content=\"5 minutos\" \/>\n<script type=\"application\/ld+json\" class=\"yoast-schema-graph\">{\"@context\":\"https:\\\/\\\/schema.org\",\"@graph\":[{\"@type\":\"Article\",\"@id\":\"https:\\\/\\\/renatodias.online\\\/movimento\\\/2021\\\/12\\\/06\\\/eleicao-a-casa-verde-pega-fogo\\\/#article\",\"isPartOf\":{\"@id\":\"https:\\\/\\\/renatodias.online\\\/movimento\\\/2021\\\/12\\\/06\\\/eleicao-a-casa-verde-pega-fogo\\\/\"},\"author\":{\"name\":\"Renato Dias\",\"@id\":\"https:\\\/\\\/renatodias.online\\\/movimento\\\/#\\\/schema\\\/person\\\/bbab28833b1725a20f4083f49f1fb2a9\"},\"headline\":\"Elei\u00e7\u00e3o \u00e0 Casa Verde pega fogo\",\"datePublished\":\"2021-12-06T13:53:05+00:00\",\"mainEntityOfPage\":{\"@id\":\"https:\\\/\\\/renatodias.online\\\/movimento\\\/2021\\\/12\\\/06\\\/eleicao-a-casa-verde-pega-fogo\\\/\"},\"wordCount\":1012,\"commentCount\":0,\"publisher\":{\"@id\":\"https:\\\/\\\/renatodias.online\\\/movimento\\\/#\\\/schema\\\/person\\\/bbab28833b1725a20f4083f49f1fb2a9\"},\"image\":{\"@id\":\"https:\\\/\\\/renatodias.online\\\/movimento\\\/2021\\\/12\\\/06\\\/eleicao-a-casa-verde-pega-fogo\\\/#primaryimage\"},\"thumbnailUrl\":\"https:\\\/\\\/renatodias.online\\\/movimento\\\/wp-content\\\/uploads\\\/2021\\\/02\\\/palaciodasesmeraldas-e1638798759941.jpeg\",\"articleSection\":[\"Pol\u00edtica\"],\"inLanguage\":\"pt-BR\",\"potentialAction\":[{\"@type\":\"CommentAction\",\"name\":\"Comment\",\"target\":[\"https:\\\/\\\/renatodias.online\\\/movimento\\\/2021\\\/12\\\/06\\\/eleicao-a-casa-verde-pega-fogo\\\/#respond\"]}]},{\"@type\":\"WebPage\",\"@id\":\"https:\\\/\\\/renatodias.online\\\/movimento\\\/2021\\\/12\\\/06\\\/eleicao-a-casa-verde-pega-fogo\\\/\",\"url\":\"https:\\\/\\\/renatodias.online\\\/movimento\\\/2021\\\/12\\\/06\\\/eleicao-a-casa-verde-pega-fogo\\\/\",\"name\":\"Elei\u00e7\u00e3o \u00e0 Casa Verde pega fogo -\",\"isPartOf\":{\"@id\":\"https:\\\/\\\/renatodias.online\\\/movimento\\\/#website\"},\"primaryImageOfPage\":{\"@id\":\"https:\\\/\\\/renatodias.online\\\/movimento\\\/2021\\\/12\\\/06\\\/eleicao-a-casa-verde-pega-fogo\\\/#primaryimage\"},\"image\":{\"@id\":\"https:\\\/\\\/renatodias.online\\\/movimento\\\/2021\\\/12\\\/06\\\/eleicao-a-casa-verde-pega-fogo\\\/#primaryimage\"},\"thumbnailUrl\":\"https:\\\/\\\/renatodias.online\\\/movimento\\\/wp-content\\\/uploads\\\/2021\\\/02\\\/palaciodasesmeraldas-e1638798759941.jpeg\",\"datePublished\":\"2021-12-06T13:53:05+00:00\",\"breadcrumb\":{\"@id\":\"https:\\\/\\\/renatodias.online\\\/movimento\\\/2021\\\/12\\\/06\\\/eleicao-a-casa-verde-pega-fogo\\\/#breadcrumb\"},\"inLanguage\":\"pt-BR\",\"potentialAction\":[{\"@type\":\"ReadAction\",\"target\":[\"https:\\\/\\\/renatodias.online\\\/movimento\\\/2021\\\/12\\\/06\\\/eleicao-a-casa-verde-pega-fogo\\\/\"]}]},{\"@type\":\"ImageObject\",\"inLanguage\":\"pt-BR\",\"@id\":\"https:\\\/\\\/renatodias.online\\\/movimento\\\/2021\\\/12\\\/06\\\/eleicao-a-casa-verde-pega-fogo\\\/#primaryimage\",\"url\":\"https:\\\/\\\/renatodias.online\\\/movimento\\\/wp-content\\\/uploads\\\/2021\\\/02\\\/palaciodasesmeraldas-e1638798759941.jpeg\",\"contentUrl\":\"https:\\\/\\\/renatodias.online\\\/movimento\\\/wp-content\\\/uploads\\\/2021\\\/02\\\/palaciodasesmeraldas-e1638798759941.jpeg\",\"width\":400,\"height\":261,\"caption\":\"A Casa Verde, sede do Poder Executivo, em Goi\u00e1s\"},{\"@type\":\"BreadcrumbList\",\"@id\":\"https:\\\/\\\/renatodias.online\\\/movimento\\\/2021\\\/12\\\/06\\\/eleicao-a-casa-verde-pega-fogo\\\/#breadcrumb\",\"itemListElement\":[{\"@type\":\"ListItem\",\"position\":1,\"name\":\"In\u00edcio\",\"item\":\"https:\\\/\\\/renatodias.online\\\/movimento\\\/\"},{\"@type\":\"ListItem\",\"position\":2,\"name\":\"Elei\u00e7\u00e3o \u00e0 Casa Verde pega fogo\"}]},{\"@type\":\"WebSite\",\"@id\":\"https:\\\/\\\/renatodias.online\\\/movimento\\\/#website\",\"url\":\"https:\\\/\\\/renatodias.online\\\/movimento\\\/\",\"name\":\"\",\"description\":\"\",\"publisher\":{\"@id\":\"https:\\\/\\\/renatodias.online\\\/movimento\\\/#\\\/schema\\\/person\\\/bbab28833b1725a20f4083f49f1fb2a9\"},\"potentialAction\":[{\"@type\":\"SearchAction\",\"target\":{\"@type\":\"EntryPoint\",\"urlTemplate\":\"https:\\\/\\\/renatodias.online\\\/movimento\\\/?s={search_term_string}\"},\"query-input\":{\"@type\":\"PropertyValueSpecification\",\"valueRequired\":true,\"valueName\":\"search_term_string\"}}],\"inLanguage\":\"pt-BR\"},{\"@type\":[\"Person\",\"Organization\"],\"@id\":\"https:\\\/\\\/renatodias.online\\\/movimento\\\/#\\\/schema\\\/person\\\/bbab28833b1725a20f4083f49f1fb2a9\",\"name\":\"Renato Dias\",\"image\":{\"@type\":\"ImageObject\",\"inLanguage\":\"pt-BR\",\"@id\":\"https:\\\/\\\/renatodias.online\\\/movimento\\\/wp-content\\\/uploads\\\/2023\\\/03\\\/cropped-cropped-cropped-logofinal.jpeg\",\"url\":\"https:\\\/\\\/renatodias.online\\\/movimento\\\/wp-content\\\/uploads\\\/2023\\\/03\\\/cropped-cropped-cropped-logofinal.jpeg\",\"contentUrl\":\"https:\\\/\\\/renatodias.online\\\/movimento\\\/wp-content\\\/uploads\\\/2023\\\/03\\\/cropped-cropped-cropped-logofinal.jpeg\",\"width\":1280,\"height\":219,\"caption\":\"Renato Dias\"},\"logo\":{\"@id\":\"https:\\\/\\\/renatodias.online\\\/movimento\\\/wp-content\\\/uploads\\\/2023\\\/03\\\/cropped-cropped-cropped-logofinal.jpeg\"},\"description\":\"Renato Dias, 58 anos, \u00e9 graduado em Jornalismo, formado em Ci\u00eancias Sociais, com p\u00f3s-gradua\u00e7\u00e3o em Pol\u00edticas P\u00fablicas, mestre em Direito e Rela\u00e7\u00f5es Internacionais, ex-aluno extraordin\u00e1rio do Doutorado em Psicologia Social, ex-estudante do Curso de Psican\u00e1lise do Centro de Estudos Psicanal\u00edticos do Estado de Goi\u00e1s, ministrado pelo m\u00e9dico psiquiatra e psicanalista Daniel Em\u00eddio de Souza. \u00c9 autor de 30 livros-reportagem, oito document\u00e1rios, ganhou 30 pr\u00eamios e \u00e9 torcedor apaixonado do maior do Centro-Oeste, o Vila Nova Futebol Clube. Casado com Meirilane Dias, \u00e9 pai de Juliana Dias, jornalista; Daniel Dias, economista; e Maria Rosa Dias, estudante antifascista, socialista e trotskista.\u00a0Com tr\u00eas pets: Porquinho [Bull Dog Franc\u00eas], Dalila [Basset Hound] e Geleia [Basset Hound]. Al\u00e9m do eterno gato Tutuquinho, que virou estrela.\",\"sameAs\":[\"https:\\\/\\\/www.facebook.com\\\/renato.dias.37\",\"#breve\",\"https:\\\/\\\/renatodias.tumblr.com\\\/\"],\"url\":\"https:\\\/\\\/renatodias.online\\\/movimento\\\/author\\\/renatodias\\\/\"}]}<\/script>\n<!-- \/ Yoast SEO plugin. -->","yoast_head_json":{"title":"Elei\u00e7\u00e3o \u00e0 Casa Verde pega fogo -","robots":{"index":"index","follow":"follow","max-snippet":"max-snippet:-1","max-image-preview":"max-image-preview:large","max-video-preview":"max-video-preview:-1"},"canonical":"https:\/\/renatodias.online\/movimento\/2021\/12\/06\/eleicao-a-casa-verde-pega-fogo\/","og_locale":"pt_BR","og_type":"article","og_title":"Elei\u00e7\u00e3o \u00e0 Casa Verde pega fogo -","og_description":"Elei\u00e7\u00e3o \u00e0 Casa Verde pega fogo Caiado disputa reelei\u00e7\u00e3o, Gustavo Mendanha no p\u00e1reo, Marconi Perillo quer voltar, Wolmir Amado \u00e9 o palanque de Lula, em Goi\u00e1s Com cheiro j\u00e1 de 2\u00b0 turno e de alian\u00e7as \u00a02022 j\u00e1 chegou Renato Dias Professor de Direito Constitucional, Vilmar Rocha [PSD] afirma ao Portal de Not\u00edcias www.renatodias.online que a","og_url":"https:\/\/renatodias.online\/movimento\/2021\/12\/06\/eleicao-a-casa-verde-pega-fogo\/","article_publisher":"https:\/\/www.facebook.com\/renato.dias.37","article_author":"https:\/\/www.facebook.com\/renato.dias.37","article_published_time":"2021-12-06T13:53:05+00:00","og_image":[{"width":400,"height":261,"url":"https:\/\/renatodias.online\/movimento\/wp-content\/uploads\/2021\/02\/palaciodasesmeraldas-e1638798759941.jpeg","type":"image\/jpeg"}],"author":"Renato Dias","twitter_card":"summary_large_image","twitter_creator":"@RenatoDiasBat","twitter_site":"@RenatoDiasBat","twitter_misc":{"Escrito por":"Renato Dias","Est. tempo de leitura":"5 minutos"},"schema":{"@context":"https:\/\/schema.org","@graph":[{"@type":"Article","@id":"https:\/\/renatodias.online\/movimento\/2021\/12\/06\/eleicao-a-casa-verde-pega-fogo\/#article","isPartOf":{"@id":"https:\/\/renatodias.online\/movimento\/2021\/12\/06\/eleicao-a-casa-verde-pega-fogo\/"},"author":{"name":"Renato Dias","@id":"https:\/\/renatodias.online\/movimento\/#\/schema\/person\/bbab28833b1725a20f4083f49f1fb2a9"},"headline":"Elei\u00e7\u00e3o \u00e0 Casa Verde pega fogo","datePublished":"2021-12-06T13:53:05+00:00","mainEntityOfPage":{"@id":"https:\/\/renatodias.online\/movimento\/2021\/12\/06\/eleicao-a-casa-verde-pega-fogo\/"},"wordCount":1012,"commentCount":0,"publisher":{"@id":"https:\/\/renatodias.online\/movimento\/#\/schema\/person\/bbab28833b1725a20f4083f49f1fb2a9"},"image":{"@id":"https:\/\/renatodias.online\/movimento\/2021\/12\/06\/eleicao-a-casa-verde-pega-fogo\/#primaryimage"},"thumbnailUrl":"https:\/\/renatodias.online\/movimento\/wp-content\/uploads\/2021\/02\/palaciodasesmeraldas-e1638798759941.jpeg","articleSection":["Pol\u00edtica"],"inLanguage":"pt-BR","potentialAction":[{"@type":"CommentAction","name":"Comment","target":["https:\/\/renatodias.online\/movimento\/2021\/12\/06\/eleicao-a-casa-verde-pega-fogo\/#respond"]}]},{"@type":"WebPage","@id":"https:\/\/renatodias.online\/movimento\/2021\/12\/06\/eleicao-a-casa-verde-pega-fogo\/","url":"https:\/\/renatodias.online\/movimento\/2021\/12\/06\/eleicao-a-casa-verde-pega-fogo\/","name":"Elei\u00e7\u00e3o \u00e0 Casa Verde pega fogo -","isPartOf":{"@id":"https:\/\/renatodias.online\/movimento\/#website"},"primaryImageOfPage":{"@id":"https:\/\/renatodias.online\/movimento\/2021\/12\/06\/eleicao-a-casa-verde-pega-fogo\/#primaryimage"},"image":{"@id":"https:\/\/renatodias.online\/movimento\/2021\/12\/06\/eleicao-a-casa-verde-pega-fogo\/#primaryimage"},"thumbnailUrl":"https:\/\/renatodias.online\/movimento\/wp-content\/uploads\/2021\/02\/palaciodasesmeraldas-e1638798759941.jpeg","datePublished":"2021-12-06T13:53:05+00:00","breadcrumb":{"@id":"https:\/\/renatodias.online\/movimento\/2021\/12\/06\/eleicao-a-casa-verde-pega-fogo\/#breadcrumb"},"inLanguage":"pt-BR","potentialAction":[{"@type":"ReadAction","target":["https:\/\/renatodias.online\/movimento\/2021\/12\/06\/eleicao-a-casa-verde-pega-fogo\/"]}]},{"@type":"ImageObject","inLanguage":"pt-BR","@id":"https:\/\/renatodias.online\/movimento\/2021\/12\/06\/eleicao-a-casa-verde-pega-fogo\/#primaryimage","url":"https:\/\/renatodias.online\/movimento\/wp-content\/uploads\/2021\/02\/palaciodasesmeraldas-e1638798759941.jpeg","contentUrl":"https:\/\/renatodias.online\/movimento\/wp-content\/uploads\/2021\/02\/palaciodasesmeraldas-e1638798759941.jpeg","width":400,"height":261,"caption":"A Casa Verde, sede do Poder Executivo, em Goi\u00e1s"},{"@type":"BreadcrumbList","@id":"https:\/\/renatodias.online\/movimento\/2021\/12\/06\/eleicao-a-casa-verde-pega-fogo\/#breadcrumb","itemListElement":[{"@type":"ListItem","position":1,"name":"In\u00edcio","item":"https:\/\/renatodias.online\/movimento\/"},{"@type":"ListItem","position":2,"name":"Elei\u00e7\u00e3o \u00e0 Casa Verde pega fogo"}]},{"@type":"WebSite","@id":"https:\/\/renatodias.online\/movimento\/#website","url":"https:\/\/renatodias.online\/movimento\/","name":"","description":"","publisher":{"@id":"https:\/\/renatodias.online\/movimento\/#\/schema\/person\/bbab28833b1725a20f4083f49f1fb2a9"},"potentialAction":[{"@type":"SearchAction","target":{"@type":"EntryPoint","urlTemplate":"https:\/\/renatodias.online\/movimento\/?s={search_term_string}"},"query-input":{"@type":"PropertyValueSpecification","valueRequired":true,"valueName":"search_term_string"}}],"inLanguage":"pt-BR"},{"@type":["Person","Organization"],"@id":"https:\/\/renatodias.online\/movimento\/#\/schema\/person\/bbab28833b1725a20f4083f49f1fb2a9","name":"Renato Dias","image":{"@type":"ImageObject","inLanguage":"pt-BR","@id":"https:\/\/renatodias.online\/movimento\/wp-content\/uploads\/2023\/03\/cropped-cropped-cropped-logofinal.jpeg","url":"https:\/\/renatodias.online\/movimento\/wp-content\/uploads\/2023\/03\/cropped-cropped-cropped-logofinal.jpeg","contentUrl":"https:\/\/renatodias.online\/movimento\/wp-content\/uploads\/2023\/03\/cropped-cropped-cropped-logofinal.jpeg","width":1280,"height":219,"caption":"Renato Dias"},"logo":{"@id":"https:\/\/renatodias.online\/movimento\/wp-content\/uploads\/2023\/03\/cropped-cropped-cropped-logofinal.jpeg"},"description":"Renato Dias, 58 anos, \u00e9 graduado em Jornalismo, formado em Ci\u00eancias Sociais, com p\u00f3s-gradua\u00e7\u00e3o em Pol\u00edticas P\u00fablicas, mestre em Direito e Rela\u00e7\u00f5es Internacionais, ex-aluno extraordin\u00e1rio do Doutorado em Psicologia Social, ex-estudante do Curso de Psican\u00e1lise do Centro de Estudos Psicanal\u00edticos do Estado de Goi\u00e1s, ministrado pelo m\u00e9dico psiquiatra e psicanalista Daniel Em\u00eddio de Souza. \u00c9 autor de 30 livros-reportagem, oito document\u00e1rios, ganhou 30 pr\u00eamios e \u00e9 torcedor apaixonado do maior do Centro-Oeste, o Vila Nova Futebol Clube. Casado com Meirilane Dias, \u00e9 pai de Juliana Dias, jornalista; Daniel Dias, economista; e Maria Rosa Dias, estudante antifascista, socialista e trotskista.\u00a0Com tr\u00eas pets: Porquinho [Bull Dog Franc\u00eas], Dalila [Basset Hound] e Geleia [Basset Hound]. Al\u00e9m do eterno gato Tutuquinho, que virou estrela.","sameAs":["https:\/\/www.facebook.com\/renato.dias.37","#breve","https:\/\/renatodias.tumblr.com\/"],"url":"https:\/\/renatodias.online\/movimento\/author\/renatodias\/"}]}},"_links":{"self":[{"href":"https:\/\/renatodias.online\/movimento\/wp-json\/wp\/v2\/posts\/10055","targetHints":{"allow":["GET"]}}],"collection":[{"href":"https:\/\/renatodias.online\/movimento\/wp-json\/wp\/v2\/posts"}],"about":[{"href":"https:\/\/renatodias.online\/movimento\/wp-json\/wp\/v2\/types\/post"}],"author":[{"embeddable":true,"href":"https:\/\/renatodias.online\/movimento\/wp-json\/wp\/v2\/users\/2"}],"replies":[{"embeddable":true,"href":"https:\/\/renatodias.online\/movimento\/wp-json\/wp\/v2\/comments?post=10055"}],"version-history":[{"count":1,"href":"https:\/\/renatodias.online\/movimento\/wp-json\/wp\/v2\/posts\/10055\/revisions"}],"predecessor-version":[{"id":10060,"href":"https:\/\/renatodias.online\/movimento\/wp-json\/wp\/v2\/posts\/10055\/revisions\/10060"}],"wp:featuredmedia":[{"embeddable":true,"href":"https:\/\/renatodias.online\/movimento\/wp-json\/wp\/v2\/media\/5232"}],"wp:attachment":[{"href":"https:\/\/renatodias.online\/movimento\/wp-json\/wp\/v2\/media?parent=10055"}],"wp:term":[{"taxonomy":"category","embeddable":true,"href":"https:\/\/renatodias.online\/movimento\/wp-json\/wp\/v2\/categories?post=10055"},{"taxonomy":"post_tag","embeddable":true,"href":"https:\/\/renatodias.online\/movimento\/wp-json\/wp\/v2\/tags?post=10055"}],"curies":[{"name":"wp","href":"https:\/\/api.w.org\/{rel}","templated":true}]}}